{"id":950,"date":"2015-09-17T15:06:37","date_gmt":"2015-09-17T15:06:37","guid":{"rendered":"http:\/\/kulturpedagogik.se\/?p=950"},"modified":"2015-09-17T15:16:29","modified_gmt":"2015-09-17T15:16:29","slug":"vaxter-med-sang-och-bild","status":"publish","type":"post","link":"https:\/\/kulturpedagogik.se\/?p=950","title":{"rendered":"V\u00e4xter med s\u00e5ng och bild"},"content":{"rendered":"<p style=\"text-align: justify;\"><a href=\"http:\/\/kulturpedagogik.se\/?attachment_id=943#main\" rel=\"attachment wp-att-943\"><img data-recalc-dims=\"1\" loading=\"lazy\" decoding=\"async\" class=\"alignleft size-medium wp-image-943\" src=\"https:\/\/i0.wp.com\/media1.kulturpedagogik.se\/2015\/09\/image.jpg?resize=225%2C300\" alt=\"image\" width=\"225\" height=\"300\" srcset=\"https:\/\/i0.wp.com\/media1.kulturpedagogik.se\/2015\/09\/image.jpg?resize=225%2C300&amp;ssl=1 225w, https:\/\/i0.wp.com\/media1.kulturpedagogik.se\/2015\/09\/image.jpg?resize=112%2C150&amp;ssl=1 112w, https:\/\/i0.wp.com\/media1.kulturpedagogik.se\/2015\/09\/image.jpg?resize=768%2C1024&amp;ssl=1 768w, https:\/\/i0.wp.com\/media1.kulturpedagogik.se\/2015\/09\/image.jpg?resize=700%2C933&amp;ssl=1 700w, https:\/\/i0.wp.com\/media1.kulturpedagogik.se\/2015\/09\/image.jpg?resize=800%2C1067&amp;ssl=1 800w, https:\/\/i0.wp.com\/media1.kulturpedagogik.se\/2015\/09\/image.jpg?w=1720 1720w\" sizes=\"auto, (max-width: 225px) 100vw, 225px\" \/><\/a>Jag har bytt arbetsplats och jobbar numera p\u00e5\u00a0Svandammsskolan i Nyn\u00e4shamn. I min nya tj\u00e4nst f\u00e5r jag tillf\u00e4lle att komma in i och h\u00e4lsa p\u00e5 hos olika pedagoger. Det \u00e4r verkligen mycket roligt och inspirerande. P\u00e5 Svandammsskolan finns det m\u00e5nga duktiga pedagoger och en som verkligen jobbar med kulturpedagogiska f\u00f6rtecken \u00e4r Kristina Skafvenstedt. Hennes lektioner \u00e4r fulla av musik som hon skriver sj\u00e4lv. Hon har ett spr\u00e5kutvecklande arbetss\u00e4tt och talar mycket om vad olika ord betyder. Barnen f\u00e5r ocks\u00e5 anv\u00e4nda rikliga m\u00e4ngder estetiska arbetss\u00e4tt f\u00f6r att l\u00e4ra.<\/p>\n<p style=\"text-align: justify;\">S\u00e5 h\u00e4r p\u00e5 h\u00f6stkanten tog hon in h\u00f6stblommor i klassrummet i sin \u00e5rskurs ett. Barnen sj\u00f6ng om blommorna, ritade av dem och fick ocks\u00e5 skriva deras namn p\u00e5 teckningarna. Gissa om de sedan kunde arterna d\u00e5 de gick ut p\u00e5 promenad?<\/p>\n<p style=\"text-align: justify;\"><a href=\"http:\/\/kulturpedagogik.se\/?attachment_id=945#main\" rel=\"attachment wp-att-945\"><img data-recalc-dims=\"1\" loading=\"lazy\" decoding=\"async\" class=\"alignleft size-medium wp-image-945\" src=\"https:\/\/i0.wp.com\/media1.kulturpedagogik.se\/2015\/09\/image2.jpg?resize=225%2C300\" alt=\"image\" width=\"225\" height=\"300\" srcset=\"https:\/\/i0.wp.com\/media1.kulturpedagogik.se\/2015\/09\/image2.jpg?resize=225%2C300&amp;ssl=1 225w, https:\/\/i0.wp.com\/media1.kulturpedagogik.se\/2015\/09\/image2.jpg?resize=112%2C150&amp;ssl=1 112w, https:\/\/i0.wp.com\/media1.kulturpedagogik.se\/2015\/09\/image2.jpg?resize=768%2C1024&amp;ssl=1 768w, https:\/\/i0.wp.com\/media1.kulturpedagogik.se\/2015\/09\/image2.jpg?resize=700%2C933&amp;ssl=1 700w, https:\/\/i0.wp.com\/media1.kulturpedagogik.se\/2015\/09\/image2.jpg?resize=800%2C1067&amp;ssl=1 800w, https:\/\/i0.wp.com\/media1.kulturpedagogik.se\/2015\/09\/image2.jpg?w=1720 1720w\" sizes=\"auto, (max-width: 225px) 100vw, 225px\" \/><\/a><a href=\"http:\/\/kulturpedagogik.se\/?attachment_id=944#main\" rel=\"attachment wp-att-944\"><img data-recalc-dims=\"1\" loading=\"lazy\" decoding=\"async\" class=\"alignleft size-medium wp-image-944\" src=\"https:\/\/i0.wp.com\/media1.kulturpedagogik.se\/2015\/09\/image1.jpg?resize=225%2C300\" alt=\"image\" width=\"225\" height=\"300\" srcset=\"https:\/\/i0.wp.com\/media1.kulturpedagogik.se\/2015\/09\/image1.jpg?resize=225%2C300&amp;ssl=1 225w, https:\/\/i0.wp.com\/media1.kulturpedagogik.se\/2015\/09\/image1.jpg?resize=112%2C150&amp;ssl=1 112w, https:\/\/i0.wp.com\/media1.kulturpedagogik.se\/2015\/09\/image1.jpg?resize=768%2C1024&amp;ssl=1 768w, https:\/\/i0.wp.com\/media1.kulturpedagogik.se\/2015\/09\/image1.jpg?resize=700%2C933&amp;ssl=1 700w, https:\/\/i0.wp.com\/media1.kulturpedagogik.se\/2015\/09\/image1.jpg?resize=800%2C1067&amp;ssl=1 800w, https:\/\/i0.wp.com\/media1.kulturpedagogik.se\/2015\/09\/image1.jpg?w=1720 1720w\" sizes=\"auto, (max-width: 225px) 100vw, 225px\" \/><\/a><a href=\"http:\/\/kulturpedagogik.se\/?attachment_id=946#main\" rel=\"attachment wp-att-946\"><img data-recalc-dims=\"1\" loading=\"lazy\" decoding=\"async\" class=\"alignleft size-medium wp-image-946\" src=\"https:\/\/i0.wp.com\/media1.kulturpedagogik.se\/2015\/09\/image3.jpg?resize=225%2C300\" alt=\"image\" width=\"225\" height=\"300\" srcset=\"https:\/\/i0.wp.com\/media1.kulturpedagogik.se\/2015\/09\/image3.jpg?resize=225%2C300&amp;ssl=1 225w, https:\/\/i0.wp.com\/media1.kulturpedagogik.se\/2015\/09\/image3.jpg?resize=112%2C150&amp;ssl=1 112w, https:\/\/i0.wp.com\/media1.kulturpedagogik.se\/2015\/09\/image3.jpg?resize=768%2C1024&amp;ssl=1 768w, https:\/\/i0.wp.com\/media1.kulturpedagogik.se\/2015\/09\/image3.jpg?resize=700%2C933&amp;ssl=1 700w, https:\/\/i0.wp.com\/media1.kulturpedagogik.se\/2015\/09\/image3.jpg?resize=800%2C1067&amp;ssl=1 800w, https:\/\/i0.wp.com\/media1.kulturpedagogik.se\/2015\/09\/image3.jpg?w=1720 1720w\" sizes=\"auto, (max-width: 225px) 100vw, 225px\" \/><\/a><\/p>\n","protected":false},"excerpt":{"rendered":"<p>Jag har bytt arbetsplats och jobbar numera p&aring;&nbsp;Svandammsskolan i Nyn&auml;shamn. I min nya tj&auml;nst f&aring;r jag tillf&auml;lle att komma in i och h&auml;lsa p&aring; hos olika pedagoger. Det &auml;r verkligen mycket roligt och inspirerande. P&aring; Svandammsskolan finns det m&aring;nga duktiga&hellip;<\/p>\n<p class=\"more-link-p\"><a class=\"more-link\" href=\"https:\/\/kulturpedagogik.se\/?p=950\">Read more &rarr;<\/a><\/p>\n","protected":false},"author":1,"featured_media":943,"comment_status":"open","ping_status":"open","sticky":false,"template":"","format":"standard","meta":{"jetpack_post_was_ever_published":false,"_jetpack_newsletter_access":"","_jetpack_dont_email_post_to_subs":false,"_jetpack_newsletter_tier_id":0,"_jetpack_memberships_contains_paywalled_content":false,"_jetpack_memberships_contains_paid_content":false,"footnotes":"","jetpack_publicize_message":"","jetpack_publicize_feature_enabled":true,"jetpack_social_post_already_shared":false,"jetpack_social_options":{"image_generator_settings":{"template":"highway","default_image_id":0,"font":"","enabled":false},"version":2}},"categories":[1],"tags":[28,7,36,20,13,37],"class_list":["post-950","post","type-post","status-publish","format-standard","has-post-thumbnail","hentry","category-ar-1-3","tag-bild","tag-musik","tag-naturpedagogik","tag-no","tag-svenska","tag-tema"],"jetpack_publicize_connections":[],"jetpack_featured_media_url":"https:\/\/i0.wp.com\/media1.kulturpedagogik.se\/2015\/09\/image.jpg?fit=2448%2C3264&ssl=1","jetpack_sharing_enabled":true,"jetpack_shortlink":"https:\/\/wp.me\/p7YLN2-fk","jetpack-related-posts":[{"id":3399,"url":"https:\/\/kulturpedagogik.se\/?p=3399","url_meta":{"origin":950,"position":0},"title":"Rymden rockar i parallellen","author":"Maria B Hurtig","date":"6 februari, 2018","format":false,"excerpt":"Vi jobbar parallellt med tema rymden i skolans tv\u00e5 f\u00f6rskoleklasser f\u00f6r tillf\u00e4llet. Det har m\u00e5nga f\u00f6rdelar d\u00e5 vi kan inspireras av varandra men det kan ocks\u00e5 gynna ett l\u00e4rande bland oss pedagoger. D\u00e5 vi m\u00f6ts regelbundet blir det naturligt att dela \u00f6vningar men ocks\u00e5 att reflektera \u00f6ver hur v\u00e5ra aktiviteter\u2026","rel":"","context":"I \u201d\u00c5r F-3\u201d","block_context":{"text":"\u00c5r F-3","link":"https:\/\/kulturpedagogik.se\/?cat=1"},"img":{"alt_text":"","src":"https:\/\/i0.wp.com\/media1.kulturpedagogik.se\/2018\/02\/img_7320-2.jpg?fit=900%2C1200&ssl=1&resize=350%2C200","width":350,"height":200,"srcset":"https:\/\/i0.wp.com\/media1.kulturpedagogik.se\/2018\/02\/img_7320-2.jpg?fit=900%2C1200&ssl=1&resize=350%2C200 1x, https:\/\/i0.wp.com\/media1.kulturpedagogik.se\/2018\/02\/img_7320-2.jpg?fit=900%2C1200&ssl=1&resize=525%2C300 1.5x, https:\/\/i0.wp.com\/media1.kulturpedagogik.se\/2018\/02\/img_7320-2.jpg?fit=900%2C1200&ssl=1&resize=700%2C400 2x"},"classes":[]},{"id":1078,"url":"https:\/\/kulturpedagogik.se\/?p=1078","url_meta":{"origin":950,"position":1},"title":"Tema yrken &#8211; i dr\u00f6m och verklighet","author":"Maria B Hurtig","date":"4 maj, 2016","format":false,"excerpt":"Susanne \u00c5gren \u00e4r regiss\u00f6ren och undersk\u00f6terskan som blev l\u00e4rare. Det h\u00e4r temat har hon skapat i en \u00e5rkurs 2 p\u00e5 Viaskolan i Nyn\u00e4shamn. Temat l\u00e5ter barnen dr\u00f6mma om framtiden men ocks\u00e5 ta reda p\u00e5 fakta kring olika yrken i verkligheten. Det bjuder ocks\u00e5 in till en n\u00e4rmare medverkan av f\u00f6r\u00e4ldrarna\u2026","rel":"","context":"I \u201d\u00c5r F-3\u201d","block_context":{"text":"\u00c5r F-3","link":"https:\/\/kulturpedagogik.se\/?cat=1"},"img":{"alt_text":"","src":"https:\/\/i0.wp.com\/media1.kulturpedagogik.se\/2016\/04\/IMG_3860.jpg?fit=1200%2C900&ssl=1&resize=350%2C200","width":350,"height":200,"srcset":"https:\/\/i0.wp.com\/media1.kulturpedagogik.se\/2016\/04\/IMG_3860.jpg?fit=1200%2C900&ssl=1&resize=350%2C200 1x, https:\/\/i0.wp.com\/media1.kulturpedagogik.se\/2016\/04\/IMG_3860.jpg?fit=1200%2C900&ssl=1&resize=525%2C300 1.5x, https:\/\/i0.wp.com\/media1.kulturpedagogik.se\/2016\/04\/IMG_3860.jpg?fit=1200%2C900&ssl=1&resize=700%2C400 2x, https:\/\/i0.wp.com\/media1.kulturpedagogik.se\/2016\/04\/IMG_3860.jpg?fit=1200%2C900&ssl=1&resize=1050%2C600 3x"},"classes":[]},{"id":3047,"url":"https:\/\/kulturpedagogik.se\/?p=3047","url_meta":{"origin":950,"position":2},"title":"Plundring och demokrati med faddrar","author":"Maria B Hurtig","date":"12 januari, 2018","format":false,"excerpt":"Idag hade vi julgransplundring f\u00f6r klasserna F-3 p\u00e5 Svandammsskolan. Det \u00e4r egentligen ett eldprov att organisera s\u00e5dan dans och s\u00e5ng f\u00f6r 250 elever i en gymnastiksal. Nu f\u00e5r man verkligen ett kvitto p\u00e5 hur arbetet g\u00e5r med inkludering, delaktighet och motivation i grupperna. Idag fick faddrar och fadderbarn g\u00e5 tillsammans\u2026","rel":"","context":"I \u201d\u00c5r 4-6\u201d","block_context":{"text":"\u00c5r 4-6","link":"https:\/\/kulturpedagogik.se\/?cat=4"},"img":{"alt_text":"","src":"https:\/\/i0.wp.com\/media1.kulturpedagogik.se\/2018\/01\/img_7199.jpg?fit=720%2C960&ssl=1&resize=350%2C200","width":350,"height":200,"srcset":"https:\/\/i0.wp.com\/media1.kulturpedagogik.se\/2018\/01\/img_7199.jpg?fit=720%2C960&ssl=1&resize=350%2C200 1x, https:\/\/i0.wp.com\/media1.kulturpedagogik.se\/2018\/01\/img_7199.jpg?fit=720%2C960&ssl=1&resize=525%2C300 1.5x, https:\/\/i0.wp.com\/media1.kulturpedagogik.se\/2018\/01\/img_7199.jpg?fit=720%2C960&ssl=1&resize=700%2C400 2x"},"classes":[]},{"id":2656,"url":"https:\/\/kulturpedagogik.se\/?p=2656","url_meta":{"origin":950,"position":3},"title":"Spr\u00e5kutvecklande musik f\u00f6r alla","author":"Maria B Hurtig","date":"6 oktober, 2017","format":false,"excerpt":"I den gamla folkskolan skulle l\u00e4raren vara musikalisk och sk\u00f6tsam f\u00f6r att f\u00e5 jobb. D\u00e5 hade inte jag platsat pga bristande musikalitet \u00e4r jag r\u00e4dd. Nu f\u00f6r tiden har vi (digitala) hj\u00e4lpmedel f\u00f6r att kunna spela och sjunga i klassrummet \u00e4ven om vi inte sj\u00e4lva trakterar instrument. Det \u00e4r tur\u2026","rel":"","context":"I \u201d\u00c5r F-3\u201d","block_context":{"text":"\u00c5r F-3","link":"https:\/\/kulturpedagogik.se\/?cat=1"},"img":{"alt_text":"","src":"https:\/\/i0.wp.com\/media1.kulturpedagogik.se\/2017\/10\/img_6626.jpg?fit=1200%2C900&ssl=1&resize=350%2C200","width":350,"height":200,"srcset":"https:\/\/i0.wp.com\/media1.kulturpedagogik.se\/2017\/10\/img_6626.jpg?fit=1200%2C900&ssl=1&resize=350%2C200 1x, https:\/\/i0.wp.com\/media1.kulturpedagogik.se\/2017\/10\/img_6626.jpg?fit=1200%2C900&ssl=1&resize=525%2C300 1.5x, https:\/\/i0.wp.com\/media1.kulturpedagogik.se\/2017\/10\/img_6626.jpg?fit=1200%2C900&ssl=1&resize=700%2C400 2x, https:\/\/i0.wp.com\/media1.kulturpedagogik.se\/2017\/10\/img_6626.jpg?fit=1200%2C900&ssl=1&resize=1050%2C600 3x"},"classes":[]},{"id":3534,"url":"https:\/\/kulturpedagogik.se\/?p=3534","url_meta":{"origin":950,"position":4},"title":"Sandvargen blir serie efter Bamsemodell","author":"Maria B Hurtig","date":"14 mars, 2018","format":false,"excerpt":"Vi har ett tema om serier p\u00e5 skolan den h\u00e4r veckan tillsammans med de \u00f6vriga klasserna F-3. D\u00e5 introducerar vi genren genom att tala om om hur serier fungerar och drar paralleller till film d\u00e5 ber\u00e4ttandet i de tv\u00e5 medierna har mycket gemensamt. Vi tittar p\u00e5 exempelbilder p\u00e5 ppt och\u2026","rel":"","context":"I \u201d\u00c5r F-3\u201d","block_context":{"text":"\u00c5r F-3","link":"https:\/\/kulturpedagogik.se\/?cat=1"},"img":{"alt_text":"","src":"https:\/\/i0.wp.com\/media1.kulturpedagogik.se\/2018\/03\/img_7510.jpg?fit=1200%2C900&ssl=1&resize=350%2C200","width":350,"height":200,"srcset":"https:\/\/i0.wp.com\/media1.kulturpedagogik.se\/2018\/03\/img_7510.jpg?fit=1200%2C900&ssl=1&resize=350%2C200 1x, https:\/\/i0.wp.com\/media1.kulturpedagogik.se\/2018\/03\/img_7510.jpg?fit=1200%2C900&ssl=1&resize=525%2C300 1.5x, https:\/\/i0.wp.com\/media1.kulturpedagogik.se\/2018\/03\/img_7510.jpg?fit=1200%2C900&ssl=1&resize=700%2C400 2x, https:\/\/i0.wp.com\/media1.kulturpedagogik.se\/2018\/03\/img_7510.jpg?fit=1200%2C900&ssl=1&resize=1050%2C600 3x"},"classes":[]},{"id":3390,"url":"https:\/\/kulturpedagogik.se\/?p=3390","url_meta":{"origin":950,"position":5},"title":"L\u00e4ra mer med begrepp och modellering","author":"Maria B Hurtig","date":"6 februari, 2018","format":false,"excerpt":"Att \"modellera\", dvs visa exempel p\u00e5 hur en uppgift kan l\u00f6sas \u00e4r n\u00e5got som f\u00f6rordas nuf\u00f6rtiden f\u00f6r att alla elever ska kunna lyckas. Inom ett spr\u00e5kutvecklande arbetss\u00e4tt och svenska k\u00e4nns det naturligt (Gibbons 2006). Men i bild\u00e4mnet och f\u00f6r den ovane kan det k\u00e4nnas som lite \"fusk\" och man kan\u2026","rel":"","context":"I \u201d\u00c5r F-3\u201d","block_context":{"text":"\u00c5r F-3","link":"https:\/\/kulturpedagogik.se\/?cat=1"},"img":{"alt_text":"","src":"https:\/\/i0.wp.com\/media1.kulturpedagogik.se\/2018\/02\/img_7308.jpg?fit=900%2C1200&ssl=1&resize=350%2C200","width":350,"height":200,"srcset":"https:\/\/i0.wp.com\/media1.kulturpedagogik.se\/2018\/02\/img_7308.jpg?fit=900%2C1200&ssl=1&resize=350%2C200 1x, https:\/\/i0.wp.com\/media1.kulturpedagogik.se\/2018\/02\/img_7308.jpg?fit=900%2C1200&ssl=1&resize=525%2C300 1.5x, https:\/\/i0.wp.com\/media1.kulturpedagogik.se\/2018\/02\/img_7308.jpg?fit=900%2C1200&ssl=1&resize=700%2C400 2x"},"classes":[]}],"_links":{"self":[{"href":"https:\/\/kulturpedagogik.se\/index.php?rest_route=\/wp\/v2\/posts\/950","targetHints":{"allow":["GET"]}}],"collection":[{"href":"https:\/\/kulturpedagogik.se\/index.php?rest_route=\/wp\/v2\/posts"}],"about":[{"href":"https:\/\/kulturpedagogik.se\/index.php?rest_route=\/wp\/v2\/types\/post"}],"author":[{"embeddable":true,"href":"https:\/\/kulturpedagogik.se\/index.php?rest_route=\/wp\/v2\/users\/1"}],"replies":[{"embeddable":true,"href":"https:\/\/kulturpedagogik.se\/index.php?rest_route=%2Fwp%2Fv2%2Fcomments&post=950"}],"version-history":[{"count":10,"href":"https:\/\/kulturpedagogik.se\/index.php?rest_route=\/wp\/v2\/posts\/950\/revisions"}],"predecessor-version":[{"id":961,"href":"https:\/\/kulturpedagogik.se\/index.php?rest_route=\/wp\/v2\/posts\/950\/revisions\/961"}],"wp:featuredmedia":[{"embeddable":true,"href":"https:\/\/kulturpedagogik.se\/index.php?rest_route=\/wp\/v2\/media\/943"}],"wp:attachment":[{"href":"https:\/\/kulturpedagogik.se\/index.php?rest_route=%2Fwp%2Fv2%2Fmedia&parent=950"}],"wp:term":[{"taxonomy":"category","embeddable":true,"href":"https:\/\/kulturpedagogik.se\/index.php?rest_route=%2Fwp%2Fv2%2Fcategories&post=950"},{"taxonomy":"post_tag","embeddable":true,"href":"https:\/\/kulturpedagogik.se\/index.php?rest_route=%2Fwp%2Fv2%2Ftags&post=950"}],"curies":[{"name":"wp","href":"https:\/\/api.w.org\/{rel}","templated":true}]}}