{"id":747,"date":"2014-12-06T14:06:32","date_gmt":"2014-12-06T14:06:32","guid":{"rendered":"http:\/\/kulturpedagogik.se\/?p=747"},"modified":"2015-01-06T13:32:10","modified_gmt":"2015-01-06T13:32:10","slug":"appelgodis","status":"publish","type":"post","link":"https:\/\/kulturpedagogik.se\/?p=747","title":{"rendered":"\u00c4ppelgodis"},"content":{"rendered":"<p style=\"text-align: justify;\">Vi torkar \u00e4ppelbitar p\u00e5 en tr\u00e5d i f\u00f6rskolan. Det blir gott godis och nyttigt. N\u00e4sta tema ska handla om AFF\u00c4R och\u00a0d\u00e5 ska vi s\u00e4lja torkade \u00e4ppelbitar f\u00f6r l\u00e5tsaspengar. Receptet p\u00e5 torkade \u00e4pplen hittade vi i ICAs julkalender lucka 1.<\/p>\n<p>&nbsp;<\/p>\n<p><a href=\"http:\/\/kulturpedagogik.se\/?attachment_id=746\" rel=\"attachment wp-att-746\"><img data-recalc-dims=\"1\" loading=\"lazy\" decoding=\"async\" class=\"alignleft size-medium wp-image-746\" src=\"https:\/\/i0.wp.com\/media1.kulturpedagogik.se\/2014\/12\/IMG_2245-1.jpg?resize=300%2C225\" alt=\"IMG_2245-1.JPG\" width=\"300\" height=\"225\" srcset=\"https:\/\/i0.wp.com\/media1.kulturpedagogik.se\/2014\/12\/IMG_2245-1.jpg?resize=300%2C225&amp;ssl=1 300w, https:\/\/i0.wp.com\/media1.kulturpedagogik.se\/2014\/12\/IMG_2245-1.jpg?resize=150%2C112&amp;ssl=1 150w, https:\/\/i0.wp.com\/media1.kulturpedagogik.se\/2014\/12\/IMG_2245-1.jpg?resize=1365%2C1024&amp;ssl=1 1365w, https:\/\/i0.wp.com\/media1.kulturpedagogik.se\/2014\/12\/IMG_2245-1.jpg?resize=700%2C525&amp;ssl=1 700w, https:\/\/i0.wp.com\/media1.kulturpedagogik.se\/2014\/12\/IMG_2245-1.jpg?resize=800%2C600&amp;ssl=1 800w, https:\/\/i0.wp.com\/media1.kulturpedagogik.se\/2014\/12\/IMG_2245-1.jpg?w=2048&amp;ssl=1 2048w, https:\/\/i0.wp.com\/media1.kulturpedagogik.se\/2014\/12\/IMG_2245-1.jpg?w=1720 1720w\" sizes=\"auto, (max-width: 300px) 100vw, 300px\" \/><\/a><a href=\"http:\/\/kulturpedagogik.se\/?attachment_id=744#main\" rel=\"attachment wp-att-744\"><img data-recalc-dims=\"1\" loading=\"lazy\" decoding=\"async\" class=\"alignleft size-medium wp-image-744\" src=\"https:\/\/i0.wp.com\/media1.kulturpedagogik.se\/2014\/12\/IMG_2247-0.jpg?resize=300%2C225\" alt=\"IMG_2247-0.JPG\" width=\"300\" height=\"225\" srcset=\"https:\/\/i0.wp.com\/media1.kulturpedagogik.se\/2014\/12\/IMG_2247-0.jpg?resize=300%2C225&amp;ssl=1 300w, https:\/\/i0.wp.com\/media1.kulturpedagogik.se\/2014\/12\/IMG_2247-0.jpg?resize=150%2C112&amp;ssl=1 150w, https:\/\/i0.wp.com\/media1.kulturpedagogik.se\/2014\/12\/IMG_2247-0.jpg?resize=1365%2C1024&amp;ssl=1 1365w, https:\/\/i0.wp.com\/media1.kulturpedagogik.se\/2014\/12\/IMG_2247-0.jpg?resize=700%2C525&amp;ssl=1 700w, https:\/\/i0.wp.com\/media1.kulturpedagogik.se\/2014\/12\/IMG_2247-0.jpg?resize=800%2C600&amp;ssl=1 800w, https:\/\/i0.wp.com\/media1.kulturpedagogik.se\/2014\/12\/IMG_2247-0.jpg?w=2048&amp;ssl=1 2048w, https:\/\/i0.wp.com\/media1.kulturpedagogik.se\/2014\/12\/IMG_2247-0.jpg?w=1720 1720w\" sizes=\"auto, (max-width: 300px) 100vw, 300px\" \/><\/a><\/p>\n","protected":false},"excerpt":{"rendered":"<p>Vi torkar &auml;ppelbitar p&aring; en tr&aring;d i f&ouml;rskolan. Det blir gott godis och nyttigt. N&auml;sta tema ska handla om AFF&Auml;R och&nbsp;d&aring; ska vi s&auml;lja torkade &auml;ppelbitar f&ouml;r l&aring;tsaspengar. Receptet p&aring; torkade &auml;pplen hittade vi i ICAs julkalender lucka 1. &nbsp;<\/p>\n<p class=\"more-link-p\"><a class=\"more-link\" href=\"https:\/\/kulturpedagogik.se\/?p=747\">Read more &rarr;<\/a><\/p>\n","protected":false},"author":1,"featured_media":746,"comment_status":"open","ping_status":"open","sticky":false,"template":"","format":"standard","meta":{"jetpack_post_was_ever_published":false,"_jetpack_newsletter_access":"","_jetpack_dont_email_post_to_subs":false,"_jetpack_newsletter_tier_id":0,"_jetpack_memberships_contains_paywalled_content":false,"_jetpack_memberships_contains_paid_content":false,"footnotes":"","jetpack_publicize_message":"","jetpack_publicize_feature_enabled":true,"jetpack_social_post_already_shared":false,"jetpack_social_options":{"image_generator_settings":{"template":"highway","default_image_id":0,"font":"","enabled":false},"version":2}},"categories":[4,1,34],"tags":[16,36,35,13],"class_list":["post-747","post","type-post","status-publish","format-standard","has-post-thumbnail","hentry","category-ar-4-6","category-ar-1-3","category-forskolan","tag-matematik","tag-naturpedagogik","tag-slojd","tag-svenska"],"jetpack_publicize_connections":[],"jetpack_featured_media_url":"https:\/\/i0.wp.com\/media1.kulturpedagogik.se\/2014\/12\/IMG_2245-1.jpg?fit=2048%2C1536&ssl=1","jetpack_sharing_enabled":true,"jetpack_shortlink":"https:\/\/wp.me\/p7YLN2-c3","jetpack-related-posts":[{"id":2057,"url":"https:\/\/kulturpedagogik.se\/?p=2057","url_meta":{"origin":747,"position":0},"title":"Lek och faddrar i \u00f6verg\u00e5ngar","author":"Maria B Hurtig","date":"26 april, 2017","format":false,"excerpt":"Snart \u00e4r det sommar och sedan \u00e4r det nya barn som ska b\u00f6rja i F-klassen. K\u00e4nner vi dem r\u00e4tt har de redan b\u00f6rjat fundera. Hur ska det bli? Hur g\u00f6r man d\u00e4r? Vem blir min fr\u00f6ken? Var kan man leka? \u00d6verg\u00e5ngar \u00e4r viktiga och h\u00e4r kan vi f\u00f6rs\u00f6ka underl\u00e4tta f\u00f6r\u2026","rel":"","context":"I \u201d\u00c5r F-3\u201d","block_context":{"text":"\u00c5r F-3","link":"https:\/\/kulturpedagogik.se\/?cat=1"},"img":{"alt_text":"","src":"https:\/\/i0.wp.com\/media1.kulturpedagogik.se\/2017\/04\/img_5731.jpg?resize=350%2C200","width":350,"height":200,"srcset":"https:\/\/i0.wp.com\/media1.kulturpedagogik.se\/2017\/04\/img_5731.jpg?resize=350%2C200 1x, https:\/\/i0.wp.com\/media1.kulturpedagogik.se\/2017\/04\/img_5731.jpg?resize=525%2C300 1.5x"},"classes":[]},{"id":541,"url":"https:\/\/kulturpedagogik.se\/?p=541","url_meta":{"origin":747,"position":1},"title":"Vattnets kretslopp &#8211; skynda l\u00e5ngsamt med Tema","author":"Maria B Hurtig","date":"17 april, 2014","format":false,"excerpt":"Tema kan ge stora m\u00f6jligheter att motivera alla barn och ge utrymme f\u00f6r dem att uttrycka sina olikheter och k\u00e4nna gemenskap.","rel":"","context":"I \u201d\u00c5r 4-6\u201d","block_context":{"text":"\u00c5r 4-6","link":"https:\/\/kulturpedagogik.se\/?cat=4"},"img":{"alt_text":"","src":"https:\/\/i0.wp.com\/media1.kulturpedagogik.se\/2014\/04\/image3.jpg?fit=1200%2C900&ssl=1&resize=350%2C200","width":350,"height":200,"srcset":"https:\/\/i0.wp.com\/media1.kulturpedagogik.se\/2014\/04\/image3.jpg?fit=1200%2C900&ssl=1&resize=350%2C200 1x, https:\/\/i0.wp.com\/media1.kulturpedagogik.se\/2014\/04\/image3.jpg?fit=1200%2C900&ssl=1&resize=525%2C300 1.5x, https:\/\/i0.wp.com\/media1.kulturpedagogik.se\/2014\/04\/image3.jpg?fit=1200%2C900&ssl=1&resize=700%2C400 2x, https:\/\/i0.wp.com\/media1.kulturpedagogik.se\/2014\/04\/image3.jpg?fit=1200%2C900&ssl=1&resize=1050%2C600 3x"},"classes":[]},{"id":433,"url":"https:\/\/kulturpedagogik.se\/?p=433","url_meta":{"origin":747,"position":2},"title":"Tomtar f\u00f6r m\u00e5ngfald","author":"Maria B Hurtig","date":"28 december, 2013","format":false,"excerpt":"I naturen finns det inte en gren som \u00e4r den andra lik vilket underl\u00e4ttar om vi vill att m\u00e5ngfald ska representeras. En inter-kulturell pedagogik ska ju ocks\u00e5 syfta till att synligg\u00f6ra olikheter. Det skapar tolerans. I v\u00e5r skola \u00e4r f\u00f6rskolan och f\u00f6rskoleklassen tillsammans i skogen en dag i veckan. Vid\u2026","rel":"","context":"I \u201d\u00c5r F-3\u201d","block_context":{"text":"\u00c5r F-3","link":"https:\/\/kulturpedagogik.se\/?cat=1"},"img":{"alt_text":"Tomtar med karakt\u00e4r","src":"https:\/\/i0.wp.com\/media1.kulturpedagogik.se\/2013\/12\/IMG_1174.jpg?fit=1200%2C900&ssl=1&resize=350%2C200","width":350,"height":200,"srcset":"https:\/\/i0.wp.com\/media1.kulturpedagogik.se\/2013\/12\/IMG_1174.jpg?fit=1200%2C900&ssl=1&resize=350%2C200 1x, https:\/\/i0.wp.com\/media1.kulturpedagogik.se\/2013\/12\/IMG_1174.jpg?fit=1200%2C900&ssl=1&resize=525%2C300 1.5x, https:\/\/i0.wp.com\/media1.kulturpedagogik.se\/2013\/12\/IMG_1174.jpg?fit=1200%2C900&ssl=1&resize=700%2C400 2x, https:\/\/i0.wp.com\/media1.kulturpedagogik.se\/2013\/12\/IMG_1174.jpg?fit=1200%2C900&ssl=1&resize=1050%2C600 3x"},"classes":[]},{"id":2706,"url":"https:\/\/kulturpedagogik.se\/?p=2706","url_meta":{"origin":747,"position":3},"title":"Boka aktivitet och sy bokst\u00e4ver","author":"Maria B Hurtig","date":"10 oktober, 2017","format":false,"excerpt":"Om dagarna har vi ofta i f-klassen vad vi kallar l\u00e4rande lek. Det \u00e4r ett tillf\u00e4lle d\u00e5 vi organiserar barnen i mindre grupper f\u00f6r att spela spel, skriva p\u00e5 tavlan, pussla eller spela Lycko etc. Vi har ocks\u00e5 en \"mattel\u00e5da\" och en \"svenskal\u00e5da\" i vilka vi f\u00f6rs\u00f6ker variera \u00f6vningar att\u2026","rel":"","context":"I \u201d\u00c5r F-3\u201d","block_context":{"text":"\u00c5r F-3","link":"https:\/\/kulturpedagogik.se\/?cat=1"},"img":{"alt_text":"","src":"https:\/\/i0.wp.com\/media1.kulturpedagogik.se\/2017\/10\/img_6648.jpg?fit=1200%2C900&ssl=1&resize=350%2C200","width":350,"height":200,"srcset":"https:\/\/i0.wp.com\/media1.kulturpedagogik.se\/2017\/10\/img_6648.jpg?fit=1200%2C900&ssl=1&resize=350%2C200 1x, https:\/\/i0.wp.com\/media1.kulturpedagogik.se\/2017\/10\/img_6648.jpg?fit=1200%2C900&ssl=1&resize=525%2C300 1.5x, https:\/\/i0.wp.com\/media1.kulturpedagogik.se\/2017\/10\/img_6648.jpg?fit=1200%2C900&ssl=1&resize=700%2C400 2x, https:\/\/i0.wp.com\/media1.kulturpedagogik.se\/2017\/10\/img_6648.jpg?fit=1200%2C900&ssl=1&resize=1050%2C600 3x"},"classes":[]},{"id":1358,"url":"https:\/\/kulturpedagogik.se\/?p=1358","url_meta":{"origin":747,"position":4},"title":"Staplar av namn","author":"Maria B Hurtig","date":"13 november, 2016","format":false,"excerpt":"P\u00e5 morgonen har vi samling och kontrollerar vilka barn i klassen som \u00e4r n\u00e4rvarande och sjuka. Den h\u00e4r veckan har vi gjort en ny variant p\u00e5 uppropet. P\u00e5 tavlan har vi satt upp plastade kort med barnens namn huller om buller. S\u00e5 ska de hitta sitt namn och placera det\u2026","rel":"","context":"I \u201d\u00c5r 4-6\u201d","block_context":{"text":"\u00c5r 4-6","link":"https:\/\/kulturpedagogik.se\/?cat=4"},"img":{"alt_text":"","src":"https:\/\/i0.wp.com\/media1.kulturpedagogik.se\/2016\/11\/img_4786-2.jpg?fit=1200%2C900&ssl=1&resize=350%2C200","width":350,"height":200,"srcset":"https:\/\/i0.wp.com\/media1.kulturpedagogik.se\/2016\/11\/img_4786-2.jpg?fit=1200%2C900&ssl=1&resize=350%2C200 1x, https:\/\/i0.wp.com\/media1.kulturpedagogik.se\/2016\/11\/img_4786-2.jpg?fit=1200%2C900&ssl=1&resize=525%2C300 1.5x, https:\/\/i0.wp.com\/media1.kulturpedagogik.se\/2016\/11\/img_4786-2.jpg?fit=1200%2C900&ssl=1&resize=700%2C400 2x, https:\/\/i0.wp.com\/media1.kulturpedagogik.se\/2016\/11\/img_4786-2.jpg?fit=1200%2C900&ssl=1&resize=1050%2C600 3x"},"classes":[]},{"id":468,"url":"https:\/\/kulturpedagogik.se\/?p=468","url_meta":{"origin":747,"position":5},"title":"En f\u00e5gel \u00e4r inte bara en f\u00e5gel","author":"Maria B Hurtig","date":"2 januari, 2014","format":false,"excerpt":"Att titta p\u00e5 f\u00e5glar i verkligheten tycker nog alla barn \u00e4r kul om de f\u00e5r tillf\u00e4lle. Lyckas vi sedan g\u00f6da intresset \u00f6ppnar sig m\u00f6jligheter. Genom att studera egenskaper samt likheter och skillnader mellan arter kan vi\u00a0utveckla b\u00e5de spr\u00e5k och matematisk f\u00f6rm\u00e5ga. Vad vi beh\u00f6ver \u00e4r ett f\u00e5gelbord.. F\u00f6rra vintern matade\u2026","rel":"","context":"I \u201d\u00c5r F-3\u201d","block_context":{"text":"\u00c5r F-3","link":"https:\/\/kulturpedagogik.se\/?cat=1"},"img":{"alt_text":"","src":"https:\/\/i0.wp.com\/media1.kulturpedagogik.se\/2014\/01\/image.jpg?fit=900%2C1200&ssl=1&resize=350%2C200","width":350,"height":200,"srcset":"https:\/\/i0.wp.com\/media1.kulturpedagogik.se\/2014\/01\/image.jpg?fit=900%2C1200&ssl=1&resize=350%2C200 1x, https:\/\/i0.wp.com\/media1.kulturpedagogik.se\/2014\/01\/image.jpg?fit=900%2C1200&ssl=1&resize=525%2C300 1.5x, https:\/\/i0.wp.com\/media1.kulturpedagogik.se\/2014\/01\/image.jpg?fit=900%2C1200&ssl=1&resize=700%2C400 2x"},"classes":[]}],"_links":{"self":[{"href":"https:\/\/kulturpedagogik.se\/index.php?rest_route=\/wp\/v2\/posts\/747","targetHints":{"allow":["GET"]}}],"collection":[{"href":"https:\/\/kulturpedagogik.se\/index.php?rest_route=\/wp\/v2\/posts"}],"about":[{"href":"https:\/\/kulturpedagogik.se\/index.php?rest_route=\/wp\/v2\/types\/post"}],"author":[{"embeddable":true,"href":"https:\/\/kulturpedagogik.se\/index.php?rest_route=\/wp\/v2\/users\/1"}],"replies":[{"embeddable":true,"href":"https:\/\/kulturpedagogik.se\/index.php?rest_route=%2Fwp%2Fv2%2Fcomments&post=747"}],"version-history":[{"count":6,"href":"https:\/\/kulturpedagogik.se\/index.php?rest_route=\/wp\/v2\/posts\/747\/revisions"}],"predecessor-version":[{"id":795,"href":"https:\/\/kulturpedagogik.se\/index.php?rest_route=\/wp\/v2\/posts\/747\/revisions\/795"}],"wp:featuredmedia":[{"embeddable":true,"href":"https:\/\/kulturpedagogik.se\/index.php?rest_route=\/wp\/v2\/media\/746"}],"wp:attachment":[{"href":"https:\/\/kulturpedagogik.se\/index.php?rest_route=%2Fwp%2Fv2%2Fmedia&parent=747"}],"wp:term":[{"taxonomy":"category","embeddable":true,"href":"https:\/\/kulturpedagogik.se\/index.php?rest_route=%2Fwp%2Fv2%2Fcategories&post=747"},{"taxonomy":"post_tag","embeddable":true,"href":"https:\/\/kulturpedagogik.se\/index.php?rest_route=%2Fwp%2Fv2%2Ftags&post=747"}],"curies":[{"name":"wp","href":"https:\/\/api.w.org\/{rel}","templated":true}]}}