{"id":74,"date":"2012-02-05T09:51:32","date_gmt":"2012-02-05T09:51:32","guid":{"rendered":"http:\/\/kulturpedagogik.se\/?p=74"},"modified":"2018-02-07T17:15:36","modified_gmt":"2018-02-07T17:15:36","slug":"samernas-nationaldag","status":"publish","type":"post","link":"https:\/\/kulturpedagogik.se\/?p=74","title":{"rendered":"Samernas nationaldag"},"content":{"rendered":"<p><a href=\"http:\/\/kulturpedagogik.se\/?attachment_id=94\" rel=\"attachment wp-att-94\"><img data-recalc-dims=\"1\" loading=\"lazy\" decoding=\"async\" class=\"alignleft size-medium wp-image-94\" title=\"ren\" src=\"https:\/\/i0.wp.com\/media1.kulturpedagogik.se\/2012\/02\/ren2.jpg?resize=300%2C281\" alt=\"\" width=\"300\" height=\"281\" srcset=\"https:\/\/i0.wp.com\/media1.kulturpedagogik.se\/2012\/02\/ren2.jpg?resize=300%2C281&amp;ssl=1 300w, https:\/\/i0.wp.com\/media1.kulturpedagogik.se\/2012\/02\/ren2.jpg?resize=1024%2C960&amp;ssl=1 1024w, https:\/\/i0.wp.com\/media1.kulturpedagogik.se\/2012\/02\/ren2.jpg?resize=800%2C750&amp;ssl=1 800w, https:\/\/i0.wp.com\/media1.kulturpedagogik.se\/2012\/02\/ren2.jpg?w=1078&amp;ssl=1 1078w\" sizes=\"auto, (max-width: 300px) 100vw, 300px\" \/><\/a><\/p>\n<p>Samernas nationaldag infaller den 6 februari. Att uppm\u00e4rksamma v\u00e5ra nationella minoriteter\u00a0 kan ha en positiv effekt ur ett interkultutellt perspektiv och ligger i linje med Lgr 11. Det \u00f6ppnar upp barnens t\u00e4nkande f\u00f6r att kulturella olikheter inte beh\u00f6ver vara en fr\u00e5ga om hudf\u00e4rg. H\u00e4r finner du ett bildspel i PDF om samerna,<\/p>\n<p><a href=\"http:\/\/kulturpedagogik.se\/?attachment_id=328\" rel=\"attachment wp-att-328\">samer 2013<\/a><\/p>\n<p>&nbsp;<\/p>\n<p>&nbsp;<\/p>\n<p>&nbsp;<\/p>\n<p>P\u00e5 Youtube finner du denna informationsfilm om samerna s\u00e5 som de sj\u00e4lva beskriver sig.<\/p>\n<p><span class=\"embed-youtube\" style=\"text-align:center; display: block;\"><iframe loading=\"lazy\" class=\"youtube-player\" width=\"860\" height=\"484\" src=\"https:\/\/www.youtube.com\/embed\/jm13U5rJCMk?version=3&#038;rel=1&#038;showsearch=0&#038;showinfo=1&#038;iv_load_policy=1&#038;fs=1&#038;hl=sv-SE&#038;autohide=2&#038;wmode=transparent\" allowfullscreen=\"true\" style=\"border:0;\" sandbox=\"allow-scripts allow-same-origin allow-popups allow-presentation allow-popups-to-escape-sandbox\"><\/iframe><\/span><\/p>\n<p>&nbsp;<\/p>\n<p>Mari Boine \u00e4r en samisk s\u00e5ngerska fr\u00e5n Norge.<\/p>\n<p>&nbsp;<\/p>\n<p><span class=\"embed-youtube\" style=\"text-align:center; display: block;\"><iframe loading=\"lazy\" class=\"youtube-player\" width=\"860\" height=\"484\" src=\"https:\/\/www.youtube.com\/embed\/NyB90aNkURU?version=3&#038;rel=1&#038;showsearch=0&#038;showinfo=1&#038;iv_load_policy=1&#038;fs=1&#038;hl=sv-SE&#038;autohide=2&#038;wmode=transparent\" allowfullscreen=\"true\" style=\"border:0;\" sandbox=\"allow-scripts allow-same-origin allow-popups allow-presentation allow-popups-to-escape-sandbox\"><\/iframe><\/span><\/p>\n<p>&nbsp;<\/p>\n<p>Maxida M\u00e4rek \u00e4r en svensk same och musiker. Hon tr\u00e4ffar medlemmar ur den amerikanska ursprungsbefolkningen i programmet Jills veranda :<\/p>\n<p><a href=\"https:\/\/www.svtplay.se\/video\/15866787\/jills-veranda\/jills-veranda-sasong-3-avsnitt-1\">https:\/\/www.svtplay.se\/video\/15866787\/jills-veranda\/jills-veranda-sasong-3-avsnitt-1<\/a><\/p>\n<p>En annan k\u00e4nd same som ursprungligen kommer fr\u00e5n Colombia \u00e4r Jon Henrik K\u00e4llgren.<\/p>\n<p><span class=\"embed-youtube\" style=\"text-align:center; display: block;\"><iframe loading=\"lazy\" class=\"youtube-player\" width=\"860\" height=\"484\" src=\"https:\/\/www.youtube.com\/embed\/ij9R2mxigWY?version=3&#038;rel=1&#038;showsearch=0&#038;showinfo=1&#038;iv_load_policy=1&#038;fs=1&#038;hl=sv-SE&#038;autohide=2&#038;wmode=transparent\" allowfullscreen=\"true\" style=\"border:0;\" sandbox=\"allow-scripts allow-same-origin allow-popups allow-presentation allow-popups-to-escape-sandbox\"><\/iframe><\/span><\/p>\n","protected":false},"excerpt":{"rendered":"<p>Samernas nationaldag infaller den 6 februari. Att uppm&auml;rksamma v&aring;ra nationella minoriteter&nbsp; kan ha en positiv effekt ur ett interkultutellt perspektiv och ligger i linje med Lgr 11. Det &ouml;ppnar upp barnens t&auml;nkande f&ouml;r att kulturella olikheter inte beh&ouml;ver vara en&hellip;<\/p>\n<p class=\"more-link-p\"><a class=\"more-link\" href=\"https:\/\/kulturpedagogik.se\/?p=74\">Read more &rarr;<\/a><\/p>\n","protected":false},"author":1,"featured_media":94,"comment_status":"open","ping_status":"open","sticky":false,"template":"","format":"video","meta":{"jetpack_post_was_ever_published":false,"_jetpack_newsletter_access":"","_jetpack_dont_email_post_to_subs":true,"_jetpack_newsletter_tier_id":0,"_jetpack_memberships_contains_paywalled_content":false,"_jetpack_memberships_contains_paid_content":false,"footnotes":"","jetpack_publicize_message":"","jetpack_publicize_feature_enabled":true,"jetpack_social_post_already_shared":false,"jetpack_social_options":{"image_generator_settings":{"template":"highway","default_image_id":0,"font":"","enabled":false},"version":2}},"categories":[4,5,1],"tags":[29,9,12,39,18,7,22,21],"class_list":["post-74","post","type-post","status-publish","format-video","has-post-thumbnail","hentry","category-ar-4-6","category-ar-7-9","category-ar-1-3","tag-demokrati","tag-film","tag-historia","tag-inkluderande","tag-interkulturalitet","tag-musik","tag-samhallskunskap","tag-so","post_format-post-format-video"],"jetpack_publicize_connections":[],"jetpack_featured_media_url":"https:\/\/i0.wp.com\/media1.kulturpedagogik.se\/2012\/02\/ren2.jpg?fit=1078%2C1011&ssl=1","jetpack_sharing_enabled":true,"jetpack_shortlink":"https:\/\/wp.me\/p7YLN2-1c","jetpack-related-posts":[{"id":3597,"url":"https:\/\/kulturpedagogik.se\/?p=3597","url_meta":{"origin":74,"position":0},"title":"Tema v\u00e5ren och vattnets kretslopp","author":"Maria B Hurtig","date":"26 mars, 2018","format":false,"excerpt":"Den h\u00e4r veckan har det b\u00f6rjat t\u00f6a ordentligt. Nu passar det mycket bra att p\u00e5b\u00f6rja ett tema om v\u00e5ren och vattnets kretslopp genom att l\u00e4sa Olles skidf\u00e4rd av Elsa Beskow. I f\u00f6rskoleklassen blev eleverna som trollbundna av historien. Jag tror det h\u00e4nger samman med att den \u00e4r aktuell f\u00f6r dem\u2026","rel":"","context":"I \u201d\u00c5r F-3\u201d","block_context":{"text":"\u00c5r F-3","link":"https:\/\/kulturpedagogik.se\/?cat=1"},"img":{"alt_text":"","src":"https:\/\/i0.wp.com\/media1.kulturpedagogik.se\/2018\/03\/img_7568.jpg?resize=350%2C200","width":350,"height":200},"classes":[]},{"id":250,"url":"https:\/\/kulturpedagogik.se\/?p=250","url_meta":{"origin":74,"position":1},"title":"Demokrati f\u00f6r barnen &#8211; Fyra h\u00f6nor och en tupp","author":"Maria B Hurtig","date":"24 oktober, 2012","format":false,"excerpt":"F\u00f6r den som\u00a0vill jobba med temat demokrati redan i tidaga \u00e5ldrar kan jag rekommendera en rolig bilderbok. Mycket pedagogiskt och humoristiskt om att organisera sig och samarbeta f\u00f6r att kunna g\u00f6ra sin r\u00f6st h\u00f6rd. Boken heter fyra h\u00f6nor och en tupp av Lena Landstr\u00f6m H\u00e4r finner\u00a0du\u00a0f\u00f6rslag p\u00e5 ett boksamtal och\u2026","rel":"","context":"I \u201d\u00c5r F-3\u201d","block_context":{"text":"\u00c5r F-3","link":"https:\/\/kulturpedagogik.se\/?cat=1"},"img":{"alt_text":"fyra h\u00f6nor","src":"https:\/\/i0.wp.com\/media1.kulturpedagogik.se\/2012\/10\/fyra-h%C3%B6nor.jpg?resize=350%2C200","width":350,"height":200},"classes":[]},{"id":4675,"url":"https:\/\/kulturpedagogik.se\/?p=4675","url_meta":{"origin":74,"position":2},"title":"Inneh\u00e5llets dragningskraft","author":"Maria B Hurtig","date":"6 november, 2019","format":false,"excerpt":"Min son fick en g\u00e5ng den h\u00e4r atlasen i julklapp av sin morfar: Viktiga kartor f\u00f6r \u00e4ventyrare och dagdr\u00f6mmare (Sheppard S , Bonnier Carlsen 2013). Det var tydligt att inneh\u00e5llet i den hade stor dragningskraft d\u00e5 vi l\u00e4ste den framl\u00e4nges och bakl\u00e4nges i flera \u00e5r. Den inneh\u00e5ller sp\u00e4nnande kartor och\u2026","rel":"","context":"I \u201d\u00c5r F-3\u201d","block_context":{"text":"\u00c5r F-3","link":"https:\/\/kulturpedagogik.se\/?cat=1"},"img":{"alt_text":"","src":"https:\/\/i0.wp.com\/media1.kulturpedagogik.se\/2019\/11\/img_0906.jpg?fit=900%2C1200&ssl=1&resize=350%2C200","width":350,"height":200,"srcset":"https:\/\/i0.wp.com\/media1.kulturpedagogik.se\/2019\/11\/img_0906.jpg?fit=900%2C1200&ssl=1&resize=350%2C200 1x, https:\/\/i0.wp.com\/media1.kulturpedagogik.se\/2019\/11\/img_0906.jpg?fit=900%2C1200&ssl=1&resize=525%2C300 1.5x, https:\/\/i0.wp.com\/media1.kulturpedagogik.se\/2019\/11\/img_0906.jpg?fit=900%2C1200&ssl=1&resize=700%2C400 2x"},"classes":[]},{"id":4102,"url":"https:\/\/kulturpedagogik.se\/?p=4102","url_meta":{"origin":74,"position":3},"title":"Leka och l\u00e4ra p\u00e5 olika niv\u00e5","author":"Maria B Hurtig","date":"30 september, 2018","format":false,"excerpt":"Idag efter lunchen hade vi l\u00e4rande lek i f\u00f6rskoleklassen. Det inneb\u00e4r att vi fr\u00f6knar best\u00e4mmer vem som ska leka med vem och vad de ska leka\/spela med. Barnen uppskattar att l\u00e4ra sig nya lekar\/spel med nya kamrater och n\u00e4r vi gjort det n\u00e5gra g\u00e5nger ser vi att barnen utvecklar sina\u2026","rel":"","context":"I \u201d\u00c5r F-3\u201d","block_context":{"text":"\u00c5r F-3","link":"https:\/\/kulturpedagogik.se\/?cat=1"},"img":{"alt_text":"","src":"https:\/\/i0.wp.com\/media1.kulturpedagogik.se\/2018\/09\/img_8238.jpg?fit=900%2C1200&ssl=1&resize=350%2C200","width":350,"height":200,"srcset":"https:\/\/i0.wp.com\/media1.kulturpedagogik.se\/2018\/09\/img_8238.jpg?fit=900%2C1200&ssl=1&resize=350%2C200 1x, https:\/\/i0.wp.com\/media1.kulturpedagogik.se\/2018\/09\/img_8238.jpg?fit=900%2C1200&ssl=1&resize=525%2C300 1.5x, https:\/\/i0.wp.com\/media1.kulturpedagogik.se\/2018\/09\/img_8238.jpg?fit=900%2C1200&ssl=1&resize=700%2C400 2x"},"classes":[]},{"id":5246,"url":"https:\/\/kulturpedagogik.se\/?p=5246","url_meta":{"origin":74,"position":4},"title":"Mer teknik &#8211; kommunikation","author":"Maria B Hurtig","date":"25 februari, 2021","format":false,"excerpt":"Konstruera telefon och prova ljudet. I \u00e5rskurs 1 forts\u00e4tter vi f\u00f6rdjupa oss i teknik. Jag har tidigare skrivit om teknik och kl\u00e4der h\u00e4r. I veckan har man pratat om teknik och kommunikation. Man har tittat p\u00e5 \u00e4nnu ett avsnitt av typiskt teknik fr\u00e5n UR. Och sin vana trogen blandas i\u2026","rel":"","context":"I \u201d\u00c5r F-3\u201d","block_context":{"text":"\u00c5r F-3","link":"https:\/\/kulturpedagogik.se\/?cat=1"},"img":{"alt_text":"","src":"https:\/\/i0.wp.com\/media1.kulturpedagogik.se\/2021\/02\/img_2705.jpg?fit=1200%2C900&ssl=1&resize=350%2C200","width":350,"height":200,"srcset":"https:\/\/i0.wp.com\/media1.kulturpedagogik.se\/2021\/02\/img_2705.jpg?fit=1200%2C900&ssl=1&resize=350%2C200 1x, https:\/\/i0.wp.com\/media1.kulturpedagogik.se\/2021\/02\/img_2705.jpg?fit=1200%2C900&ssl=1&resize=525%2C300 1.5x, https:\/\/i0.wp.com\/media1.kulturpedagogik.se\/2021\/02\/img_2705.jpg?fit=1200%2C900&ssl=1&resize=700%2C400 2x, https:\/\/i0.wp.com\/media1.kulturpedagogik.se\/2021\/02\/img_2705.jpg?fit=1200%2C900&ssl=1&resize=1050%2C600 3x"},"classes":[]},{"id":668,"url":"https:\/\/kulturpedagogik.se\/?p=668","url_meta":{"origin":74,"position":5},"title":"Drama och musik f\u00f6r demokrati &#8211; arbete mot mobbing","author":"Maria B Hurtig","date":"14 september, 2014","format":"video","excerpt":"P\u00e5 skolavslutningen har vi en cabar\u00e9t vart tredje \u00e5r. D\u00e5 finns det utrymme att jobba lite mer med drama och musik f\u00f6r b\u00e5de l\u00e4rare och elever. I \u00e5r jobbade jag tillsammans med n\u00e5gra elever fram ett litet drama som handlar om demokrati och medbest\u00e4mmande. Barnen hade under terminen stiftat bekantskap\u2026","rel":"","context":"I \u201d\u00c5r 4-6\u201d","block_context":{"text":"\u00c5r 4-6","link":"https:\/\/kulturpedagogik.se\/?cat=4"},"img":{"alt_text":"","src":"","width":0,"height":0},"classes":[]}],"_links":{"self":[{"href":"https:\/\/kulturpedagogik.se\/index.php?rest_route=\/wp\/v2\/posts\/74","targetHints":{"allow":["GET"]}}],"collection":[{"href":"https:\/\/kulturpedagogik.se\/index.php?rest_route=\/wp\/v2\/posts"}],"about":[{"href":"https:\/\/kulturpedagogik.se\/index.php?rest_route=\/wp\/v2\/types\/post"}],"author":[{"embeddable":true,"href":"https:\/\/kulturpedagogik.se\/index.php?rest_route=\/wp\/v2\/users\/1"}],"replies":[{"embeddable":true,"href":"https:\/\/kulturpedagogik.se\/index.php?rest_route=%2Fwp%2Fv2%2Fcomments&post=74"}],"version-history":[{"count":28,"href":"https:\/\/kulturpedagogik.se\/index.php?rest_route=\/wp\/v2\/posts\/74\/revisions"}],"predecessor-version":[{"id":3428,"href":"https:\/\/kulturpedagogik.se\/index.php?rest_route=\/wp\/v2\/posts\/74\/revisions\/3428"}],"wp:featuredmedia":[{"embeddable":true,"href":"https:\/\/kulturpedagogik.se\/index.php?rest_route=\/wp\/v2\/media\/94"}],"wp:attachment":[{"href":"https:\/\/kulturpedagogik.se\/index.php?rest_route=%2Fwp%2Fv2%2Fmedia&parent=74"}],"wp:term":[{"taxonomy":"category","embeddable":true,"href":"https:\/\/kulturpedagogik.se\/index.php?rest_route=%2Fwp%2Fv2%2Fcategories&post=74"},{"taxonomy":"post_tag","embeddable":true,"href":"https:\/\/kulturpedagogik.se\/index.php?rest_route=%2Fwp%2Fv2%2Ftags&post=74"}],"curies":[{"name":"wp","href":"https:\/\/api.w.org\/{rel}","templated":true}]}}