{"id":621,"date":"2014-06-27T07:38:40","date_gmt":"2014-06-27T07:38:40","guid":{"rendered":"http:\/\/kulturpedagogik.se\/?p=621"},"modified":"2014-09-14T08:39:43","modified_gmt":"2014-09-14T08:39:43","slug":"leksaker-som-inspiration-pokemon","status":"publish","type":"post","link":"https:\/\/kulturpedagogik.se\/?p=621","title":{"rendered":"Leksaker som inspiration &#8211; Pok\u00e9mon"},"content":{"rendered":"<div id=\"attachment_613\" style=\"width: 310px\" class=\"wp-caption alignleft\"><a href=\"http:\/\/kulturpedagogik.se\/?attachment_id=613#main\" rel=\"attachment wp-att-613\"><img data-recalc-dims=\"1\" loading=\"lazy\" decoding=\"async\" aria-describedby=\"caption-attachment-613\" class=\"wp-image-613\" src=\"https:\/\/i0.wp.com\/media1.kulturpedagogik.se\/2014\/06\/20140627-064210-24130935-e1403882519728-300x280.jpg?resize=300%2C280\" alt=\"Pichu med \u00e4nglavingar\" width=\"300\" height=\"280\" srcset=\"https:\/\/i0.wp.com\/media1.kulturpedagogik.se\/2014\/06\/20140627-064210-24130935-e1403882519728.jpg?resize=300%2C280&amp;ssl=1 300w, https:\/\/i0.wp.com\/media1.kulturpedagogik.se\/2014\/06\/20140627-064210-24130935-e1403882519728.jpg?resize=150%2C140&amp;ssl=1 150w, https:\/\/i0.wp.com\/media1.kulturpedagogik.se\/2014\/06\/20140627-064210-24130935-e1403882519728.jpg?w=388&amp;ssl=1 388w\" sizes=\"auto, (max-width: 300px) 100vw, 300px\" \/><\/a><p id=\"caption-attachment-613\" class=\"wp-caption-text\">Pichu med \u00e4nglavingar (flicka \u00e5k 2)<\/p><\/div>\n<address style=\"text-align: justify;\"><em>Ska man jobba med inspiration fr\u00e5n kommersiella leksaker som Pok\u00e9mon? Ja, argumenterar den h\u00e4r artikeln, d\u00e5 det kan ge inspiration till lek d\u00e4r barn kan f\u00f6rlora sig och finna sig sj\u00e4lva. Barnen tr\u00e4nar sina f\u00e4rdigheter samtidigt som deras tankar kan bli mer tillg\u00e4ngliga f\u00f6r reflektion &#8211; bildning.<\/em><\/address>\n<p style=\"text-align: justify;\">P\u00e5 v\u00e5r skola \u00e4r det m\u00e5nga barn som samlar och byter Pok\u00e9monbilder. P\u00e5 fritids f\u00e5r de lov att g\u00f6ra det med sina egna samlingar. En pojke, med stort intresse och djupa kunskaper om Pok\u00e9mon, b\u00f6rjade en dag rita av bilderna. Och sedan l\u00e5g det n\u00e4ra till hands att uppmuntra barnen att designa sin egna. Det gjorde jag genom att s\u00e4tta\u00a0mig sj\u00e4lv ned och g\u00f6ra en egen design. Genom att korsa olika djur och sedan ge dem egenskaper, namn, krafter och liv p\u00e5 engelska i olika stadier fick jag fram en utveckling av Pok\u00e9mon som st\u00e4mde f\u00f6r mig. N\u00e4r barnen s\u00e5g mitt arbete b\u00f6rjade allt fler intressera sig.<\/p>\n<p style=\"text-align: justify;\">Varf\u00f6r jobba med en s\u00e5 kommersiell produkt, fr\u00e5gar sig kanske n\u00e5gon? En orsak kan vara att\u00a0Pok\u00e9mon utvecklas i olika faser och det ger utrymme f\u00f6r ett djupare t\u00e4nkande kring utveckling och f\u00f6r\u00e4ndring. Det \u00e4r ocks\u00e5 mycket vunnet att barnen blir begeistrade. Att de gillar det, helt enkelt. Det kan bli en drivkraft till f\u00f6rkovran och personliga uttryck &#8211; inspiration helt enkelt. Ett barn som f\u00f6rlorar sig i arbetet tr\u00e4nar sig b\u00e5de i teckning, f\u00e4rgs\u00e4ttning och engelska. Och genom att f\u00f6rlora sig kan de samtidigt finna sig sj\u00e4lva.\u00a0Den skapande processen \u00e4r terapeutisk och f\u00f6rlorar vi oss \u00e4r det inte s\u00e4llan vi f\u00e5r syn p\u00e5 oss sj\u00e4lva. Denna kunskap kan falla inom specialpedagogikens sf\u00e4r eller inom det lite vidare begreppet &#8221;bildning&#8221;. Maria \u00d6ksnes skriver i <em>Lekens flertydighet <\/em>(Liber 2011) om Gardamers syn p\u00e5 leken som en bildningsprocess. H\u00e4r \u00e4r det d\u00e5 vi f\u00f6rlorar oss i leken som vi ocks\u00e5 skapar utrymme f\u00f6r att n\u00e5got &#8221;bara h\u00e4nder&#8221; och vi p\u00e5 detta s\u00e4tt kan se en sak eller en problemst\u00e4llning i nytt ljus.<\/p>\n<p style=\"text-align: justify;\">Jerome Bruner p\u00e5talar i <em>Kulturens v\u00e4v<\/em>\u00a0(Daidalos 2002) f\u00f6rdelen med skapande som ett forum f\u00f6r att vi ska f\u00e5 syn p\u00e5 v\u00e5ra inre tankar och k\u00e4nslor. Han menar att verken som skapas \u00e4r externaliserad dokumentation av det inre liv av de mentala anstr\u00e4ngningar vi b\u00e4r med oss. De kan d\u00e4rmed vara utm\u00e4rkta forum f\u00f6r att reflektera \u00f6ver oss sj\u00e4lva. Sm\u00e5 barn \u00e4r inte alltid s\u00e5 klara \u00f6ver att det de uttrycker \u00e4r s\u00e5 n\u00e4ra kopplat till dem sj\u00e4lva medan \u00e4ldre barn ibland kan reflektera \u00f6ppet utifr\u00e5n n\u00e5got de gjort. Som l\u00e4rare \u00e4r det dock alltid givande att ta del av deras skapelser och processen d\u00e5 de f\u00f6rlorar sig i arbetet. I h\u00e4nryckningen utrycker de ofta n\u00e5got unikt personligt och d\u00e5 de lyckas \u00f6veraska sig sj\u00e4lva blir de ofta n\u00f6jda och uppfyllda. Ibland kan jag som pedagog ocks\u00e5 f\u00e5 en vink om n\u00e5gon tanke eller k\u00e4nsla som uppfyller dem &#8211; jag f\u00f6rst\u00e5r dem.<\/p>\n<div id=\"attachment_616\" style=\"width: 271px\" class=\"wp-caption alignleft\"><a href=\"http:\/\/kulturpedagogik.se\/?attachment_id=616#main\" rel=\"attachment wp-att-616\"><img data-recalc-dims=\"1\" loading=\"lazy\" decoding=\"async\" aria-describedby=\"caption-attachment-616\" class=\"size-medium wp-image-616\" src=\"https:\/\/i0.wp.com\/media1.kulturpedagogik.se\/2014\/06\/20140627-064212-24132363-e1403883426623-261x300.jpg?resize=261%2C300\" alt=\"F\u00f6rsta utvecklingen kan attackera genom att rulla (\u00e5k 3)\" width=\"261\" height=\"300\" srcset=\"https:\/\/i0.wp.com\/media1.kulturpedagogik.se\/2014\/06\/20140627-064212-24132363-e1403883426623.jpg?resize=261%2C300&amp;ssl=1 261w, https:\/\/i0.wp.com\/media1.kulturpedagogik.se\/2014\/06\/20140627-064212-24132363-e1403883426623.jpg?resize=130%2C150&amp;ssl=1 130w, https:\/\/i0.wp.com\/media1.kulturpedagogik.se\/2014\/06\/20140627-064212-24132363-e1403883426623.jpg?w=436&amp;ssl=1 436w\" sizes=\"auto, (max-width: 261px) 100vw, 261px\" \/><\/a><p id=\"caption-attachment-616\" class=\"wp-caption-text\">F\u00f6rsta utvecklingen kan attackera genom att rulla (pojke \u00e5k 3)<\/p><\/div>\n<div id=\"attachment_615\" style=\"width: 275px\" class=\"wp-caption alignleft\"><a href=\"http:\/\/kulturpedagogik.se\/?attachment_id=615#main\" rel=\"attachment wp-att-615\"><img data-recalc-dims=\"1\" loading=\"lazy\" decoding=\"async\" aria-describedby=\"caption-attachment-615\" class=\"size-medium wp-image-615\" src=\"https:\/\/i0.wp.com\/media1.kulturpedagogik.se\/2014\/06\/20140627-064213-24133057-e1403883367807-265x300.jpg?resize=265%2C300\" alt=\"Andra utvecklingens f\u00f6rsvar: dimma och miniblixtar (\u00e5k 3)\" width=\"265\" height=\"300\" srcset=\"https:\/\/i0.wp.com\/media1.kulturpedagogik.se\/2014\/06\/20140627-064213-24133057-e1403883367807.jpg?resize=265%2C300&amp;ssl=1 265w, https:\/\/i0.wp.com\/media1.kulturpedagogik.se\/2014\/06\/20140627-064213-24133057-e1403883367807.jpg?resize=132%2C150&amp;ssl=1 132w, https:\/\/i0.wp.com\/media1.kulturpedagogik.se\/2014\/06\/20140627-064213-24133057-e1403883367807.jpg?w=435&amp;ssl=1 435w\" sizes=\"auto, (max-width: 265px) 100vw, 265px\" \/><\/a><p id=\"caption-attachment-615\" class=\"wp-caption-text\">Andra utvecklingens f\u00f6rsvar: dimma och miniblixtar (pojke \u00e5k 3)<\/p><\/div>\n<div id=\"attachment_620\" style=\"width: 261px\" class=\"wp-caption alignleft\"><a href=\"http:\/\/kulturpedagogik.se\/?attachment_id=620#main\" rel=\"attachment wp-att-620\"><img data-recalc-dims=\"1\" loading=\"lazy\" decoding=\"async\" aria-describedby=\"caption-attachment-620\" class=\"size-medium wp-image-620\" src=\"https:\/\/i0.wp.com\/media1.kulturpedagogik.se\/2014\/06\/20140627-093806-34686748-e1403882917510-251x300.jpg?resize=251%2C300\" alt=\"H\u00f6gsta utvecklingsstadiet kan skicka b\u00e5de \u00e5skv\u00e4der och blixtar (\u00e5k3)\" width=\"251\" height=\"300\" srcset=\"https:\/\/i0.wp.com\/media1.kulturpedagogik.se\/2014\/06\/20140627-093806-34686748-e1403882917510.jpg?resize=251%2C300&amp;ssl=1 251w, https:\/\/i0.wp.com\/media1.kulturpedagogik.se\/2014\/06\/20140627-093806-34686748-e1403882917510.jpg?resize=125%2C150&amp;ssl=1 125w, https:\/\/i0.wp.com\/media1.kulturpedagogik.se\/2014\/06\/20140627-093806-34686748-e1403882917510.jpg?w=441&amp;ssl=1 441w\" sizes=\"auto, (max-width: 251px) 100vw, 251px\" \/><\/a><p id=\"caption-attachment-620\" class=\"wp-caption-text\">H\u00f6gsta utvecklingsstadiet kan skicka b\u00e5de \u00e5skv\u00e4der och blixtar (pojke \u00e5k3)<\/p><\/div>\n<p>&nbsp;<\/p>\n<p>&nbsp;<\/p>\n<p>&nbsp;<\/p>\n<p>&nbsp;<\/p>\n<p>&nbsp;<\/p>\n<p>&nbsp;<\/p>\n<p>&nbsp;<\/p>\n<p>&nbsp;<\/p>\n<p>&nbsp;<\/p>\n<p>&nbsp;<\/p>\n<p>&nbsp;<\/p>\n<p>&nbsp;<\/p>\n<p>&nbsp;<\/p>\n<p>&nbsp;<\/p>\n<p>&nbsp;<\/p>\n<p>&nbsp;<\/p>\n<p>&nbsp;<\/p>\n<p>Referenser:<\/p>\n<ul>\n<li>Bruner Jerome, <em>Kulturens v\u00e4v Utbildning i en kulturpsykologisk belysning<\/em>, Daidalos 2002<\/li>\n<li>\u00d6ksnes Maria,<em> Lekens flertydighet Om barns lek i en institiutionaliserad barndom<\/em>, Liber 2011<\/li>\n<\/ul>\n","protected":false},"excerpt":{"rendered":"<p>Ska man jobba med inspiration fr&aring;n kommersiella leksaker som Pok&eacute;mon? Ja, argumenterar den h&auml;r artikeln, d&aring; det kan ge inspiration till lek d&auml;r barn kan f&ouml;rlora sig och finna sig sj&auml;lva. Barnen tr&auml;nar sina f&auml;rdigheter samtidigt som deras tankar kan&hellip;<\/p>\n<p class=\"more-link-p\"><a class=\"more-link\" href=\"https:\/\/kulturpedagogik.se\/?p=621\">Read more &rarr;<\/a><\/p>\n","protected":false},"author":1,"featured_media":613,"comment_status":"open","ping_status":"open","sticky":false,"template":"","format":"standard","meta":{"jetpack_post_was_ever_published":false,"_jetpack_newsletter_access":"","_jetpack_dont_email_post_to_subs":false,"_jetpack_newsletter_tier_id":0,"_jetpack_memberships_contains_paywalled_content":false,"_jetpack_memberships_contains_paid_content":false,"footnotes":"","jetpack_publicize_message":"","jetpack_publicize_feature_enabled":true,"jetpack_social_post_already_shared":false,"jetpack_social_options":{"image_generator_settings":{"template":"highway","default_image_id":0,"font":"","enabled":false},"version":2}},"categories":[4,1],"tags":[28,32,18],"class_list":["post-621","post","type-post","status-publish","format-standard","has-post-thumbnail","hentry","category-ar-4-6","category-ar-1-3","tag-bild","tag-engelska","tag-interkulturalitet"],"jetpack_publicize_connections":[],"jetpack_featured_media_url":"https:\/\/i0.wp.com\/media1.kulturpedagogik.se\/2014\/06\/20140627-064210-24130935-e1403882519728.jpg?fit=388%2C363&ssl=1","jetpack_sharing_enabled":true,"jetpack_shortlink":"https:\/\/wp.me\/p7YLN2-a1","jetpack-related-posts":[{"id":5821,"url":"https:\/\/kulturpedagogik.se\/?p=5821","url_meta":{"origin":621,"position":0},"title":"L\u00e4slust, lek och samhandling","author":"Maria B Hurtig","date":"11 februari, 2023","format":false,"excerpt":"I f\u00f6rskoleklasserna p\u00e5 kyrkskolan har m\u00e5nga av eleverna l\u00e4rt sig att l\u00e4sa vid det h\u00e4r laget. D\u00e4remot saknar l\u00e4rarna sm\u00e5b\u00f6cker med dragningskraft p\u00e5 barnen. N\u00e4r f nu l\u00e4ser i h\u00f6gre utstr\u00e4ckning beh\u00f6ver vi utveckla hur vi samsas om resurserna st\u00e5r klart. De sm\u00e5b\u00f6cker som ettorna haft tillg\u00e5ng till under h\u00f6sten\u2026","rel":"","context":"I \u201d\u00c5r F-3\u201d","block_context":{"text":"\u00c5r F-3","link":"https:\/\/kulturpedagogik.se\/?cat=1"},"img":{"alt_text":"","src":"https:\/\/i0.wp.com\/media1.kulturpedagogik.se\/2023\/02\/img_6060-1-scaled.jpg?fit=1200%2C823&ssl=1&resize=350%2C200","width":350,"height":200,"srcset":"https:\/\/i0.wp.com\/media1.kulturpedagogik.se\/2023\/02\/img_6060-1-scaled.jpg?fit=1200%2C823&ssl=1&resize=350%2C200 1x, https:\/\/i0.wp.com\/media1.kulturpedagogik.se\/2023\/02\/img_6060-1-scaled.jpg?fit=1200%2C823&ssl=1&resize=525%2C300 1.5x, https:\/\/i0.wp.com\/media1.kulturpedagogik.se\/2023\/02\/img_6060-1-scaled.jpg?fit=1200%2C823&ssl=1&resize=700%2C400 2x, https:\/\/i0.wp.com\/media1.kulturpedagogik.se\/2023\/02\/img_6060-1-scaled.jpg?fit=1200%2C823&ssl=1&resize=1050%2C600 3x"},"classes":[]},{"id":1078,"url":"https:\/\/kulturpedagogik.se\/?p=1078","url_meta":{"origin":621,"position":1},"title":"Tema yrken &#8211; i dr\u00f6m och verklighet","author":"Maria B Hurtig","date":"4 maj, 2016","format":false,"excerpt":"Susanne \u00c5gren \u00e4r regiss\u00f6ren och undersk\u00f6terskan som blev l\u00e4rare. Det h\u00e4r temat har hon skapat i en \u00e5rkurs 2 p\u00e5 Viaskolan i Nyn\u00e4shamn. Temat l\u00e5ter barnen dr\u00f6mma om framtiden men ocks\u00e5 ta reda p\u00e5 fakta kring olika yrken i verkligheten. Det bjuder ocks\u00e5 in till en n\u00e4rmare medverkan av f\u00f6r\u00e4ldrarna\u2026","rel":"","context":"I \u201d\u00c5r F-3\u201d","block_context":{"text":"\u00c5r F-3","link":"https:\/\/kulturpedagogik.se\/?cat=1"},"img":{"alt_text":"","src":"https:\/\/i0.wp.com\/media1.kulturpedagogik.se\/2016\/04\/IMG_3860.jpg?fit=1200%2C900&ssl=1&resize=350%2C200","width":350,"height":200,"srcset":"https:\/\/i0.wp.com\/media1.kulturpedagogik.se\/2016\/04\/IMG_3860.jpg?fit=1200%2C900&ssl=1&resize=350%2C200 1x, https:\/\/i0.wp.com\/media1.kulturpedagogik.se\/2016\/04\/IMG_3860.jpg?fit=1200%2C900&ssl=1&resize=525%2C300 1.5x, https:\/\/i0.wp.com\/media1.kulturpedagogik.se\/2016\/04\/IMG_3860.jpg?fit=1200%2C900&ssl=1&resize=700%2C400 2x, https:\/\/i0.wp.com\/media1.kulturpedagogik.se\/2016\/04\/IMG_3860.jpg?fit=1200%2C900&ssl=1&resize=1050%2C600 3x"},"classes":[]},{"id":5814,"url":"https:\/\/kulturpedagogik.se\/?p=5814","url_meta":{"origin":621,"position":2},"title":"School is cool! &#8211; motivation och mening i tidiga \u00e5r","author":"Maria B Hurtig","date":"30 maj, 2023","format":false,"excerpt":"I laborativt samarbete och samtal kring tyngd hos olika Pok\u00e9monkarakt\u00e4rer tr\u00e4nas b\u00e5de matematiska begrepp, taluppfattning och svenska s\u00e5v\u00e4l som engelska. Enligt l\u00e5ngtidsutredningen 2019 \u00e4r det vanligt att skolor p\u00e5 landet halkar efter. I v\u00e5r skola p\u00e5 landet har vi v\u00e4nt en s\u00e5dan utveckling. Resultaten i l\u00e4sning har f\u00f6rb\u00e4ttrats f\u00f6r b\u00e5de\u2026","rel":"","context":"I \u201d\u00c5r F-3\u201d","block_context":{"text":"\u00c5r F-3","link":"https:\/\/kulturpedagogik.se\/?cat=1"},"img":{"alt_text":"","src":"https:\/\/i0.wp.com\/media1.kulturpedagogik.se\/2023\/05\/img_6429-scaled.jpg?fit=1200%2C900&ssl=1&resize=350%2C200","width":350,"height":200,"srcset":"https:\/\/i0.wp.com\/media1.kulturpedagogik.se\/2023\/05\/img_6429-scaled.jpg?fit=1200%2C900&ssl=1&resize=350%2C200 1x, https:\/\/i0.wp.com\/media1.kulturpedagogik.se\/2023\/05\/img_6429-scaled.jpg?fit=1200%2C900&ssl=1&resize=525%2C300 1.5x, https:\/\/i0.wp.com\/media1.kulturpedagogik.se\/2023\/05\/img_6429-scaled.jpg?fit=1200%2C900&ssl=1&resize=700%2C400 2x, https:\/\/i0.wp.com\/media1.kulturpedagogik.se\/2023\/05\/img_6429-scaled.jpg?fit=1200%2C900&ssl=1&resize=1050%2C600 3x"},"classes":[]},{"id":5183,"url":"https:\/\/kulturpedagogik.se\/?p=5183","url_meta":{"origin":621,"position":3},"title":"Hej Vinter!","author":"Maria B Hurtig","date":"20 januari, 2021","format":false,"excerpt":"Vi har v\u00e4l alla g\u00e5tt ut i naturen med klasser f\u00f6r att s\u00f6ka inspiration och v\u00e5rtecken f\u00f6r att skriva en v\u00e5rdikt? Det brukar ha god effekt p\u00e5 elevernas skrivande. Verkligheten \u00e4r o\u00f6vertr\u00e4ffad som utg\u00e5ngspunkt f\u00f6r att skriva n\u00e5got genuint. Men varf\u00f6r v\u00e4nta till v\u00e5ren? I klimatf\u00f6r\u00e4ndringarnas tidevarv \u00e4r vi minst\u2026","rel":"","context":"I \u201d\u00c5r F-3\u201d","block_context":{"text":"\u00c5r F-3","link":"https:\/\/kulturpedagogik.se\/?cat=1"},"img":{"alt_text":"","src":"https:\/\/i0.wp.com\/media1.kulturpedagogik.se\/2021\/01\/img_2496-scaled.jpg?fit=1200%2C900&ssl=1&resize=350%2C200","width":350,"height":200,"srcset":"https:\/\/i0.wp.com\/media1.kulturpedagogik.se\/2021\/01\/img_2496-scaled.jpg?fit=1200%2C900&ssl=1&resize=350%2C200 1x, https:\/\/i0.wp.com\/media1.kulturpedagogik.se\/2021\/01\/img_2496-scaled.jpg?fit=1200%2C900&ssl=1&resize=525%2C300 1.5x, https:\/\/i0.wp.com\/media1.kulturpedagogik.se\/2021\/01\/img_2496-scaled.jpg?fit=1200%2C900&ssl=1&resize=700%2C400 2x, https:\/\/i0.wp.com\/media1.kulturpedagogik.se\/2021\/01\/img_2496-scaled.jpg?fit=1200%2C900&ssl=1&resize=1050%2C600 3x"},"classes":[]},{"id":3390,"url":"https:\/\/kulturpedagogik.se\/?p=3390","url_meta":{"origin":621,"position":4},"title":"L\u00e4ra mer med begrepp och modellering","author":"Maria B Hurtig","date":"6 februari, 2018","format":false,"excerpt":"Att \"modellera\", dvs visa exempel p\u00e5 hur en uppgift kan l\u00f6sas \u00e4r n\u00e5got som f\u00f6rordas nuf\u00f6rtiden f\u00f6r att alla elever ska kunna lyckas. Inom ett spr\u00e5kutvecklande arbetss\u00e4tt och svenska k\u00e4nns det naturligt (Gibbons 2006). Men i bild\u00e4mnet och f\u00f6r den ovane kan det k\u00e4nnas som lite \"fusk\" och man kan\u2026","rel":"","context":"I \u201d\u00c5r F-3\u201d","block_context":{"text":"\u00c5r F-3","link":"https:\/\/kulturpedagogik.se\/?cat=1"},"img":{"alt_text":"","src":"https:\/\/i0.wp.com\/media1.kulturpedagogik.se\/2018\/02\/img_7308.jpg?fit=900%2C1200&ssl=1&resize=350%2C200","width":350,"height":200,"srcset":"https:\/\/i0.wp.com\/media1.kulturpedagogik.se\/2018\/02\/img_7308.jpg?fit=900%2C1200&ssl=1&resize=350%2C200 1x, https:\/\/i0.wp.com\/media1.kulturpedagogik.se\/2018\/02\/img_7308.jpg?fit=900%2C1200&ssl=1&resize=525%2C300 1.5x, https:\/\/i0.wp.com\/media1.kulturpedagogik.se\/2018\/02\/img_7308.jpg?fit=900%2C1200&ssl=1&resize=700%2C400 2x"},"classes":[]},{"id":4641,"url":"https:\/\/kulturpedagogik.se\/?p=4641","url_meta":{"origin":621,"position":5},"title":"Samling med sug","author":"Maria B Hurtig","date":"22 oktober, 2019","format":false,"excerpt":"Jag brukar \u00e4ta med f\u00f6rskoleklasserna f\u00f6r att vara en extra vuxen d\u00e5 en fritidskollega g\u00e5r p\u00e5 rast. Det \u00e4r bra att l\u00e4ra k\u00e4nna sex\u00e5ringarna t\u00e4nker jag. Det \u00e4r bra f\u00f6r mig b\u00e5de som specialpedagog och bitr\u00e4dande rektor. P\u00e5 v\u00e5r lilla skola vill man g\u00e4rna k\u00e4nna alla barn och d\u00e5 \u00e4r\u2026","rel":"","context":"I \u201d\u00c5r F-3\u201d","block_context":{"text":"\u00c5r F-3","link":"https:\/\/kulturpedagogik.se\/?cat=1"},"img":{"alt_text":"","src":"https:\/\/i0.wp.com\/media1.kulturpedagogik.se\/2019\/10\/img_0849.jpg?fit=1200%2C900&ssl=1&resize=350%2C200","width":350,"height":200,"srcset":"https:\/\/i0.wp.com\/media1.kulturpedagogik.se\/2019\/10\/img_0849.jpg?fit=1200%2C900&ssl=1&resize=350%2C200 1x, https:\/\/i0.wp.com\/media1.kulturpedagogik.se\/2019\/10\/img_0849.jpg?fit=1200%2C900&ssl=1&resize=525%2C300 1.5x, https:\/\/i0.wp.com\/media1.kulturpedagogik.se\/2019\/10\/img_0849.jpg?fit=1200%2C900&ssl=1&resize=700%2C400 2x, https:\/\/i0.wp.com\/media1.kulturpedagogik.se\/2019\/10\/img_0849.jpg?fit=1200%2C900&ssl=1&resize=1050%2C600 3x"},"classes":[]}],"_links":{"self":[{"href":"https:\/\/kulturpedagogik.se\/index.php?rest_route=\/wp\/v2\/posts\/621","targetHints":{"allow":["GET"]}}],"collection":[{"href":"https:\/\/kulturpedagogik.se\/index.php?rest_route=\/wp\/v2\/posts"}],"about":[{"href":"https:\/\/kulturpedagogik.se\/index.php?rest_route=\/wp\/v2\/types\/post"}],"author":[{"embeddable":true,"href":"https:\/\/kulturpedagogik.se\/index.php?rest_route=\/wp\/v2\/users\/1"}],"replies":[{"embeddable":true,"href":"https:\/\/kulturpedagogik.se\/index.php?rest_route=%2Fwp%2Fv2%2Fcomments&post=621"}],"version-history":[{"count":21,"href":"https:\/\/kulturpedagogik.se\/index.php?rest_route=\/wp\/v2\/posts\/621\/revisions"}],"predecessor-version":[{"id":666,"href":"https:\/\/kulturpedagogik.se\/index.php?rest_route=\/wp\/v2\/posts\/621\/revisions\/666"}],"wp:featuredmedia":[{"embeddable":true,"href":"https:\/\/kulturpedagogik.se\/index.php?rest_route=\/wp\/v2\/media\/613"}],"wp:attachment":[{"href":"https:\/\/kulturpedagogik.se\/index.php?rest_route=%2Fwp%2Fv2%2Fmedia&parent=621"}],"wp:term":[{"taxonomy":"category","embeddable":true,"href":"https:\/\/kulturpedagogik.se\/index.php?rest_route=%2Fwp%2Fv2%2Fcategories&post=621"},{"taxonomy":"post_tag","embeddable":true,"href":"https:\/\/kulturpedagogik.se\/index.php?rest_route=%2Fwp%2Fv2%2Ftags&post=621"}],"curies":[{"name":"wp","href":"https:\/\/api.w.org\/{rel}","templated":true}]}}