{"id":5912,"date":"2023-05-27T14:53:47","date_gmt":"2023-05-27T12:53:47","guid":{"rendered":"http:\/\/kulturpedagogik.se\/?p=5912"},"modified":"2023-05-28T11:35:27","modified_gmt":"2023-05-28T09:35:27","slug":"skyltfonster-eller-verklig-utveckling-i-skolan","status":"publish","type":"post","link":"https:\/\/kulturpedagogik.se\/?p=5912","title":{"rendered":"Skyltf\u00f6nster eller verklig utveckling i skolan"},"content":{"rendered":"\n<p>-Benny!  L\u00e4raren p\u00e5kallar en elevs uppm\u00e4rksamhet. Hon h\u00e5ller upp sin h\u00f6gra hand och vispar d\u00e4refter med pekfinger medsols. Eleven v\u00e4nder sig om och s\u00e4tter sig ned. Hon korrigerar en annan elev med en annan gest innan hon v\u00e4nder p\u00e5 timglaset och r\u00e4knar in 5 tysta minuter tillsammans med eleverna. Likt en trafikpolis eller dirigent h\u00e5ller hon kontakt med gruppen och lyckas styra ljudniv\u00e5n i matsalen.<\/p>\n\n\n\n<p>Att anv\u00e4nda gester f\u00f6r att korrigera elever \u00e4r effektivt och kan fungera f\u00f6rebyggande. D\u00e5 barn f\u00e5r instruktion och undviker k\u00e4nslor av skam lyckas de ofta rikta sin uppm\u00e4rksamhet i r\u00e4tt riktning. Matsalen \u00e4r en plats som vi diskuterat nyligen i teamet kring f-klass. Hur vi kan skapa f\u00f6ruts\u00e4ttningar f\u00f6r matro d\u00e5 ljudniv\u00e5n eskalerat p\u00e5 senare tid. D\u00e5 vi lyckas styra utan att smitta elever med negativa k\u00e4nslor \u00e4r det bra f\u00f6r det <em>v\u00e4lkomnande klimatet <\/em>(Ainscow et al 2012). En av tv\u00e5 f\u00f6ruts\u00e4ttningar f\u00f6r att elever ska lyckas i skolan. <\/p>\n\n\n\n<figure class=\"wp-block-image size-large\"><img data-recalc-dims=\"1\" loading=\"lazy\" decoding=\"async\" width=\"860\" height=\"483\" src=\"https:\/\/i0.wp.com\/media1.kulturpedagogik.se\/2022\/09\/Ainscow.png?resize=860%2C483&#038;ssl=1\" alt=\"\" class=\"wp-image-5629\" srcset=\"https:\/\/i0.wp.com\/media1.kulturpedagogik.se\/2022\/09\/Ainscow.png?w=1129&amp;ssl=1 1129w, https:\/\/i0.wp.com\/media1.kulturpedagogik.se\/2022\/09\/Ainscow.png?resize=300%2C168&amp;ssl=1 300w, https:\/\/i0.wp.com\/media1.kulturpedagogik.se\/2022\/09\/Ainscow.png?resize=150%2C84&amp;ssl=1 150w, https:\/\/i0.wp.com\/media1.kulturpedagogik.se\/2022\/09\/Ainscow.png?resize=768%2C431&amp;ssl=1 768w, https:\/\/i0.wp.com\/media1.kulturpedagogik.se\/2022\/09\/Ainscow.png?resize=560%2C314&amp;ssl=1 560w, https:\/\/i0.wp.com\/media1.kulturpedagogik.se\/2022\/09\/Ainscow.png?resize=260%2C146&amp;ssl=1 260w, https:\/\/i0.wp.com\/media1.kulturpedagogik.se\/2022\/09\/Ainscow.png?resize=160%2C90&amp;ssl=1 160w\" sizes=\"auto, (max-width: 860px) 100vw, 860px\" \/><\/figure>\n\n\n\n<p>Jag \u00e4ter illsammans med sex\u00e5ringar och sju\u00e5ringar och deras l\u00e4rare om dagarna. En praktisk \u00e5tg\u00e4rd f\u00f6r att alla raster ska organiseras men ocks\u00e5 ett tillf\u00e4lle att skapa relation till elever och att utveckla teamwork.  Vi har nyligen talat om ljudniv\u00e5n och hur vi kan agera f\u00f6r att uppr\u00e4tth\u00e5lla och etablera en milj\u00f6 som vi kan st\u00e5 f\u00f6r. Idag blir jag imponerad \u00f6ver hur l\u00e4rarna i f tillsamman styr. Alla i gruppen spelar sin roll.  <\/p>\n\n\n\n<p>Inom skolutvecklings-lingo betonas att samarbete och samsyn k\u00e4nnetecknar framg\u00e5ngsrika skolor (Dyson &amp; Millward 2000, Folkesson et al 2004). Samtidigt f\u00e5r vi se upp med att hamna i samma tankebox betonar Alvesson &amp; Lundholm (2023). Det \u00e4r inte v\u00e5rt gemensamma prat eller v\u00e5r perfekta regelefterlevnad som g\u00f6r den stora skillnaden. Skolutveckling kan fungera som ett skyltf\u00f6nster d\u00e4r trender viss upp enigt Blossing (2019). Ist\u00e4llet \u00e4r det v\u00e5r fortsatta reflektion d\u00e4r \u00e4ven kritiska r\u00f6ster v\u00e4lkomnas att bidra till samtalet och v\u00e5ra avv\u00e4ganden och f\u00f6rs\u00f6k. Det b\u00f6r ocks\u00e5 vara till\u00e5tet att misslyckas f\u00f6r att \u00f6ppna m\u00f6jligheter att prova nytt och f\u00f6rb\u00e4ttra. Genom att inbjuda \u00e4ven kritiska r\u00f6ster kan vi f\u00e5 syn p\u00e5 olika effekter som vi inte alltid tagit h\u00e4nsyn till. <\/p>\n\n\n\n<p>Verkligheten \u00e4r m\u00e5ngfacetterad, inte svartvit och  utvecklingen i praktiken \u00e4r inte perfekt och tillr\u00e4ttalagd som ett skyltf\u00f6nster utan r\u00f6rlig och full av olika m\u00f6jligheter som en resa p\u00e5 ett segelfartyg. Vi kan inte sluta ta ut kursen och segel beh\u00f6ver hissas och tas ned beroende p\u00e5 v\u00e4der och vart vi \u00e4r p\u00e5 v\u00e4g.<\/p>\n\n\n\n<p>Ainscow, M., Dyson, A., Goldrick, S. &amp; West, M. (2012): Making schools effective for all: rethinking the task. School Leadership &amp; Management: Formerly School Organisation, 32(3) 197-213<\/p>\n\n\n\n<p>Dyson Alan &amp; Millward Alan (2000) <em>Schools and Special Needs: Issues of Innovation and Inklusion<\/em>, London: Sage Publications<\/p>\n\n\n\n<p>Folkesson, Lena, Lengdahls Rosendahl, Birgit, L\u00e4ngsj\u00f6, Eva &amp; R\u00f6nnerman, Karin (2004) <em>Perspektiv p\u00e5 Skolutveckling, <\/em>Lund: Studentlitteratur<\/p>\n\n\n\n<p>Lundholm Susanne &amp; Alvesson Mats (2023) S<em>kolans ledarskap och m\u00e5l : rektor som maskinist, flipperkula och m\u00e5ls\u00f6kande missil<\/em>, Lund: Studentlitteratur <\/p>\n","protected":false},"excerpt":{"rendered":"<p>-Benny! L&auml;raren p&aring;kallar en elevs uppm&auml;rksamhet. Hon h&aring;ller upp sin h&ouml;gra hand och vispar d&auml;refter med pekfinger medsols. Eleven v&auml;nder sig om och s&auml;tter sig ned. Hon korrigerar en annan elev med en annan gest innan hon v&auml;nder p&aring; timglaset&hellip;<\/p>\n<p class=\"more-link-p\"><a class=\"more-link\" href=\"https:\/\/kulturpedagogik.se\/?p=5912\">Read more &rarr;<\/a><\/p>\n","protected":false},"author":1,"featured_media":5629,"comment_status":"open","ping_status":"open","sticky":false,"template":"","format":"standard","meta":{"jetpack_post_was_ever_published":false,"_jetpack_newsletter_access":"","_jetpack_dont_email_post_to_subs":false,"_jetpack_newsletter_tier_id":0,"_jetpack_memberships_contains_paywalled_content":false,"_jetpack_memberships_contains_paid_content":false,"footnotes":"","jetpack_publicize_message":"","jetpack_publicize_feature_enabled":true,"jetpack_social_post_already_shared":true,"jetpack_social_options":{"image_generator_settings":{"template":"highway","default_image_id":0,"font":"","enabled":false},"version":2}},"categories":[1],"tags":[],"class_list":["post-5912","post","type-post","status-publish","format-standard","has-post-thumbnail","hentry","category-ar-1-3"],"jetpack_publicize_connections":[],"jetpack_featured_media_url":"https:\/\/i0.wp.com\/media1.kulturpedagogik.se\/2022\/09\/Ainscow.png?fit=1129%2C634&ssl=1","jetpack_sharing_enabled":true,"jetpack_shortlink":"https:\/\/wp.me\/p7YLN2-1xm","jetpack-related-posts":[{"id":5589,"url":"https:\/\/kulturpedagogik.se\/?p=5589","url_meta":{"origin":5912,"position":0},"title":"Vinna krig med rosa flodh\u00e4star och matematik","author":"Maria B Hurtig","date":"2 september, 2022","format":false,"excerpt":"Vygosjkji har sagt att undervisning \u00e4r som ett krig f\u00f6r elevens b\u00e4sta. Det g\u00e4ller att inte ge upp och ibland f\u00e5r vi ha en r\u00e4v bakom \u00f6rat f\u00f6r att lyckas l\u00e4ra eleven n\u00e5got viktigt. \u00c4ven beteende kan l\u00e4ras ut och eftersl\u00e4pande f\u00f6rm\u00e5gor kan utvecklas genom positiva erfarenheter (Greene 2013). Greene\u2026","rel":"","context":"I \u201d\u00c5r F-3\u201d","block_context":{"text":"\u00c5r F-3","link":"https:\/\/kulturpedagogik.se\/?cat=1"},"img":{"alt_text":"","src":"https:\/\/i0.wp.com\/media1.kulturpedagogik.se\/2022\/09\/img_5337.jpg?resize=350%2C200&ssl=1","width":350,"height":200},"classes":[]},{"id":6168,"url":"https:\/\/kulturpedagogik.se\/?p=6168","url_meta":{"origin":5912,"position":1},"title":"Plocka apelsiner i matsalen","author":"Maria B Hurtig","date":"8 november, 2024","format":false,"excerpt":"Under ett EHT-m\u00f6te f\u00e5r jag av l\u00e4raren h\u00f6ra om en elev som v\u00e4cker fr\u00e5gor. L\u00e4raren ser honom s\u00e4llan le. Det \u00e4r m\u00e5nga utbrott och dilemman dagarna i \u00e4nda. Vi talar en del om sm\u00e5 pojkars utveckling f\u00f6r psykisk h\u00e4lsa och hur vi kan hitta v\u00e4gar runt problemen (Westling Allodi 2010).\u2026","rel":"","context":"I \u201d\u00c5r F-3\u201d","block_context":{"text":"\u00c5r F-3","link":"https:\/\/kulturpedagogik.se\/?cat=1"},"img":{"alt_text":"","src":"https:\/\/i0.wp.com\/media1.kulturpedagogik.se\/2024\/11\/img_9437.jpg?resize=350%2C200&ssl=1","width":350,"height":200,"srcset":"https:\/\/i0.wp.com\/media1.kulturpedagogik.se\/2024\/11\/img_9437.jpg?resize=350%2C200&ssl=1 1x, https:\/\/i0.wp.com\/media1.kulturpedagogik.se\/2024\/11\/img_9437.jpg?resize=525%2C300&ssl=1 1.5x, https:\/\/i0.wp.com\/media1.kulturpedagogik.se\/2024\/11\/img_9437.jpg?resize=700%2C400&ssl=1 2x, https:\/\/i0.wp.com\/media1.kulturpedagogik.se\/2024\/11\/img_9437.jpg?resize=1050%2C600&ssl=1 3x"},"classes":[]},{"id":6240,"url":"https:\/\/kulturpedagogik.se\/?p=6240","url_meta":{"origin":5912,"position":2},"title":"Guldkant fr\u00e5n gammell\u00e4rare","author":"Maria B Hurtig","date":"30 april, 2025","format":false,"excerpt":"Ig\u00e5r lyssnade jag till en f\u00f6rel\u00e4sning av Inger Fridolfsson. Hon \u00e4r en erfaren l\u00e4rare och speciall\u00e4rare. En s\u00e5dan d\u00e4r \u201dgammell\u00e4rare\u201d , som Martin Ingvar ofta efterlyser f\u00f6r att f\u00f6rb\u00e4ttra l\u00e4sundervisningen.I f\u00f6rel\u00e4sningen fick jag med mig id\u00e9er kring det s\u00e4rskilda st\u00f6det som direkt kom till nytta i min vardag med st\u00f6dundervisning\u2026","rel":"","context":"I \u201d\u00c5r F-3\u201d","block_context":{"text":"\u00c5r F-3","link":"https:\/\/kulturpedagogik.se\/?cat=1"},"img":{"alt_text":"","src":"https:\/\/i0.wp.com\/media1.kulturpedagogik.se\/2023\/11\/img_7598-2-1.jpg?fit=853%2C1100&ssl=1&resize=350%2C200","width":350,"height":200,"srcset":"https:\/\/i0.wp.com\/media1.kulturpedagogik.se\/2023\/11\/img_7598-2-1.jpg?fit=853%2C1100&ssl=1&resize=350%2C200 1x, https:\/\/i0.wp.com\/media1.kulturpedagogik.se\/2023\/11\/img_7598-2-1.jpg?fit=853%2C1100&ssl=1&resize=525%2C300 1.5x, https:\/\/i0.wp.com\/media1.kulturpedagogik.se\/2023\/11\/img_7598-2-1.jpg?fit=853%2C1100&ssl=1&resize=700%2C400 2x"},"classes":[]},{"id":5372,"url":"https:\/\/kulturpedagogik.se\/?p=5372","url_meta":{"origin":5912,"position":3},"title":"N\u00f6rda in &#8211; f\u00e5 flow genom ABC med \u201dh\u00f6stvibbar\u201d","author":"Maria B Hurtig","date":"6 oktober, 2021","format":false,"excerpt":"Barnen i f-klass har gjort bokst\u00e4ver i naturmaterial som de samlat i skogen. L\u00e4raren Ivana har h\u00e4ngt upp det nya alfabetet med \u201dh\u00f6stvibbar\u201d p\u00e5 kl\u00e4dnypor i klassrummet. D\u00e5 jag bes\u00f6ker gruppen en morgon noterar jag en elev som verkar mycket upptagen. Hon ser mig inte. Ist\u00e4llet kikar hon \u00f6ver axeln\u2026","rel":"","context":"I \u201d\u00c5r F-3\u201d","block_context":{"text":"\u00c5r F-3","link":"https:\/\/kulturpedagogik.se\/?cat=1"},"img":{"alt_text":"","src":"https:\/\/i0.wp.com\/media1.kulturpedagogik.se\/2021\/10\/img_3624-scaled.jpg?fit=1200%2C900&ssl=1&resize=350%2C200","width":350,"height":200,"srcset":"https:\/\/i0.wp.com\/media1.kulturpedagogik.se\/2021\/10\/img_3624-scaled.jpg?fit=1200%2C900&ssl=1&resize=350%2C200 1x, https:\/\/i0.wp.com\/media1.kulturpedagogik.se\/2021\/10\/img_3624-scaled.jpg?fit=1200%2C900&ssl=1&resize=525%2C300 1.5x, https:\/\/i0.wp.com\/media1.kulturpedagogik.se\/2021\/10\/img_3624-scaled.jpg?fit=1200%2C900&ssl=1&resize=700%2C400 2x, https:\/\/i0.wp.com\/media1.kulturpedagogik.se\/2021\/10\/img_3624-scaled.jpg?fit=1200%2C900&ssl=1&resize=1050%2C600 3x"},"classes":[]},{"id":6079,"url":"https:\/\/kulturpedagogik.se\/?p=6079","url_meta":{"origin":5912,"position":4},"title":"Forma sinne f\u00f6r l\u00e4sning","author":"Maria B Hurtig","date":"2 juni, 2024","format":false,"excerpt":"Aktivt t\u00e4nkande leder till l\u00e4rande. Svenska elevers l\u00e4sf\u00f6rst\u00e5else har minskat men i somliga klasser lyckas alla elever v\u00e4l trots sv\u00e5righeter och begr\u00e4nsat st\u00f6d i hemmet. H\u00e4r f\u00e5r vi en liten glimt av hur framg\u00e5ngsrika l\u00e4rare kan rusta elever f\u00f6r l\u00e4sningens konst. Nyligen observerade och \u00e5terkopplade jag med en l\u00e4rare som\u2026","rel":"","context":"I \u201d\u00c5r F-3\u201d","block_context":{"text":"\u00c5r F-3","link":"https:\/\/kulturpedagogik.se\/?cat=1"},"img":{"alt_text":"","src":"https:\/\/i0.wp.com\/media1.kulturpedagogik.se\/2020\/04\/img_1345.jpg?resize=350%2C200&ssl=1","width":350,"height":200},"classes":[]},{"id":5567,"url":"https:\/\/kulturpedagogik.se\/?p=5567","url_meta":{"origin":5912,"position":5},"title":"Hej efisar! Brev om \u00e4ventyret i ettan.","author":"Maria B Hurtig","date":"4 juni, 2022","format":false,"excerpt":"Utm\u00e4rkta l\u00e4rare i tidiga \u00e5r \u00e4r inte s\u00e4llan \u201ddoers\u201d som h\u00e5ller ett h\u00f6gt tempo och lyckas skapa en engagerande undervisning d\u00e4r elever rycks med och motiveras att prestera v\u00e4l. En s\u00e5dan l\u00e4rare \u00e4r en tidigare kollega Therese Fredrikson. Jag har tidigare skrivit om hur hon l\u00e4t ettorna skriva brev till\u2026","rel":"","context":"I \u201d\u00c5r F-3\u201d","block_context":{"text":"\u00c5r F-3","link":"https:\/\/kulturpedagogik.se\/?cat=1"},"img":{"alt_text":"","src":"https:\/\/i0.wp.com\/media1.kulturpedagogik.se\/2022\/06\/img_4648-scaled.jpg?fit=900%2C1200&ssl=1&resize=350%2C200","width":350,"height":200,"srcset":"https:\/\/i0.wp.com\/media1.kulturpedagogik.se\/2022\/06\/img_4648-scaled.jpg?fit=900%2C1200&ssl=1&resize=350%2C200 1x, https:\/\/i0.wp.com\/media1.kulturpedagogik.se\/2022\/06\/img_4648-scaled.jpg?fit=900%2C1200&ssl=1&resize=525%2C300 1.5x, https:\/\/i0.wp.com\/media1.kulturpedagogik.se\/2022\/06\/img_4648-scaled.jpg?fit=900%2C1200&ssl=1&resize=700%2C400 2x"},"classes":[]}],"_links":{"self":[{"href":"https:\/\/kulturpedagogik.se\/index.php?rest_route=\/wp\/v2\/posts\/5912","targetHints":{"allow":["GET"]}}],"collection":[{"href":"https:\/\/kulturpedagogik.se\/index.php?rest_route=\/wp\/v2\/posts"}],"about":[{"href":"https:\/\/kulturpedagogik.se\/index.php?rest_route=\/wp\/v2\/types\/post"}],"author":[{"embeddable":true,"href":"https:\/\/kulturpedagogik.se\/index.php?rest_route=\/wp\/v2\/users\/1"}],"replies":[{"embeddable":true,"href":"https:\/\/kulturpedagogik.se\/index.php?rest_route=%2Fwp%2Fv2%2Fcomments&post=5912"}],"version-history":[{"count":5,"href":"https:\/\/kulturpedagogik.se\/index.php?rest_route=\/wp\/v2\/posts\/5912\/revisions"}],"predecessor-version":[{"id":5917,"href":"https:\/\/kulturpedagogik.se\/index.php?rest_route=\/wp\/v2\/posts\/5912\/revisions\/5917"}],"wp:featuredmedia":[{"embeddable":true,"href":"https:\/\/kulturpedagogik.se\/index.php?rest_route=\/wp\/v2\/media\/5629"}],"wp:attachment":[{"href":"https:\/\/kulturpedagogik.se\/index.php?rest_route=%2Fwp%2Fv2%2Fmedia&parent=5912"}],"wp:term":[{"taxonomy":"category","embeddable":true,"href":"https:\/\/kulturpedagogik.se\/index.php?rest_route=%2Fwp%2Fv2%2Fcategories&post=5912"},{"taxonomy":"post_tag","embeddable":true,"href":"https:\/\/kulturpedagogik.se\/index.php?rest_route=%2Fwp%2Fv2%2Ftags&post=5912"}],"curies":[{"name":"wp","href":"https:\/\/api.w.org\/{rel}","templated":true}]}}