{"id":5862,"date":"2023-04-05T21:11:46","date_gmt":"2023-04-05T19:11:46","guid":{"rendered":"https:\/\/kulturpedagogik.se\/?p=5862"},"modified":"2023-04-06T19:52:41","modified_gmt":"2023-04-06T17:52:41","slug":"spar-av-bildning","status":"publish","type":"post","link":"https:\/\/kulturpedagogik.se\/?p=5862","title":{"rendered":"Sp\u00e5r av bildning"},"content":{"rendered":"\n<p>Vi arbetar med tidig kartl\u00e4ggning och tidigt st\u00f6d f\u00f6r att alla elever ska l\u00e4ra sig l\u00e4sa i f-1 och hitta gl\u00e4djen i klassrummet. Det har lyft v\u00e5ra resultat och m\u00e4rks idag tydligt \u00e4ven p\u00e5 nationella prov i \u00e5k 3. F\u00f6r 4 \u00e5r sedan var det annorlunda. D\u00e5 hade en st\u00f6rre grupp pojkar \u00e5rligen l\u00e4gsta niv\u00e5n stenein 1 i l\u00e4s och skrivf\u00f6rm\u00e5ga  vid DLS i \u00e5k 2. Genom att det saknades st\u00f6d och stimulans i f-klass skaffade de sig strax ett undvikandebeteende och inte s\u00e4llan fick de ocks\u00e5 en attityd p\u00e5 kuppen. Beh\u00f6ver jag f\u00f6rklara att skolan var ganska st\u00f6kig p\u00e5 den tiden. Numera \u00e4r arbetsmilj\u00f6n god. Resurserna \u00e4r knappa men st\u00f6ket \u00e4r borta. Det \u00e4r vanligt i Sverige att skolor p\u00e5 landet halkar efter och att glappet \u00e4r st\u00f6rst f\u00f6r pojkar konstaterar L\u00e5ngtidsutredningen (2019).<\/p>\n\n\n\n<p>Idag \u00e4r det s\u00e4llan v\u00e5ra elever uppvisar stenein 1 p\u00e5 DLS i \u00e5k 2.  B\u00e5de flickor och pojkar klara sig allt b\u00e4ttre.  De har generellt h\u00f6gre resultat i l\u00e4sning \u00f6ver hela linjen. Inte bara barnen i sv\u00e5righeter. N\u00e5v\u00e4l, det \u00e4r inte bara kartl\u00e4ggning och st\u00f6d som blivit b\u00e4ttre p\u00e5 ett par \u00e5r. \u00c4ven mycket annat har utvecklats. Jag kommer tala mer om det p\u00e5 <a href=\"https:\/\/www.haninge.se\/forskola-och-skola\/kvalitet-och-utveckling\/larare-och-lararstuderande\/skolkonferensen-researched\/\">ResearchED i Haninge den 6 maj<\/a>.<\/p>\n\n\n\n<figure class=\"wp-block-image size-large\"><img data-recalc-dims=\"1\" loading=\"lazy\" decoding=\"async\" width=\"768\" height=\"1024\" src=\"https:\/\/i0.wp.com\/media1.kulturpedagogik.se\/2020\/05\/img_1673-768x1024.jpg?resize=768%2C1024&#038;ssl=1\" alt=\"\" class=\"wp-image-5033\" srcset=\"https:\/\/i0.wp.com\/media1.kulturpedagogik.se\/2020\/05\/img_1673.jpg?resize=768%2C1024&amp;ssl=1 768w, https:\/\/i0.wp.com\/media1.kulturpedagogik.se\/2020\/05\/img_1673.jpg?resize=113%2C150&amp;ssl=1 113w, https:\/\/i0.wp.com\/media1.kulturpedagogik.se\/2020\/05\/img_1673.jpg?resize=225%2C300&amp;ssl=1 225w, https:\/\/i0.wp.com\/media1.kulturpedagogik.se\/2020\/05\/img_1673.jpg?resize=560%2C747&amp;ssl=1 560w, https:\/\/i0.wp.com\/media1.kulturpedagogik.se\/2020\/05\/img_1673.jpg?resize=260%2C347&amp;ssl=1 260w, https:\/\/i0.wp.com\/media1.kulturpedagogik.se\/2020\/05\/img_1673.jpg?resize=160%2C213&amp;ssl=1 160w, https:\/\/i0.wp.com\/media1.kulturpedagogik.se\/2020\/05\/img_1673.jpg?w=1720 1720w, https:\/\/i0.wp.com\/media1.kulturpedagogik.se\/2020\/05\/img_1673.jpg?w=2580 2580w\" sizes=\"auto, (max-width: 768px) 100vw, 768px\" \/><figcaption class=\"wp-element-caption\">En bokstavskontroll ger v\u00e4gledning och st\u00f6d.<\/figcaption><\/figure>\n\n\n\n<p>Jag \u00e4r \u00f6vertygad om att tidig screening och st\u00f6d har bidragit s\u00e4rskilt till de stigande resultaten genom f\u00f6rb\u00e4ttrade kunskaper. S\u00e4rskilt tydligt \u00e4r det f\u00f6r de mest s\u00e5rbara eleverna. Kartl\u00e4ggningen av elevernas kunskaper g\u00f6rs av oss <a href=\"https:\/\/skolutvecklarna.se\/2023\/03\/19\/om-dynamisk-kartlaggning-bedomning-och-utredning-rapport-fran-en-resa\/\">dynamiskt<\/a> redan i f-klass. (Dynamik assessment-DA) Det inneb\u00e4r att tillf\u00e4llet anv\u00e4nds inte bara f\u00f6r kontroll utan \u00e4ven f\u00f6r att undervisa och l\u00e4ra med delaktighet och st\u00f6d i paketet. Eleverna ska f\u00e5 v\u00e4gledning och k\u00e4nna att de lyckas p\u00e5 n\u00e5got s\u00e4tt. Det \u00e4r d\u00e5 vi pekar p\u00e5 vad eleverna g\u00f6r r\u00e4tt som de l\u00e4r (van Duijvenvoorde et al 2008). Vi vill hitta alla elevers niv\u00e5. Endast vid utmaning p\u00e5 r\u00e4tt niv\u00e5 kan vi p\u00e5 allvar stimulera ett intresse. N\u00e5gra kan redan l\u00e4sa d\u00e5 de b\u00f6rjar i f-klass. Andra kan inga bokst\u00e4ver. Det \u00e4r att betrakta som naturligt. B\u00e5da grupper beh\u00f6ver uppleva engagemang i undervisningen. Inte minst i l\u00e4sning och skrivning . Bokstavskontrollen \u00e5terkommer vi till f\u00f6r att se utvecklingen och den anv\u00e4ndas ocks\u00e5 i utvecklingssamtalet f\u00f6r att tydligg\u00f6ra utvecklingen. Om vi kan visa en positiv utveckling s\u00e5 kan vi ocks\u00e5 p\u00e5verka b\u00e5de elever och v\u00e5rdnadshavares \u201dmindset\u201d (Dweck 2015). Vi vill f\u00e5 b\u00e5de barn och f\u00f6r\u00e4ldrar att inse att flit l\u00f6nar sig.<\/p>\n\n\n\n<figure class=\"wp-block-image size-large\"><img data-recalc-dims=\"1\" loading=\"lazy\" decoding=\"async\" width=\"768\" height=\"1024\" src=\"https:\/\/i0.wp.com\/media1.kulturpedagogik.se\/2023\/02\/img_6097-768x1024.jpg?resize=768%2C1024&#038;ssl=1\" alt=\"\" class=\"wp-image-5822\" srcset=\"https:\/\/i0.wp.com\/media1.kulturpedagogik.se\/2023\/02\/img_6097-scaled.jpg?resize=768%2C1024&amp;ssl=1 768w, https:\/\/i0.wp.com\/media1.kulturpedagogik.se\/2023\/02\/img_6097-scaled.jpg?resize=225%2C300&amp;ssl=1 225w, https:\/\/i0.wp.com\/media1.kulturpedagogik.se\/2023\/02\/img_6097-scaled.jpg?resize=113%2C150&amp;ssl=1 113w, https:\/\/i0.wp.com\/media1.kulturpedagogik.se\/2023\/02\/img_6097-scaled.jpg?resize=1152%2C1536&amp;ssl=1 1152w, https:\/\/i0.wp.com\/media1.kulturpedagogik.se\/2023\/02\/img_6097-scaled.jpg?resize=1536%2C2048&amp;ssl=1 1536w, https:\/\/i0.wp.com\/media1.kulturpedagogik.se\/2023\/02\/img_6097-scaled.jpg?resize=560%2C747&amp;ssl=1 560w, https:\/\/i0.wp.com\/media1.kulturpedagogik.se\/2023\/02\/img_6097-scaled.jpg?resize=260%2C347&amp;ssl=1 260w, https:\/\/i0.wp.com\/media1.kulturpedagogik.se\/2023\/02\/img_6097-scaled.jpg?resize=160%2C213&amp;ssl=1 160w, https:\/\/i0.wp.com\/media1.kulturpedagogik.se\/2023\/02\/img_6097-scaled.jpg?w=1920&amp;ssl=1 1920w, https:\/\/i0.wp.com\/media1.kulturpedagogik.se\/2023\/02\/img_6097-scaled.jpg?w=1720 1720w\" sizes=\"auto, (max-width: 768px) 100vw, 768px\" \/><figcaption class=\"wp-element-caption\">Ordkort p\u00e5 tema h\u00e4lsa i f-klass.<\/figcaption><\/figure>\n\n\n\n<p>Jag har tidigare skrivit om hur vi arbetar med st\u00f6det och hur vi spr\u00e4nger in <a href=\"https:\/\/kulturpedagogik.se\/?s=Bildning\">bildning i inneh\u00e5llet.<\/a> Genom att anv\u00e4nda l\u00e4skort med ett meningsskapande inneh\u00e5ll f\u00f6ljer vi upp elevernas kunskaper som de f\u00e5tt under tema i f\u00f6rskoleklass. F\u00f6rkunskaperna brukar resultera i ett intresse. Vi \u00e5terkommer till systemkunskaper om rymden, kroppen och vattnets kretslopp men \u00e4ven \u00e5rstider och traditioner samtidigt som vi \u00f6var p\u00e5 att ljuda. F\u00f6r de barn som \u00e4r i behov av st\u00f6d i l\u00e4sning i \u00e5rskurs 1 \u00e4r l\u00e4skortet popul\u00e4ra d\u00e5 de blandar popul\u00e4rvetenskapliga fenomen med historia, religion, naturvetenskap och litteratur etc. Orden ger upphov till samtal som utvidgar elevernas v\u00e4rld och knyter an till deras f\u00f6rkunskaper. Korten byts efterhand ut mot sm\u00e5b\u00f6cker p\u00e5 samma tema med meningar att l\u00e4sa &#8211; inte bara ord.<\/p>\n\n\n\n<figure class=\"wp-block-image size-large\"><img data-recalc-dims=\"1\" loading=\"lazy\" decoding=\"async\" width=\"576\" height=\"774\" src=\"https:\/\/i0.wp.com\/media1.kulturpedagogik.se\/2023\/04\/image.jpg?resize=576%2C774&#038;ssl=1\" alt=\"\" class=\"wp-image-5861\" srcset=\"https:\/\/i0.wp.com\/media1.kulturpedagogik.se\/2023\/04\/image.jpg?w=576&amp;ssl=1 576w, https:\/\/i0.wp.com\/media1.kulturpedagogik.se\/2023\/04\/image.jpg?resize=223%2C300&amp;ssl=1 223w, https:\/\/i0.wp.com\/media1.kulturpedagogik.se\/2023\/04\/image.jpg?resize=112%2C150&amp;ssl=1 112w, https:\/\/i0.wp.com\/media1.kulturpedagogik.se\/2023\/04\/image.jpg?resize=560%2C753&amp;ssl=1 560w, https:\/\/i0.wp.com\/media1.kulturpedagogik.se\/2023\/04\/image.jpg?resize=260%2C349&amp;ssl=1 260w, https:\/\/i0.wp.com\/media1.kulturpedagogik.se\/2023\/04\/image.jpg?resize=160%2C215&amp;ssl=1 160w\" sizes=\"auto, (max-width: 576px) 100vw, 576px\" \/><figcaption class=\"wp-element-caption\">L\u00e4skort p\u00e5 tema Halloween<\/figcaption><\/figure>\n\n\n\n<p>I dagarna har jag f\u00e5tt klart f\u00f6r mig att v\u00e5r \u201dhemliga\u201d bildningsresa under f-klass och i st\u00f6dundervisningen verkar ge positiva kamrateffekter i n\u00e5gra klassrum. Fr\u00e5n tv\u00e5 olika l\u00e4rare f\u00e5r jag h\u00f6ra att vissa pojkar \u00e4r bildade d\u00e5 de har f\u00f6rkunskaper om hur Jesus d\u00f6mdes att korsf\u00e4stas och dog under p\u00e5sken bland annat. S\u00e5dana insikter bland eleverna och deras positiva bidrag till klassrumsdialogen kan ge en positiv roll f\u00f6r barnet. Det kan ocks\u00e5 leda till gruppens \u00f6kade intresse f\u00f6r undervisningens inneh\u00e5ll d\u00e5 de kan komma med inspel och relevanta f\u00f6rkunskaper. Att f\u00e5 till positiva kamrateffekter \u00e4r s\u00e4rskilt viktigt i en segregerad skola eller i elevgrupper med begr\u00e4nsad bildningsbakgrund. <\/p>\n\n\n\n<figure class=\"wp-block-image size-large\"><img data-recalc-dims=\"1\" loading=\"lazy\" decoding=\"async\" width=\"860\" height=\"645\" src=\"https:\/\/i0.wp.com\/media1.kulturpedagogik.se\/2023\/02\/img_6118-1365x1024.jpg?resize=860%2C645&#038;ssl=1\" alt=\"\" class=\"wp-image-5834\" srcset=\"https:\/\/i0.wp.com\/media1.kulturpedagogik.se\/2023\/02\/img_6118-scaled.jpg?resize=1365%2C1024&amp;ssl=1 1365w, https:\/\/i0.wp.com\/media1.kulturpedagogik.se\/2023\/02\/img_6118-scaled.jpg?resize=300%2C225&amp;ssl=1 300w, https:\/\/i0.wp.com\/media1.kulturpedagogik.se\/2023\/02\/img_6118-scaled.jpg?resize=150%2C113&amp;ssl=1 150w, https:\/\/i0.wp.com\/media1.kulturpedagogik.se\/2023\/02\/img_6118-scaled.jpg?resize=768%2C576&amp;ssl=1 768w, https:\/\/i0.wp.com\/media1.kulturpedagogik.se\/2023\/02\/img_6118-scaled.jpg?resize=1536%2C1152&amp;ssl=1 1536w, https:\/\/i0.wp.com\/media1.kulturpedagogik.se\/2023\/02\/img_6118-scaled.jpg?resize=2048%2C1536&amp;ssl=1 2048w, https:\/\/i0.wp.com\/media1.kulturpedagogik.se\/2023\/02\/img_6118-scaled.jpg?resize=560%2C420&amp;ssl=1 560w, https:\/\/i0.wp.com\/media1.kulturpedagogik.se\/2023\/02\/img_6118-scaled.jpg?resize=260%2C195&amp;ssl=1 260w, https:\/\/i0.wp.com\/media1.kulturpedagogik.se\/2023\/02\/img_6118-scaled.jpg?resize=160%2C120&amp;ssl=1 160w, https:\/\/i0.wp.com\/media1.kulturpedagogik.se\/2023\/02\/img_6118-scaled.jpg?w=1720 1720w\" sizes=\"auto, (max-width: 860px) 100vw, 860px\" \/><figcaption class=\"wp-element-caption\">Sm\u00e5b\u00f6cker, ordkort och l\u00e4slistor i verktygsl\u00e5dan.<\/figcaption><\/figure>\n\n\n\n<p>F\u00f6r att lyfta niv\u00e5er b\u00f6r vi screena eleverna i f-klass s\u00e5 snart som m\u00f6jligt! Att k\u00e4nna niv\u00e5erna hj\u00e4lper oss att organisera klassrummet flexibelt s\u00e5 att eleverna g\u00f6rs till resurser f\u00f6r varandras l\u00e4rande (Wiliam 2013).  L\u00e4sutveckling p\u00e5 olika niv\u00e5 kan ocks\u00e5 organiseras under del av skoldagen. Om vi hittar l\u00e4sarna och ger dem stimulans och \u00f6kat ansvar kan \u00e4ven detta bidra till kamrateffekten och det allm\u00e4nna intresset f\u00f6r l\u00e4sning. En viktig fr\u00e5ga \u00e4r ocks\u00e5 att l\u00e4sa elevernas tankar (Nuthall 2005\/07) Att sp\u00e5ra deras intresse f\u00f6r olika \u00e4mnen f\u00f6r att f\u00e5nga och skapa engagemang f\u00f6r b\u00f6cker. I \u00e5r skrev jag n\u00e5gra sm\u00e5b\u00f6cker om Pok\u00e9mon p\u00e5 f\u00f6rfr\u00e5gan fr\u00e5n en l\u00e4rare som praktiserar tankel\u00e4sning av elever. De b\u00f6ckerna har verkligen gjort susen f\u00f6r l\u00e4sintresset och l\u00e4ses numera \u00e4ven p\u00e5 fritidstid. Eleverna vill l\u00e4ra allt om de sm\u00e5 monstren. Om deras egenskaper, krafter och v\u00e4g till utveckling. Barnens inre motivation \u00e4r v\u00e4ckt till liv. De har kommit till<em> flow<\/em> och vill inte sluta (Csikszentmihalyi 2016).<\/p>\n\n\n\n<p>Csikszentmihalyi Mihaly, (2016) Flow : Den optimala upplevelsens psykologi, Natur &amp; Kultur Akademiska<\/p>\n\n\n\n<p>Dweck Carol,(2015) <em>Mindset \u2013 du blir vad du t\u00e4nker<\/em>, Natur &amp; Kultur Akademiska<\/p>\n\n\n\n<p>L\u00e5ngtidsutredningen (2019) https:\/\/www.regeringen.se\/regeringens-politik\/ekonomisk-politik\/langtidsutredningen-2019\/<\/p>\n\n\n\n<p>Nuthall Graham (2005) Kulturella myter och realiteter i klassrumsundervisning och l\u00e4rande; en personlig resa. i Hartell, Hjelm &amp; Kornhall (red) (2018)&nbsp;<em>Nyckeltexter i utbildningsvetenskap S<\/em>tockholm: Natur &amp; Kultur<\/p>\n\n\n\n<p>Nuthall Graham, (2007) The hidden lives of learners, Wllington: NZCER PRESS<\/p>\n\n\n\n<p>van Duijvenvoorde Anna C. K. , Zanolie Kiki, . Rombouts Serge A. R. B, Raijmakers Maartje E. J. , Crone Eveline A. (2008) Evaluating the Negative or Valuing the Positive? Neural Mechanisms Supporting Feedback-Based Learning across Development, Journal of Neuroscience 17 September 2008, 28 <a href=\"tel:(38) 9495-9503\">(38) 9495-9503<\/a>; DOI: 10.1523\/JNEUROS<\/p>\n\n\n\n<p>Wiliam, Dylan (2013) <em>Att f\u00f6lja l\u00e4rande \u2013 formativ bed\u00f6mning i praktiken, <\/em>Lund: Studentlitteratur<\/p>\n","protected":false},"excerpt":{"rendered":"<p>Vi arbetar med tidig kartl&auml;ggning och tidigt st&ouml;d f&ouml;r att alla elever ska l&auml;ra sig l&auml;sa i f-1 och hitta gl&auml;djen i klassrummet. Det har lyft v&aring;ra resultat och m&auml;rks idag tydligt &auml;ven p&aring; nationella prov i &aring;k 3. F&ouml;r&hellip;<\/p>\n<p class=\"more-link-p\"><a class=\"more-link\" href=\"https:\/\/kulturpedagogik.se\/?p=5862\">Read more &rarr;<\/a><\/p>\n","protected":false},"author":1,"featured_media":5861,"comment_status":"open","ping_status":"open","sticky":false,"template":"","format":"standard","meta":{"jetpack_post_was_ever_published":false,"_jetpack_newsletter_access":"","_jetpack_dont_email_post_to_subs":false,"_jetpack_newsletter_tier_id":0,"_jetpack_memberships_contains_paywalled_content":false,"_jetpack_memberships_contains_paid_content":false,"footnotes":"","jetpack_publicize_message":"","jetpack_publicize_feature_enabled":true,"jetpack_social_post_already_shared":true,"jetpack_social_options":{"image_generator_settings":{"template":"highway","default_image_id":0,"font":"","enabled":false},"version":2}},"categories":[1],"tags":[],"class_list":["post-5862","post","type-post","status-publish","format-standard","has-post-thumbnail","hentry","category-ar-1-3"],"jetpack_publicize_connections":[],"jetpack_featured_media_url":"https:\/\/i0.wp.com\/media1.kulturpedagogik.se\/2023\/04\/image.jpg?fit=576%2C774&ssl=1","jetpack_sharing_enabled":true,"jetpack_shortlink":"https:\/\/wp.me\/p7YLN2-1wy","jetpack-related-posts":[{"id":4631,"url":"https:\/\/kulturpedagogik.se\/?p=4631","url_meta":{"origin":5862,"position":0},"title":"Stimulera f\u00f6r arbetsro","author":"Maria B Hurtig","date":"19 oktober, 2019","format":false,"excerpt":"F\u00f6r att alla elever ska lyckas i skolan efterfr\u00e5gas en pedagogik som \u00e4r b\u00e5de varierad och flexibel. F\u00f6rm\u00e5gan att variera metoder i klassrummet och vara flexibel f\u00f6r olika behov \u00e4r tillsammans med ett v\u00e4lkomnande klimat utm\u00e4rkande f\u00f6r klassrum och skolor som lyckas inkludera alla elever och ge dem m\u00f6jlighet att\u2026","rel":"","context":"I \u201d\u00c5r F-3\u201d","block_context":{"text":"\u00c5r F-3","link":"https:\/\/kulturpedagogik.se\/?cat=1"},"img":{"alt_text":"","src":"https:\/\/i0.wp.com\/media1.kulturpedagogik.se\/2019\/09\/img_0684.jpg?fit=1200%2C900&ssl=1&resize=350%2C200","width":350,"height":200,"srcset":"https:\/\/i0.wp.com\/media1.kulturpedagogik.se\/2019\/09\/img_0684.jpg?fit=1200%2C900&ssl=1&resize=350%2C200 1x, https:\/\/i0.wp.com\/media1.kulturpedagogik.se\/2019\/09\/img_0684.jpg?fit=1200%2C900&ssl=1&resize=525%2C300 1.5x, https:\/\/i0.wp.com\/media1.kulturpedagogik.se\/2019\/09\/img_0684.jpg?fit=1200%2C900&ssl=1&resize=700%2C400 2x, https:\/\/i0.wp.com\/media1.kulturpedagogik.se\/2019\/09\/img_0684.jpg?fit=1200%2C900&ssl=1&resize=1050%2C600 3x"},"classes":[]},{"id":6046,"url":"https:\/\/kulturpedagogik.se\/?p=6046","url_meta":{"origin":5862,"position":1},"title":"Paradox och risk p\u00e5 Vetenskapsr\u00e5det","author":"Maria B Hurtig","date":"3 december, 2023","format":false,"excerpt":"Efter tv\u00e5 dagar p\u00e5 Vetenskapsr\u00e5dets resultatdialog i J\u00f6nk\u00f6ping surrar huvudet av tankar. Sverige har mycket sp\u00e4nnande praktikn\u00e4ra forskning p\u00e5 g\u00e5ng \u00e4r tydligt i seminarierna. Forskning som kan l\u00f6sa problem i svensk skola. Men samtidigt som skolan st\u00e5r inf\u00f6r extrema utmaningar minskar andelen anslag f\u00f6r utbildningsvetenskaplig forskning. Det \u00e4r paradoxalt. Vetenskapsr\u00e5dets\u2026","rel":"","context":"I \u201d\u00c5r 4-6\u201d","block_context":{"text":"\u00c5r 4-6","link":"https:\/\/kulturpedagogik.se\/?cat=4"},"img":{"alt_text":"","src":"https:\/\/i0.wp.com\/media1.kulturpedagogik.se\/2023\/12\/img_7638.jpg?resize=350%2C200&ssl=1","width":350,"height":200,"srcset":"https:\/\/i0.wp.com\/media1.kulturpedagogik.se\/2023\/12\/img_7638.jpg?resize=350%2C200&ssl=1 1x, https:\/\/i0.wp.com\/media1.kulturpedagogik.se\/2023\/12\/img_7638.jpg?resize=525%2C300&ssl=1 1.5x, https:\/\/i0.wp.com\/media1.kulturpedagogik.se\/2023\/12\/img_7638.jpg?resize=700%2C400&ssl=1 2x, https:\/\/i0.wp.com\/media1.kulturpedagogik.se\/2023\/12\/img_7638.jpg?resize=1050%2C600&ssl=1 3x"},"classes":[]},{"id":6198,"url":"https:\/\/kulturpedagogik.se\/?p=6198","url_meta":{"origin":5862,"position":2},"title":"S\u00e5 minskade behovet av st\u00f6d","author":"Maria B Hurtig","date":"4 april, 2025","format":false,"excerpt":"Det talas mycket om l\u00e4skrisen och det k\u00e4nns igen. F\u00f6r fem \u00e5r sedan visade 63 % av pojkarna p\u00e5 v\u00e5r skola sv\u00e5righeter med l\u00e4sning i \u00e5k 2 (gul, orange r\u00f6d). Fler \u00e4n h\u00e4lften av dem hade grava sv\u00e5righeter i l\u00e4sf\u00f6rst\u00e5else och flyt (r\u00f6d i diagrammet). D\u00e5 jag som specialpedagog kom\u2026","rel":"","context":"I \u201d\u00c5r F-3\u201d","block_context":{"text":"\u00c5r F-3","link":"https:\/\/kulturpedagogik.se\/?cat=1"},"img":{"alt_text":"","src":"https:\/\/i0.wp.com\/media1.kulturpedagogik.se\/2024\/09\/c91f86e7-fe4d-4291-84d6-c82b6394225a-86362-000010cf7061f185_file.jpg?fit=1100%2C876&ssl=1&resize=350%2C200","width":350,"height":200,"srcset":"https:\/\/i0.wp.com\/media1.kulturpedagogik.se\/2024\/09\/c91f86e7-fe4d-4291-84d6-c82b6394225a-86362-000010cf7061f185_file.jpg?fit=1100%2C876&ssl=1&resize=350%2C200 1x, https:\/\/i0.wp.com\/media1.kulturpedagogik.se\/2024\/09\/c91f86e7-fe4d-4291-84d6-c82b6394225a-86362-000010cf7061f185_file.jpg?fit=1100%2C876&ssl=1&resize=525%2C300 1.5x, https:\/\/i0.wp.com\/media1.kulturpedagogik.se\/2024\/09\/c91f86e7-fe4d-4291-84d6-c82b6394225a-86362-000010cf7061f185_file.jpg?fit=1100%2C876&ssl=1&resize=700%2C400 2x, https:\/\/i0.wp.com\/media1.kulturpedagogik.se\/2024\/09\/c91f86e7-fe4d-4291-84d6-c82b6394225a-86362-000010cf7061f185_file.jpg?fit=1100%2C876&ssl=1&resize=1050%2C600 3x"},"classes":[]},{"id":5553,"url":"https:\/\/kulturpedagogik.se\/?p=5553","url_meta":{"origin":5862,"position":3},"title":"Efter klimax","author":"Maria B Hurtig","date":"26 maj, 2022","format":false,"excerpt":"Idag \u00e4r jag en lycklig l\u00e4rare. Det \u00e4r inte varje dag. Jag har mina m\u00f6rka stunder. Det g\u00e5r upp och det g\u00e5r ner. S\u00e4rskilt i maj. I en slimmad skola ers\u00e4tts inte alltid fr\u00e5nvarande kollegor och d\u00e5 \u00f6kar pressen. Stress g\u00f6r n\u00e5got med en m\u00e4nniska. F\u00f6r mig kan det b\u00f6rjar\u2026","rel":"","context":"I \u201d\u00c5r 4-6\u201d","block_context":{"text":"\u00c5r 4-6","link":"https:\/\/kulturpedagogik.se\/?cat=4"},"img":{"alt_text":"","src":"https:\/\/i0.wp.com\/media1.kulturpedagogik.se\/2022\/05\/img_4633-scaled.jpg?resize=350%2C200&ssl=1","width":350,"height":200,"srcset":"https:\/\/i0.wp.com\/media1.kulturpedagogik.se\/2022\/05\/img_4633-scaled.jpg?resize=350%2C200&ssl=1 1x, https:\/\/i0.wp.com\/media1.kulturpedagogik.se\/2022\/05\/img_4633-scaled.jpg?resize=525%2C300&ssl=1 1.5x, https:\/\/i0.wp.com\/media1.kulturpedagogik.se\/2022\/05\/img_4633-scaled.jpg?resize=700%2C400&ssl=1 2x, https:\/\/i0.wp.com\/media1.kulturpedagogik.se\/2022\/05\/img_4633-scaled.jpg?resize=1050%2C600&ssl=1 3x, https:\/\/i0.wp.com\/media1.kulturpedagogik.se\/2022\/05\/img_4633-scaled.jpg?resize=1400%2C800&ssl=1 4x"},"classes":[]},{"id":5814,"url":"https:\/\/kulturpedagogik.se\/?p=5814","url_meta":{"origin":5862,"position":4},"title":"School is cool! &#8211; motivation och mening i tidiga \u00e5r","author":"Maria B Hurtig","date":"30 maj, 2023","format":false,"excerpt":"I laborativt samarbete och samtal kring tyngd hos olika Pok\u00e9monkarakt\u00e4rer tr\u00e4nas b\u00e5de matematiska begrepp, taluppfattning och svenska s\u00e5v\u00e4l som engelska. Enligt l\u00e5ngtidsutredningen 2019 \u00e4r det vanligt att skolor p\u00e5 landet halkar efter. I v\u00e5r skola p\u00e5 landet har vi v\u00e4nt en s\u00e5dan utveckling. Resultaten i l\u00e4sning har f\u00f6rb\u00e4ttrats f\u00f6r b\u00e5de\u2026","rel":"","context":"I \u201d\u00c5r F-3\u201d","block_context":{"text":"\u00c5r F-3","link":"https:\/\/kulturpedagogik.se\/?cat=1"},"img":{"alt_text":"","src":"https:\/\/i0.wp.com\/media1.kulturpedagogik.se\/2023\/05\/img_6429-scaled.jpg?fit=1200%2C900&ssl=1&resize=350%2C200","width":350,"height":200,"srcset":"https:\/\/i0.wp.com\/media1.kulturpedagogik.se\/2023\/05\/img_6429-scaled.jpg?fit=1200%2C900&ssl=1&resize=350%2C200 1x, https:\/\/i0.wp.com\/media1.kulturpedagogik.se\/2023\/05\/img_6429-scaled.jpg?fit=1200%2C900&ssl=1&resize=525%2C300 1.5x, https:\/\/i0.wp.com\/media1.kulturpedagogik.se\/2023\/05\/img_6429-scaled.jpg?fit=1200%2C900&ssl=1&resize=700%2C400 2x, https:\/\/i0.wp.com\/media1.kulturpedagogik.se\/2023\/05\/img_6429-scaled.jpg?fit=1200%2C900&ssl=1&resize=1050%2C600 3x"},"classes":[]},{"id":6097,"url":"https:\/\/kulturpedagogik.se\/?p=6097","url_meta":{"origin":5862,"position":5},"title":"Inga \u201dr\u00f6dingar\u201d i ettan. Hurra!","author":"Maria B Hurtig","date":"3 juni, 2024","format":false,"excerpt":"Samarbete och samsyn avg\u00f6r utvecklingen. Jag f\u00f6ljer upp resultat s\u00e5 h\u00e4r \u00e5rs. I f och 1 avrundar jag st\u00f6det f\u00f6r elever. Kommer \u00f6verens med barnen om hur de b\u00f6r tr\u00e4na i sommar och mejlar v\u00e5rdnadshavare f\u00f6r att peppa till stimulans. Vi vill inte att barnen ska backa under ledigheten. Det\u2026","rel":"","context":"I \u201d\u00c5r F-3\u201d","block_context":{"text":"\u00c5r F-3","link":"https:\/\/kulturpedagogik.se\/?cat=1"},"img":{"alt_text":"","src":"https:\/\/i0.wp.com\/media1.kulturpedagogik.se\/2024\/06\/image-1-1.jpg?fit=504%2C209&ssl=1&resize=350%2C200","width":350,"height":200},"classes":[]}],"_links":{"self":[{"href":"https:\/\/kulturpedagogik.se\/index.php?rest_route=\/wp\/v2\/posts\/5862","targetHints":{"allow":["GET"]}}],"collection":[{"href":"https:\/\/kulturpedagogik.se\/index.php?rest_route=\/wp\/v2\/posts"}],"about":[{"href":"https:\/\/kulturpedagogik.se\/index.php?rest_route=\/wp\/v2\/types\/post"}],"author":[{"embeddable":true,"href":"https:\/\/kulturpedagogik.se\/index.php?rest_route=\/wp\/v2\/users\/1"}],"replies":[{"embeddable":true,"href":"https:\/\/kulturpedagogik.se\/index.php?rest_route=%2Fwp%2Fv2%2Fcomments&post=5862"}],"version-history":[{"count":3,"href":"https:\/\/kulturpedagogik.se\/index.php?rest_route=\/wp\/v2\/posts\/5862\/revisions"}],"predecessor-version":[{"id":5865,"href":"https:\/\/kulturpedagogik.se\/index.php?rest_route=\/wp\/v2\/posts\/5862\/revisions\/5865"}],"wp:featuredmedia":[{"embeddable":true,"href":"https:\/\/kulturpedagogik.se\/index.php?rest_route=\/wp\/v2\/media\/5861"}],"wp:attachment":[{"href":"https:\/\/kulturpedagogik.se\/index.php?rest_route=%2Fwp%2Fv2%2Fmedia&parent=5862"}],"wp:term":[{"taxonomy":"category","embeddable":true,"href":"https:\/\/kulturpedagogik.se\/index.php?rest_route=%2Fwp%2Fv2%2Fcategories&post=5862"},{"taxonomy":"post_tag","embeddable":true,"href":"https:\/\/kulturpedagogik.se\/index.php?rest_route=%2Fwp%2Fv2%2Ftags&post=5862"}],"curies":[{"name":"wp","href":"https:\/\/api.w.org\/{rel}","templated":true}]}}