{"id":4922,"date":"2020-04-03T16:14:30","date_gmt":"2020-04-03T16:14:30","guid":{"rendered":"http:\/\/kulturpedagogik.se\/?p=4922"},"modified":"2020-04-03T16:15:29","modified_gmt":"2020-04-03T16:15:29","slug":"rulla-agg-och-sticka-ut","status":"publish","type":"post","link":"https:\/\/kulturpedagogik.se\/?p=4922","title":{"rendered":"Rulla \u00e4gg och sticka ut"},"content":{"rendered":"\n<figure class=\"wp-block-image size-large\"><img data-recalc-dims=\"1\" loading=\"lazy\" decoding=\"async\" width=\"860\" height=\"535\" src=\"https:\/\/i0.wp.com\/media1.kulturpedagogik.se\/2020\/04\/img_1396.jpg?resize=860%2C535\" alt=\"\" class=\"wp-image-4919\" srcset=\"https:\/\/i0.wp.com\/media1.kulturpedagogik.se\/2020\/04\/img_1396.jpg?resize=1646%2C1024&amp;ssl=1 1646w, https:\/\/i0.wp.com\/media1.kulturpedagogik.se\/2020\/04\/img_1396.jpg?resize=150%2C93&amp;ssl=1 150w, https:\/\/i0.wp.com\/media1.kulturpedagogik.se\/2020\/04\/img_1396.jpg?resize=300%2C187&amp;ssl=1 300w, https:\/\/i0.wp.com\/media1.kulturpedagogik.se\/2020\/04\/img_1396.jpg?resize=768%2C478&amp;ssl=1 768w, https:\/\/i0.wp.com\/media1.kulturpedagogik.se\/2020\/04\/img_1396.jpg?resize=560%2C348&amp;ssl=1 560w, https:\/\/i0.wp.com\/media1.kulturpedagogik.se\/2020\/04\/img_1396.jpg?resize=260%2C162&amp;ssl=1 260w, https:\/\/i0.wp.com\/media1.kulturpedagogik.se\/2020\/04\/img_1396.jpg?resize=160%2C100&amp;ssl=1 160w, https:\/\/i0.wp.com\/media1.kulturpedagogik.se\/2020\/04\/img_1396.jpg?w=1720 1720w\" sizes=\"auto, (max-width: 860px) 100vw, 860px\" \/><figcaption>M\u00e5la med nagellack ger fin yta.<\/figcaption><\/figure>\n\n\n\n<p>Idag var det \u00e5rlig \u00e4ggrullningsfinal p\u00e5 Kyrkskolan. Ett evenemang som minner om svunna tider och samtidigt sticker ut i nutiden som n\u00e5got mycket annorlunda. Det handlar om n\u00e5got s\u00e5 handfast som att krocka \u00e4gg mot varandra p\u00e5 en bana p\u00e5 skolg\u00e5rden. Mycket precision och 7 % tur. Det b\u00f6rjar med att alla barn tar med sig varsitt h\u00e5rdkokt \u00e4gg till skolan. <\/p>\n\n\n\n<p>Sedan f\u00e5r de m\u00e5la dem och d\u00e4refter ska de rulla \u00e4ggen p\u00e5 en bana mot varandra och den som krockar flest \u00e4gg kvalificerar sig till finalen. I veckan har klasserna t\u00e4vlat var f\u00f6r sig enligt ett schema. Idag var det final och varje klass st\u00e4ller d\u00e5 upp med en finalist. <\/p>\n\n\n\n<figure class=\"wp-block-image size-large\"><img data-recalc-dims=\"1\" loading=\"lazy\" decoding=\"async\" width=\"860\" height=\"645\" src=\"https:\/\/i0.wp.com\/media1.kulturpedagogik.se\/2020\/04\/img_1397.jpg?resize=860%2C645\" alt=\"\" class=\"wp-image-4918\" srcset=\"https:\/\/i0.wp.com\/media1.kulturpedagogik.se\/2020\/04\/img_1397.jpg?resize=1365%2C1024&amp;ssl=1 1365w, https:\/\/i0.wp.com\/media1.kulturpedagogik.se\/2020\/04\/img_1397.jpg?resize=150%2C113&amp;ssl=1 150w, https:\/\/i0.wp.com\/media1.kulturpedagogik.se\/2020\/04\/img_1397.jpg?resize=300%2C225&amp;ssl=1 300w, https:\/\/i0.wp.com\/media1.kulturpedagogik.se\/2020\/04\/img_1397.jpg?resize=768%2C576&amp;ssl=1 768w, https:\/\/i0.wp.com\/media1.kulturpedagogik.se\/2020\/04\/img_1397.jpg?resize=560%2C420&amp;ssl=1 560w, https:\/\/i0.wp.com\/media1.kulturpedagogik.se\/2020\/04\/img_1397.jpg?resize=260%2C195&amp;ssl=1 260w, https:\/\/i0.wp.com\/media1.kulturpedagogik.se\/2020\/04\/img_1397.jpg?resize=160%2C120&amp;ssl=1 160w, https:\/\/i0.wp.com\/media1.kulturpedagogik.se\/2020\/04\/img_1397.jpg?w=1720 1720w, https:\/\/i0.wp.com\/media1.kulturpedagogik.se\/2020\/04\/img_1397.jpg?w=2580 2580w\" sizes=\"auto, (max-width: 860px) 100vw, 860px\" \/><figcaption>Olika \u00e4gg t\u00e4vlar mot varandra.<\/figcaption><\/figure>\n\n\n\n<p>Inf\u00f6r finalen tillverkar klasserna dessutom skyltar f\u00f6r att st\u00f6tta och peppa sin representant. Dessa tar man med sig ut p\u00e5 g\u00e5rden f\u00f6r att vifta med under t\u00e4vlingen. Det \u00e4r en v\u00e4ldigt h\u00f6gljudd tillst\u00e4llning d\u00e4r barnen hejar s\u00e5 man tror att \u00f6ronen ska falla av av oljudet. <\/p>\n\n\n\n<figure class=\"wp-block-image size-large\"><img data-recalc-dims=\"1\" loading=\"lazy\" decoding=\"async\" width=\"860\" height=\"645\" src=\"https:\/\/i0.wp.com\/media1.kulturpedagogik.se\/2020\/04\/img_1388.jpg?resize=860%2C645\" alt=\"\" class=\"wp-image-4920\" srcset=\"https:\/\/i0.wp.com\/media1.kulturpedagogik.se\/2020\/04\/img_1388.jpg?resize=1365%2C1024&amp;ssl=1 1365w, https:\/\/i0.wp.com\/media1.kulturpedagogik.se\/2020\/04\/img_1388.jpg?resize=150%2C113&amp;ssl=1 150w, https:\/\/i0.wp.com\/media1.kulturpedagogik.se\/2020\/04\/img_1388.jpg?resize=300%2C225&amp;ssl=1 300w, https:\/\/i0.wp.com\/media1.kulturpedagogik.se\/2020\/04\/img_1388.jpg?resize=768%2C576&amp;ssl=1 768w, https:\/\/i0.wp.com\/media1.kulturpedagogik.se\/2020\/04\/img_1388.jpg?resize=560%2C420&amp;ssl=1 560w, https:\/\/i0.wp.com\/media1.kulturpedagogik.se\/2020\/04\/img_1388.jpg?resize=260%2C195&amp;ssl=1 260w, https:\/\/i0.wp.com\/media1.kulturpedagogik.se\/2020\/04\/img_1388.jpg?resize=160%2C120&amp;ssl=1 160w, https:\/\/i0.wp.com\/media1.kulturpedagogik.se\/2020\/04\/img_1388.jpg?w=1720 1720w, https:\/\/i0.wp.com\/media1.kulturpedagogik.se\/2020\/04\/img_1388.jpg?w=2580 2580w\" sizes=\"auto, (max-width: 860px) 100vw, 860px\" \/><figcaption>F\u00e4rggranna skyltar peppar kamrater.<\/figcaption><\/figure>\n\n\n\n<p>Efter en god stunds krockande och r\u00e4knande  korades en vinnare av fr\u00f6ken Marianne. Det var Marcus i 3a som tog hem f\u00f6rstapriset och fick ta emot ovationer och ett gigantiskt p\u00e5sk\u00e4gg fyllt med popcorn att dela med sin klass. En h\u00e4rlig solig \u00e4ggrullningsfinal blev det idag i Sorunda trots Covid 19 och 8 sekundmeter i vindbyarna.<\/p>\n\n\n\n<figure class=\"wp-block-image size-large\"><img data-recalc-dims=\"1\" loading=\"lazy\" decoding=\"async\" width=\"860\" height=\"645\" src=\"https:\/\/i0.wp.com\/media1.kulturpedagogik.se\/2020\/04\/img_1389.jpg?resize=860%2C645\" alt=\"\" class=\"wp-image-4921\" srcset=\"https:\/\/i0.wp.com\/media1.kulturpedagogik.se\/2020\/04\/img_1389.jpg?resize=1365%2C1024&amp;ssl=1 1365w, https:\/\/i0.wp.com\/media1.kulturpedagogik.se\/2020\/04\/img_1389.jpg?resize=150%2C113&amp;ssl=1 150w, https:\/\/i0.wp.com\/media1.kulturpedagogik.se\/2020\/04\/img_1389.jpg?resize=300%2C225&amp;ssl=1 300w, https:\/\/i0.wp.com\/media1.kulturpedagogik.se\/2020\/04\/img_1389.jpg?resize=768%2C576&amp;ssl=1 768w, https:\/\/i0.wp.com\/media1.kulturpedagogik.se\/2020\/04\/img_1389.jpg?resize=560%2C420&amp;ssl=1 560w, https:\/\/i0.wp.com\/media1.kulturpedagogik.se\/2020\/04\/img_1389.jpg?resize=260%2C195&amp;ssl=1 260w, https:\/\/i0.wp.com\/media1.kulturpedagogik.se\/2020\/04\/img_1389.jpg?resize=160%2C120&amp;ssl=1 160w, https:\/\/i0.wp.com\/media1.kulturpedagogik.se\/2020\/04\/img_1389.jpg?w=1720 1720w\" sizes=\"auto, (max-width: 860px) 100vw, 860px\" \/><\/figure>\n","protected":false},"excerpt":{"rendered":"<p>Idag var det &aring;rlig &auml;ggrullningsfinal p&aring; Kyrkskolan. Ett evenemang som minner om svunna tider och samtidigt sticker ut i nutiden som n&aring;got mycket annorlunda. Det handlar om n&aring;got s&aring; handfast som att krocka &auml;gg mot varandra p&aring; en bana p&aring;&hellip;<\/p>\n<p class=\"more-link-p\"><a class=\"more-link\" href=\"https:\/\/kulturpedagogik.se\/?p=4922\">Read more &rarr;<\/a><\/p>\n","protected":false},"author":1,"featured_media":4919,"comment_status":"open","ping_status":"open","sticky":false,"template":"","format":"standard","meta":{"jetpack_post_was_ever_published":false,"_jetpack_newsletter_access":"","_jetpack_dont_email_post_to_subs":false,"_jetpack_newsletter_tier_id":0,"_jetpack_memberships_contains_paywalled_content":false,"_jetpack_memberships_contains_paid_content":false,"footnotes":"","jetpack_publicize_message":"","jetpack_publicize_feature_enabled":true,"jetpack_social_post_already_shared":true,"jetpack_social_options":{"image_generator_settings":{"template":"highway","default_image_id":0,"font":"","enabled":false},"version":2}},"categories":[1],"tags":[],"class_list":["post-4922","post","type-post","status-publish","format-standard","has-post-thumbnail","hentry","category-ar-1-3"],"jetpack_publicize_connections":[],"jetpack_featured_media_url":"https:\/\/i0.wp.com\/media1.kulturpedagogik.se\/2020\/04\/img_1396.jpg?fit=2185%2C1359&ssl=1","jetpack_sharing_enabled":true,"jetpack_shortlink":"https:\/\/wp.me\/p7YLN2-1ho","jetpack-related-posts":[{"id":4430,"url":"https:\/\/kulturpedagogik.se\/?p=4430","url_meta":{"origin":4922,"position":0},"title":"\u00c4ggrullning","author":"Maria B Hurtig","date":"12 april, 2019","format":false,"excerpt":"Rulla \u00e4gg \u00e4r en tradition med anor p\u00e5 Kyrkskolan i Sorunda vad jag f\u00f6rst\u00e5r. Veckan innan p\u00e5sk m\u00e5lar barnen varsitt h\u00e5rdkokt \u00e4gg som de sedan anv\u00e4nder i en t\u00e4vling d\u00e4r man i tur och ordning ska rulla \u00e4ggen p\u00e5 en bana och f\u00f6rs\u00f6ka krocka varandras. Den som krockar flest \u00e4gg\u2026","rel":"","context":"I \u201d\u00c5r F-3\u201d","block_context":{"text":"\u00c5r F-3","link":"https:\/\/kulturpedagogik.se\/?cat=1"},"img":{"alt_text":"","src":"https:\/\/i0.wp.com\/media1.kulturpedagogik.se\/2019\/04\/img_0214.jpg?fit=1200%2C900&ssl=1&resize=350%2C200","width":350,"height":200,"srcset":"https:\/\/i0.wp.com\/media1.kulturpedagogik.se\/2019\/04\/img_0214.jpg?fit=1200%2C900&ssl=1&resize=350%2C200 1x, https:\/\/i0.wp.com\/media1.kulturpedagogik.se\/2019\/04\/img_0214.jpg?fit=1200%2C900&ssl=1&resize=525%2C300 1.5x, https:\/\/i0.wp.com\/media1.kulturpedagogik.se\/2019\/04\/img_0214.jpg?fit=1200%2C900&ssl=1&resize=700%2C400 2x, https:\/\/i0.wp.com\/media1.kulturpedagogik.se\/2019\/04\/img_0214.jpg?fit=1200%2C900&ssl=1&resize=1050%2C600 3x"},"classes":[]},{"id":3772,"url":"https:\/\/kulturpedagogik.se\/?p=3772","url_meta":{"origin":4922,"position":1},"title":"V\u00e5r natur och faddrar i klassrummet","author":"Maria B Hurtig","date":"26 april, 2018","format":false,"excerpt":"Idag hade vi en faddertr\u00e4ff i f\u00f6rskoleklassen tillsammans med \u00e5rskurs 3. Det \u00e4r alltid lika efterl\u00e4ngtat. B\u00e5de sm\u00e5 och stora tycker det \u00e4r riktigt mysigt. Vi t\u00e4nker att vi st\u00e4rker barnens sociala relationer f\u00f6r \u00f6kad trygghet genom att odla v\u00e4nskap. I den h\u00e4r tr\u00e4ffen anv\u00e4nde vi oss ocks\u00e5 av faddrarna\u2026","rel":"","context":"I \u201d\u00c5r F-3\u201d","block_context":{"text":"\u00c5r F-3","link":"https:\/\/kulturpedagogik.se\/?cat=1"},"img":{"alt_text":"","src":"https:\/\/i0.wp.com\/media1.kulturpedagogik.se\/2018\/04\/img_7718.jpg?fit=800%2C450&ssl=1&resize=350%2C200","width":350,"height":200,"srcset":"https:\/\/i0.wp.com\/media1.kulturpedagogik.se\/2018\/04\/img_7718.jpg?fit=800%2C450&ssl=1&resize=350%2C200 1x, https:\/\/i0.wp.com\/media1.kulturpedagogik.se\/2018\/04\/img_7718.jpg?fit=800%2C450&ssl=1&resize=525%2C300 1.5x, https:\/\/i0.wp.com\/media1.kulturpedagogik.se\/2018\/04\/img_7718.jpg?fit=800%2C450&ssl=1&resize=700%2C400 2x"},"classes":[]},{"id":3597,"url":"https:\/\/kulturpedagogik.se\/?p=3597","url_meta":{"origin":4922,"position":2},"title":"Tema v\u00e5ren och vattnets kretslopp","author":"Maria B Hurtig","date":"26 mars, 2018","format":false,"excerpt":"Den h\u00e4r veckan har det b\u00f6rjat t\u00f6a ordentligt. Nu passar det mycket bra att p\u00e5b\u00f6rja ett tema om v\u00e5ren och vattnets kretslopp genom att l\u00e4sa Olles skidf\u00e4rd av Elsa Beskow. I f\u00f6rskoleklassen blev eleverna som trollbundna av historien. Jag tror det h\u00e4nger samman med att den \u00e4r aktuell f\u00f6r dem\u2026","rel":"","context":"I \u201d\u00c5r F-3\u201d","block_context":{"text":"\u00c5r F-3","link":"https:\/\/kulturpedagogik.se\/?cat=1"},"img":{"alt_text":"","src":"https:\/\/i0.wp.com\/media1.kulturpedagogik.se\/2018\/03\/img_7568.jpg?resize=350%2C200","width":350,"height":200},"classes":[]},{"id":1888,"url":"https:\/\/kulturpedagogik.se\/?p=1888","url_meta":{"origin":4922,"position":3},"title":"Skatan f\u00f6re och efter &#8211; abstrakt blir konkret","author":"Maria B Hurtig","date":"23 februari, 2017","format":false,"excerpt":"I veckan som gick har vi varit p\u00e5 Naturskolan i Nyn\u00e4shamn och l\u00e4rt oss om skatan. Det \u00e4r som alltid roligt och sp\u00e4nnande med den ambiti\u00f6sa naturpedagogiken som vi m\u00f6ter d\u00e4r. F\u00f6r att inte tala om mys med brasa ute och att f\u00e5 klappa djuren. De har en majsorm och\u2026","rel":"","context":"I \u201d\u00c5r F-3\u201d","block_context":{"text":"\u00c5r F-3","link":"https:\/\/kulturpedagogik.se\/?cat=1"},"img":{"alt_text":"","src":"https:\/\/i0.wp.com\/media1.kulturpedagogik.se\/2017\/02\/img_5364-1.jpg?fit=1200%2C900&ssl=1&resize=350%2C200","width":350,"height":200,"srcset":"https:\/\/i0.wp.com\/media1.kulturpedagogik.se\/2017\/02\/img_5364-1.jpg?fit=1200%2C900&ssl=1&resize=350%2C200 1x, https:\/\/i0.wp.com\/media1.kulturpedagogik.se\/2017\/02\/img_5364-1.jpg?fit=1200%2C900&ssl=1&resize=525%2C300 1.5x, https:\/\/i0.wp.com\/media1.kulturpedagogik.se\/2017\/02\/img_5364-1.jpg?fit=1200%2C900&ssl=1&resize=700%2C400 2x, https:\/\/i0.wp.com\/media1.kulturpedagogik.se\/2017\/02\/img_5364-1.jpg?fit=1200%2C900&ssl=1&resize=1050%2C600 3x"},"classes":[]},{"id":3441,"url":"https:\/\/kulturpedagogik.se\/?p=3441","url_meta":{"origin":4922,"position":4},"title":"Se m\u00f6nster i paradiset","author":"Maria B Hurtig","date":"13 februari, 2018","format":false,"excerpt":"F\u00f6rra veckan skrev jag om hur vi f\u00f6rberedde f\u00f6r ett bes\u00f6k p\u00e5 Naturskolan h\u00e4r. Ig\u00e5r var det dags f\u00f6r avf\u00e4rd. Redan kl:7:40 avt\u00e5gade vi fr\u00e5n skolan f\u00f6r att ta bussen och sedan promenera upp till Nyn\u00e4shamns Naturskola, som ligger p\u00e5 en kulle i skogen invid sj\u00f6n Muskan i \u00d6smo. Barnen\u2026","rel":"","context":"I \u201d\u00c5r F-3\u201d","block_context":{"text":"\u00c5r F-3","link":"https:\/\/kulturpedagogik.se\/?cat=1"},"img":{"alt_text":"","src":"https:\/\/i0.wp.com\/media1.kulturpedagogik.se\/2018\/02\/img_7341.jpg?fit=1200%2C900&ssl=1&resize=350%2C200","width":350,"height":200,"srcset":"https:\/\/i0.wp.com\/media1.kulturpedagogik.se\/2018\/02\/img_7341.jpg?fit=1200%2C900&ssl=1&resize=350%2C200 1x, https:\/\/i0.wp.com\/media1.kulturpedagogik.se\/2018\/02\/img_7341.jpg?fit=1200%2C900&ssl=1&resize=525%2C300 1.5x, https:\/\/i0.wp.com\/media1.kulturpedagogik.se\/2018\/02\/img_7341.jpg?fit=1200%2C900&ssl=1&resize=700%2C400 2x, https:\/\/i0.wp.com\/media1.kulturpedagogik.se\/2018\/02\/img_7341.jpg?fit=1200%2C900&ssl=1&resize=1050%2C600 3x"},"classes":[]},{"id":4910,"url":"https:\/\/kulturpedagogik.se\/?p=4910","url_meta":{"origin":4922,"position":5},"title":"Lek f\u00f6r lugn &#8211; flytta ringen","author":"Maria B Hurtig","date":"30 mars, 2020","format":false,"excerpt":"Jag har tidigare skrivit om olika lekar som kan vara till hj\u00e4lp att skapa ro i f\u00f6rskoleklassen h\u00e4r. Idag hittade jag ett nytt tips som jag iakttog d\u00e5 jag var jag inne hos Viola och Ivana i deras klass en stund just innan lunchen. D\u00e5 fick barnen tillf\u00e4lle att leka\u2026","rel":"","context":"I \u201d\u00c5r F-3\u201d","block_context":{"text":"\u00c5r F-3","link":"https:\/\/kulturpedagogik.se\/?cat=1"},"img":{"alt_text":"","src":"https:\/\/i0.wp.com\/media1.kulturpedagogik.se\/2020\/03\/img_1378.jpg?fit=1200%2C900&ssl=1&resize=350%2C200","width":350,"height":200,"srcset":"https:\/\/i0.wp.com\/media1.kulturpedagogik.se\/2020\/03\/img_1378.jpg?fit=1200%2C900&ssl=1&resize=350%2C200 1x, https:\/\/i0.wp.com\/media1.kulturpedagogik.se\/2020\/03\/img_1378.jpg?fit=1200%2C900&ssl=1&resize=525%2C300 1.5x, https:\/\/i0.wp.com\/media1.kulturpedagogik.se\/2020\/03\/img_1378.jpg?fit=1200%2C900&ssl=1&resize=700%2C400 2x, https:\/\/i0.wp.com\/media1.kulturpedagogik.se\/2020\/03\/img_1378.jpg?fit=1200%2C900&ssl=1&resize=1050%2C600 3x"},"classes":[]}],"_links":{"self":[{"href":"https:\/\/kulturpedagogik.se\/index.php?rest_route=\/wp\/v2\/posts\/4922","targetHints":{"allow":["GET"]}}],"collection":[{"href":"https:\/\/kulturpedagogik.se\/index.php?rest_route=\/wp\/v2\/posts"}],"about":[{"href":"https:\/\/kulturpedagogik.se\/index.php?rest_route=\/wp\/v2\/types\/post"}],"author":[{"embeddable":true,"href":"https:\/\/kulturpedagogik.se\/index.php?rest_route=\/wp\/v2\/users\/1"}],"replies":[{"embeddable":true,"href":"https:\/\/kulturpedagogik.se\/index.php?rest_route=%2Fwp%2Fv2%2Fcomments&post=4922"}],"version-history":[{"count":1,"href":"https:\/\/kulturpedagogik.se\/index.php?rest_route=\/wp\/v2\/posts\/4922\/revisions"}],"predecessor-version":[{"id":4923,"href":"https:\/\/kulturpedagogik.se\/index.php?rest_route=\/wp\/v2\/posts\/4922\/revisions\/4923"}],"wp:featuredmedia":[{"embeddable":true,"href":"https:\/\/kulturpedagogik.se\/index.php?rest_route=\/wp\/v2\/media\/4919"}],"wp:attachment":[{"href":"https:\/\/kulturpedagogik.se\/index.php?rest_route=%2Fwp%2Fv2%2Fmedia&parent=4922"}],"wp:term":[{"taxonomy":"category","embeddable":true,"href":"https:\/\/kulturpedagogik.se\/index.php?rest_route=%2Fwp%2Fv2%2Fcategories&post=4922"},{"taxonomy":"post_tag","embeddable":true,"href":"https:\/\/kulturpedagogik.se\/index.php?rest_route=%2Fwp%2Fv2%2Ftags&post=4922"}],"curies":[{"name":"wp","href":"https:\/\/api.w.org\/{rel}","templated":true}]}}