{"id":4641,"date":"2019-10-22T18:21:07","date_gmt":"2019-10-22T18:21:07","guid":{"rendered":"http:\/\/kulturpedagogik.se\/?p=4641"},"modified":"2019-12-09T18:57:20","modified_gmt":"2019-12-09T18:57:20","slug":"samling-med-sug","status":"publish","type":"post","link":"https:\/\/kulturpedagogik.se\/?p=4641","title":{"rendered":"Samling med sug"},"content":{"rendered":"<p><img data-recalc-dims=\"1\" loading=\"lazy\" decoding=\"async\" class=\"size-full wp-image-4639\" src=\"https:\/\/i0.wp.com\/media1.kulturpedagogik.se\/2019\/10\/img_0856.jpg?resize=860%2C857\" width=\"860\" height=\"857\" srcset=\"https:\/\/i0.wp.com\/media1.kulturpedagogik.se\/2019\/10\/img_0856.jpg?w=1840&amp;ssl=1 1840w, https:\/\/i0.wp.com\/media1.kulturpedagogik.se\/2019\/10\/img_0856.jpg?resize=150%2C150&amp;ssl=1 150w, https:\/\/i0.wp.com\/media1.kulturpedagogik.se\/2019\/10\/img_0856.jpg?resize=300%2C300&amp;ssl=1 300w, https:\/\/i0.wp.com\/media1.kulturpedagogik.se\/2019\/10\/img_0856.jpg?resize=768%2C765&amp;ssl=1 768w, https:\/\/i0.wp.com\/media1.kulturpedagogik.se\/2019\/10\/img_0856.jpg?resize=1027%2C1024&amp;ssl=1 1027w, https:\/\/i0.wp.com\/media1.kulturpedagogik.se\/2019\/10\/img_0856.jpg?resize=560%2C558&amp;ssl=1 560w, https:\/\/i0.wp.com\/media1.kulturpedagogik.se\/2019\/10\/img_0856.jpg?resize=260%2C259&amp;ssl=1 260w, https:\/\/i0.wp.com\/media1.kulturpedagogik.se\/2019\/10\/img_0856.jpg?resize=160%2C159&amp;ssl=1 160w, https:\/\/i0.wp.com\/media1.kulturpedagogik.se\/2019\/10\/img_0856.jpg?w=1720 1720w\" sizes=\"auto, (max-width: 860px) 100vw, 860px\" \/>Jag brukar \u00e4ta med f\u00f6rskoleklasserna f\u00f6r att vara en extra vuxen d\u00e5 en fritidskollega g\u00e5r p\u00e5 rast. Det \u00e4r bra att l\u00e4ra k\u00e4nna sex\u00e5ringarna t\u00e4nker jag. Det \u00e4r bra f\u00f6r mig b\u00e5de som specialpedagog och bitr\u00e4dande rektor. P\u00e5 v\u00e5r lilla skola vill man g\u00e4rna k\u00e4nna alla barn och d\u00e5 \u00e4r det toppen att b\u00f6rja fr\u00e5n b\u00f6rjan. Men man blir glad av att tr\u00e4ffa sex\u00e5ringar ocks\u00e5. Det \u00e4r roligt att stifta bekantskap med alla nyfikna och kunskapst\u00f6rstande filurer. <img data-recalc-dims=\"1\" loading=\"lazy\" decoding=\"async\" class=\"size-full wp-image-4640\" src=\"https:\/\/i0.wp.com\/media1.kulturpedagogik.se\/2019\/10\/img_0848.jpg?resize=860%2C645\" width=\"860\" height=\"645\" srcset=\"https:\/\/i0.wp.com\/media1.kulturpedagogik.se\/2019\/10\/img_0848.jpg?w=4032&amp;ssl=1 4032w, https:\/\/i0.wp.com\/media1.kulturpedagogik.se\/2019\/10\/img_0848.jpg?resize=150%2C113&amp;ssl=1 150w, https:\/\/i0.wp.com\/media1.kulturpedagogik.se\/2019\/10\/img_0848.jpg?resize=300%2C225&amp;ssl=1 300w, https:\/\/i0.wp.com\/media1.kulturpedagogik.se\/2019\/10\/img_0848.jpg?resize=768%2C576&amp;ssl=1 768w, https:\/\/i0.wp.com\/media1.kulturpedagogik.se\/2019\/10\/img_0848.jpg?resize=1365%2C1024&amp;ssl=1 1365w, https:\/\/i0.wp.com\/media1.kulturpedagogik.se\/2019\/10\/img_0848.jpg?resize=560%2C420&amp;ssl=1 560w, https:\/\/i0.wp.com\/media1.kulturpedagogik.se\/2019\/10\/img_0848.jpg?resize=260%2C195&amp;ssl=1 260w, https:\/\/i0.wp.com\/media1.kulturpedagogik.se\/2019\/10\/img_0848.jpg?resize=160%2C120&amp;ssl=1 160w, https:\/\/i0.wp.com\/media1.kulturpedagogik.se\/2019\/10\/img_0848.jpg?w=1720 1720w, https:\/\/i0.wp.com\/media1.kulturpedagogik.se\/2019\/10\/img_0848.jpg?w=2580 2580w\" sizes=\"auto, (max-width: 860px) 100vw, 860px\" \/><\/p>\n<p>En f\u00f6rdel med att g\u00e5 ut och hj\u00e4lpa till \u00e4r att man ocks\u00e5 kan se sina kollegor &#8221;in action&#8221;. Idag d\u00e5 jag kom till f\u00f6rskoleklassen satt de som f\u00f6rtrollade i samlingsringen. Hur kunde det komma sig att motivationen f\u00f6r att kura runt mattan var s\u00e5 p\u00e5 topp? Jo, den magiska ingrediensen kallas LEK. Deras fritidsl\u00e4rare hade hittat p\u00e5 att leka Kims lek genom att anv\u00e4nda f\u00f6rem\u00e5l som b\u00f6rjar p\u00e5 dagens bokstav L. Och hon hade t\u00e4nt ljus ocks\u00e5 f\u00f6r att skapa st\u00e4mning. Ska s\u00e4gas att barnen redan lekt leken i halvklass med sina medhavda saker hemifr\u00e5n, alla p\u00e5 bokstaven L. S\u00e5 leken var k\u00e4nd f\u00f6r barnen vilket kan p\u00e5verka hur de f\u00f6rm\u00e5dde delta. Man vet att \u00e5terkommande rutiner och strukturer i klassrummet \u00e4r s\u00e5dant som bidrar till elevernas f\u00f6rm\u00e5ga att lyckas (Morningstar et al 2015).<\/p>\n<p><img data-recalc-dims=\"1\" loading=\"lazy\" decoding=\"async\" class=\"size-full wp-image-4642\" src=\"https:\/\/i0.wp.com\/media1.kulturpedagogik.se\/2019\/10\/img_0849.jpg?resize=860%2C645\" width=\"860\" height=\"645\" srcset=\"https:\/\/i0.wp.com\/media1.kulturpedagogik.se\/2019\/10\/img_0849.jpg?w=4032&amp;ssl=1 4032w, https:\/\/i0.wp.com\/media1.kulturpedagogik.se\/2019\/10\/img_0849.jpg?resize=150%2C113&amp;ssl=1 150w, https:\/\/i0.wp.com\/media1.kulturpedagogik.se\/2019\/10\/img_0849.jpg?resize=300%2C225&amp;ssl=1 300w, https:\/\/i0.wp.com\/media1.kulturpedagogik.se\/2019\/10\/img_0849.jpg?resize=768%2C576&amp;ssl=1 768w, https:\/\/i0.wp.com\/media1.kulturpedagogik.se\/2019\/10\/img_0849.jpg?resize=1365%2C1024&amp;ssl=1 1365w, https:\/\/i0.wp.com\/media1.kulturpedagogik.se\/2019\/10\/img_0849.jpg?resize=560%2C420&amp;ssl=1 560w, https:\/\/i0.wp.com\/media1.kulturpedagogik.se\/2019\/10\/img_0849.jpg?resize=260%2C195&amp;ssl=1 260w, https:\/\/i0.wp.com\/media1.kulturpedagogik.se\/2019\/10\/img_0849.jpg?resize=160%2C120&amp;ssl=1 160w, https:\/\/i0.wp.com\/media1.kulturpedagogik.se\/2019\/10\/img_0849.jpg?w=1720 1720w, https:\/\/i0.wp.com\/media1.kulturpedagogik.se\/2019\/10\/img_0849.jpg?w=2580 2580w\" sizes=\"auto, (max-width: 860px) 100vw, 860px\" \/>Vad l\u00e4r sig barnen d\u00e5 i denna samling med sug? N\u00e4r leken styr och en elev i taget f\u00e5r g\u00f6mma n\u00e5gra av f\u00f6rem\u00e5len p\u00e5 mattan medan en annan elev ska titta bort. Den som tittat bort ska sedan f\u00f6rs\u00f6ka ben\u00e4mna de dolda f\u00f6rem\u00e5len. Om kamraten inte kan svara ska den som g\u00f6mt ge ledtr\u00e5dar. L\u00e4rande och erfarenheter av vikt som kan f\u00f6rekomma i denna situation:<\/p>\n<ul>\n<li>ben\u00e4mna f\u00f6rem\u00e5l<\/li>\n<li>\u00f6va p\u00e5 bokstavsljud<\/li>\n<li>tala framf\u00f6r grupp<\/li>\n<li>lyssna p\u00e5 kamrater<\/li>\n<li>hitta p\u00e5 ledtr\u00e5dar &#8211; mera spr\u00e5klig tr\u00e4ning<\/li>\n<li>bli sedd<\/li>\n<li>bli lyssnad p\u00e5<\/li>\n<li>v\u00e4nta p\u00e5 sin tur<\/li>\n<\/ul>\n<ul>\n<li>uppleva lekens motivation &#8211; intresse<\/li>\n<li>sitta n\u00e4ra kamrater &#8211; gemenskap<\/li>\n<\/ul>\n<p><img data-recalc-dims=\"1\" loading=\"lazy\" decoding=\"async\" class=\"size-full wp-image-4643\" src=\"https:\/\/i0.wp.com\/media1.kulturpedagogik.se\/2019\/10\/img_0850.jpg?resize=860%2C645\" width=\"860\" height=\"645\" srcset=\"https:\/\/i0.wp.com\/media1.kulturpedagogik.se\/2019\/10\/img_0850.jpg?w=4032&amp;ssl=1 4032w, https:\/\/i0.wp.com\/media1.kulturpedagogik.se\/2019\/10\/img_0850.jpg?resize=150%2C113&amp;ssl=1 150w, https:\/\/i0.wp.com\/media1.kulturpedagogik.se\/2019\/10\/img_0850.jpg?resize=300%2C225&amp;ssl=1 300w, https:\/\/i0.wp.com\/media1.kulturpedagogik.se\/2019\/10\/img_0850.jpg?resize=768%2C576&amp;ssl=1 768w, https:\/\/i0.wp.com\/media1.kulturpedagogik.se\/2019\/10\/img_0850.jpg?resize=1365%2C1024&amp;ssl=1 1365w, https:\/\/i0.wp.com\/media1.kulturpedagogik.se\/2019\/10\/img_0850.jpg?resize=560%2C420&amp;ssl=1 560w, https:\/\/i0.wp.com\/media1.kulturpedagogik.se\/2019\/10\/img_0850.jpg?resize=260%2C195&amp;ssl=1 260w, https:\/\/i0.wp.com\/media1.kulturpedagogik.se\/2019\/10\/img_0850.jpg?resize=160%2C120&amp;ssl=1 160w, https:\/\/i0.wp.com\/media1.kulturpedagogik.se\/2019\/10\/img_0850.jpg?w=1720 1720w, https:\/\/i0.wp.com\/media1.kulturpedagogik.se\/2019\/10\/img_0850.jpg?w=2580 2580w\" sizes=\"auto, (max-width: 860px) 100vw, 860px\" \/>I en tid d\u00e5 barn s\u00e5v\u00e4l som vuxna spenderar alltmer vaken tid framf\u00f6r bildsk\u00e4rmar m\u00e5ste vi v\u00e4rna &#8221;den analoga&#8221; leken. H\u00e4r l\u00e4r sig barnen m\u00e5nga sociala f\u00e4rdigheter och utvecklar sin f\u00f6rm\u00e5ga till samspel. Kan de f\u00e5 l\u00e4ra sig att lyckas h\u00e4r s\u00e5 bygger de s\u00e5v\u00e4l sj\u00e4lvf\u00f6rtroende som gemenskap. Att sitta i en samlingsring och v\u00e4nta p\u00e5 sin tur kan vara en utmaning. Den erfarna l\u00e4raren beh\u00f6ver h\u00e4r anv\u00e4nda sin fingertoppsk\u00e4nsla f\u00f6r att veta vem som b\u00e4st beh\u00f6ver lyftas men ocks\u00e5 se till s\u00e5 att alla f\u00e5r chansen \u00f6ver tid och att det k\u00e4nns r\u00e4ttvist. Leken har en s\u00e4rskild f\u00f6rm\u00e5ga att skapa ro i f\u00f6rskoleklassen \u00e4r min erfarenhet. N\u00e5got som jag skrivit mer om <a href=\"http:\/\/kulturpedagogik.se\/?p=2867\">h\u00e4r<\/a>.<\/p>\n<p>Morningstar, M. E., Shogren, K. A., Lee, H., &amp; Born, K. (2015). Preliminary Lessons About Supporting Participation and Learning in Inclusive Classrooms. Research and Practice for Persons with Severe Disabilities, 40(3), 192\u2013210. https:\/\/doi.org\/10.1177\/1540796915594158<\/p>\n","protected":false},"excerpt":{"rendered":"<p>Jag brukar &auml;ta med f&ouml;rskoleklasserna f&ouml;r att vara en extra vuxen d&aring; en fritidskollega g&aring;r p&aring; rast. Det &auml;r bra att l&auml;ra k&auml;nna sex&aring;ringarna t&auml;nker jag. Det &auml;r bra f&ouml;r mig b&aring;de som specialpedagog och bitr&auml;dande rektor. P&aring; v&aring;r lilla&hellip;<\/p>\n<p class=\"more-link-p\"><a class=\"more-link\" href=\"https:\/\/kulturpedagogik.se\/?p=4641\">Read more &rarr;<\/a><\/p>\n","protected":false},"author":1,"featured_media":4642,"comment_status":"open","ping_status":"open","sticky":false,"template":"","format":"standard","meta":{"jetpack_post_was_ever_published":false,"_jetpack_newsletter_access":"","_jetpack_dont_email_post_to_subs":false,"_jetpack_newsletter_tier_id":0,"_jetpack_memberships_contains_paywalled_content":false,"_jetpack_memberships_contains_paid_content":false,"footnotes":"","jetpack_publicize_message":"","jetpack_publicize_feature_enabled":true,"jetpack_social_post_already_shared":true,"jetpack_social_options":{"image_generator_settings":{"template":"highway","default_image_id":0,"font":"","enabled":false},"version":2}},"categories":[1],"tags":[47,39,41,13],"class_list":["post-4641","post","type-post","status-publish","format-standard","has-post-thumbnail","hentry","category-ar-1-3","tag-arbetsro","tag-inkluderande","tag-lek","tag-svenska"],"jetpack_publicize_connections":[],"jetpack_featured_media_url":"https:\/\/i0.wp.com\/media1.kulturpedagogik.se\/2019\/10\/img_0849.jpg?fit=4032%2C3024&ssl=1","jetpack_sharing_enabled":true,"jetpack_shortlink":"https:\/\/wp.me\/p7YLN2-1cR","jetpack-related-posts":[{"id":2918,"url":"https:\/\/kulturpedagogik.se\/?p=2918","url_meta":{"origin":4641,"position":0},"title":"Vardagsmatte och delaktighet","author":"Maria B Hurtig","date":"27 november, 2017","format":false,"excerpt":"En del barn som befunnit sig i sv\u00e5righeter p\u00e5 f\u00f6rskolan fungerar b\u00e4ttre i F-klass. Hur kan det vara? Det kan f\u00f6rst\u00e5s bero p\u00e5 mognad. Men det kan ocks\u00e5 bero p\u00e5 \u00f6kade kognitiva utmaningar som ger dem tillfredsst\u00e4llelse. F\u00f6r den som har sv\u00e5rt med samspel \u00e4r utrymmet f\u00f6r fri lek och\u2026","rel":"","context":"I \u201d\u00c5r F-3\u201d","block_context":{"text":"\u00c5r F-3","link":"https:\/\/kulturpedagogik.se\/?cat=1"},"img":{"alt_text":"","src":"https:\/\/i0.wp.com\/media1.kulturpedagogik.se\/2017\/11\/img_6972.jpg?fit=900%2C1200&ssl=1&resize=350%2C200","width":350,"height":200,"srcset":"https:\/\/i0.wp.com\/media1.kulturpedagogik.se\/2017\/11\/img_6972.jpg?fit=900%2C1200&ssl=1&resize=350%2C200 1x, https:\/\/i0.wp.com\/media1.kulturpedagogik.se\/2017\/11\/img_6972.jpg?fit=900%2C1200&ssl=1&resize=525%2C300 1.5x, https:\/\/i0.wp.com\/media1.kulturpedagogik.se\/2017\/11\/img_6972.jpg?fit=900%2C1200&ssl=1&resize=700%2C400 2x"},"classes":[]},{"id":528,"url":"https:\/\/kulturpedagogik.se\/?p=528","url_meta":{"origin":4641,"position":1},"title":"Lekens allvar","author":"Maria B Hurtig","date":"5 april, 2014","format":false,"excerpt":"N\u00e4r ska jag vara n\u00f6jd med hur jag n\u00e5r fram till mina elever? Det \u00e4r en fr\u00e5ga jag st\u00e4llt mig genom \u00e5ren. Jag vill g\u00e4rna att de ska uppslukas och ryckas med och drabbas av den d\u00e4r lusten som g\u00f6r att de f\u00f6rsvinner in i och \"f\u00f6rlorar sig\" i sitt\u2026","rel":"","context":"I \u201d\u00c5r 4-6\u201d","block_context":{"text":"\u00c5r 4-6","link":"https:\/\/kulturpedagogik.se\/?cat=4"},"img":{"alt_text":"","src":"https:\/\/i0.wp.com\/media1.kulturpedagogik.se\/2014\/04\/20140405-133301.jpg?fit=300%2C300&ssl=1&resize=350%2C200","width":350,"height":200},"classes":[]},{"id":2966,"url":"https:\/\/kulturpedagogik.se\/?p=2966","url_meta":{"origin":4641,"position":2},"title":"Utmaning och flow i hemliga p\u00e5sars land","author":"Maria B Hurtig","date":"12 december, 2017","format":false,"excerpt":"Vi har kommit till de hemliga p\u00e5sarnas f\u00f6rlovade land i v\u00e5rt arbete med Bornholmslek. Barnen i v\u00e5ra grupper \u00e4lskar hemliga p\u00e5sar. H\u00e4r f\u00e5r de sticka ned handen i p\u00e5sen och k\u00e4nna efter samt gissa vad vad som d\u00f6ljer sig. D\u00e4refter ska de identifiera ljud och hitta gemensamma begynnelseljud. F\u00f6r att\u2026","rel":"","context":"I \u201d\u00c5r F-3\u201d","block_context":{"text":"\u00c5r F-3","link":"https:\/\/kulturpedagogik.se\/?cat=1"},"img":{"alt_text":"","src":"https:\/\/i0.wp.com\/media1.kulturpedagogik.se\/2017\/12\/img_7099.jpg?fit=455%2C607&ssl=1&resize=350%2C200","width":350,"height":200},"classes":[]},{"id":1757,"url":"https:\/\/kulturpedagogik.se\/?p=1757","url_meta":{"origin":4641,"position":3},"title":"L\u00e4sa och hj\u00e4lpa till p\u00e5 fritids","author":"Maria B Hurtig","date":"7 februari, 2017","format":false,"excerpt":"Idag jobbade jag n\u00e5gra timmar p\u00e5 fritids efter f\u00f6rskoleklassens slut. Efter att ha varit ute med barnen n\u00e5gra timmar p\u00e5 g\u00e5rden gick vi in f\u00f6r att g\u00f6ra mellis. Jag tog med mig n\u00e5gra barn som g\u00e4rna ville hj\u00e4lpa till. De fick plocka fram sm\u00f6rg\u00e5sar f\u00f6rst\u00e5s men sedan fick de ocks\u00e5\u2026","rel":"","context":"I \u201d\u00c5r F-3\u201d","block_context":{"text":"\u00c5r F-3","link":"https:\/\/kulturpedagogik.se\/?cat=1"},"img":{"alt_text":"","src":"https:\/\/i0.wp.com\/media1.kulturpedagogik.se\/2017\/02\/img_5282.jpg?fit=1200%2C900&ssl=1&resize=350%2C200","width":350,"height":200,"srcset":"https:\/\/i0.wp.com\/media1.kulturpedagogik.se\/2017\/02\/img_5282.jpg?fit=1200%2C900&ssl=1&resize=350%2C200 1x, https:\/\/i0.wp.com\/media1.kulturpedagogik.se\/2017\/02\/img_5282.jpg?fit=1200%2C900&ssl=1&resize=525%2C300 1.5x, https:\/\/i0.wp.com\/media1.kulturpedagogik.se\/2017\/02\/img_5282.jpg?fit=1200%2C900&ssl=1&resize=700%2C400 2x, https:\/\/i0.wp.com\/media1.kulturpedagogik.se\/2017\/02\/img_5282.jpg?fit=1200%2C900&ssl=1&resize=1050%2C600 3x"},"classes":[]},{"id":2460,"url":"https:\/\/kulturpedagogik.se\/?p=2460","url_meta":{"origin":4641,"position":4},"title":"Lek och st\u00f6ttning i l\u00e4s-skrivinl\u00e4rning","author":"Maria B Hurtig","date":"7 september, 2017","format":false,"excerpt":"Jag har tidigare skrivit om hur vi tr\u00e4nar p\u00e5 att l\u00e4sa och r\u00e4kna med namnkort i F-klassen bland annat h\u00e4r. Nu jobbar vi varje morgon p\u00e5 det viset och stavar i k\u00f6r namnen p\u00e5 alla de som \u00e4r fr\u00e5nvarande. Under dagen h\u00e4nger ofta namnkort och anteckningar kvar p\u00e5 tavlan. Det\u2026","rel":"","context":"I \u201d\u00c5r 4-6\u201d","block_context":{"text":"\u00c5r 4-6","link":"https:\/\/kulturpedagogik.se\/?cat=4"},"img":{"alt_text":"","src":"https:\/\/i0.wp.com\/media1.kulturpedagogik.se\/2017\/09\/img_6442.jpg?fit=1200%2C900&ssl=1&resize=350%2C200","width":350,"height":200,"srcset":"https:\/\/i0.wp.com\/media1.kulturpedagogik.se\/2017\/09\/img_6442.jpg?fit=1200%2C900&ssl=1&resize=350%2C200 1x, https:\/\/i0.wp.com\/media1.kulturpedagogik.se\/2017\/09\/img_6442.jpg?fit=1200%2C900&ssl=1&resize=525%2C300 1.5x, https:\/\/i0.wp.com\/media1.kulturpedagogik.se\/2017\/09\/img_6442.jpg?fit=1200%2C900&ssl=1&resize=700%2C400 2x, https:\/\/i0.wp.com\/media1.kulturpedagogik.se\/2017\/09\/img_6442.jpg?fit=1200%2C900&ssl=1&resize=1050%2C600 3x"},"classes":[]},{"id":1506,"url":"https:\/\/kulturpedagogik.se\/?p=1506","url_meta":{"origin":4641,"position":5},"title":"Hur barn l\u00e4r\ufeff och lekens allvar","author":"Maria B Hurtig","date":"2 december, 2016","format":false,"excerpt":"Ibland blir det tydligt att det jag f\u00f6rs\u00f6kt f\u00f6rmedla inte \u00e4r det som barnen tar till sig. N\u00e4r l\u00e4r de egentligen och hur kan man fr\u00e5ga sig? \u00a0Det \u00e4r en viktig fr\u00e5ga f\u00f6r David Dideau i boken What IF all you knew about education was wrong? H\u00e4r ifr\u00e5gas\u00e4tter han undervisning\u2026","rel":"","context":"I \u201d\u00c5r F-3\u201d","block_context":{"text":"\u00c5r F-3","link":"https:\/\/kulturpedagogik.se\/?cat=1"},"img":{"alt_text":"","src":"https:\/\/i0.wp.com\/media1.kulturpedagogik.se\/2016\/12\/img_4954.jpg?fit=1200%2C900&ssl=1&resize=350%2C200","width":350,"height":200,"srcset":"https:\/\/i0.wp.com\/media1.kulturpedagogik.se\/2016\/12\/img_4954.jpg?fit=1200%2C900&ssl=1&resize=350%2C200 1x, https:\/\/i0.wp.com\/media1.kulturpedagogik.se\/2016\/12\/img_4954.jpg?fit=1200%2C900&ssl=1&resize=525%2C300 1.5x, https:\/\/i0.wp.com\/media1.kulturpedagogik.se\/2016\/12\/img_4954.jpg?fit=1200%2C900&ssl=1&resize=700%2C400 2x, https:\/\/i0.wp.com\/media1.kulturpedagogik.se\/2016\/12\/img_4954.jpg?fit=1200%2C900&ssl=1&resize=1050%2C600 3x"},"classes":[]}],"_links":{"self":[{"href":"https:\/\/kulturpedagogik.se\/index.php?rest_route=\/wp\/v2\/posts\/4641","targetHints":{"allow":["GET"]}}],"collection":[{"href":"https:\/\/kulturpedagogik.se\/index.php?rest_route=\/wp\/v2\/posts"}],"about":[{"href":"https:\/\/kulturpedagogik.se\/index.php?rest_route=\/wp\/v2\/types\/post"}],"author":[{"embeddable":true,"href":"https:\/\/kulturpedagogik.se\/index.php?rest_route=\/wp\/v2\/users\/1"}],"replies":[{"embeddable":true,"href":"https:\/\/kulturpedagogik.se\/index.php?rest_route=%2Fwp%2Fv2%2Fcomments&post=4641"}],"version-history":[{"count":3,"href":"https:\/\/kulturpedagogik.se\/index.php?rest_route=\/wp\/v2\/posts\/4641\/revisions"}],"predecessor-version":[{"id":4779,"href":"https:\/\/kulturpedagogik.se\/index.php?rest_route=\/wp\/v2\/posts\/4641\/revisions\/4779"}],"wp:featuredmedia":[{"embeddable":true,"href":"https:\/\/kulturpedagogik.se\/index.php?rest_route=\/wp\/v2\/media\/4642"}],"wp:attachment":[{"href":"https:\/\/kulturpedagogik.se\/index.php?rest_route=%2Fwp%2Fv2%2Fmedia&parent=4641"}],"wp:term":[{"taxonomy":"category","embeddable":true,"href":"https:\/\/kulturpedagogik.se\/index.php?rest_route=%2Fwp%2Fv2%2Fcategories&post=4641"},{"taxonomy":"post_tag","embeddable":true,"href":"https:\/\/kulturpedagogik.se\/index.php?rest_route=%2Fwp%2Fv2%2Ftags&post=4641"}],"curies":[{"name":"wp","href":"https:\/\/api.w.org\/{rel}","templated":true}]}}