{"id":4580,"date":"2019-09-24T18:52:56","date_gmt":"2019-09-24T18:52:56","guid":{"rendered":"http:\/\/kulturpedagogik.se\/?p=4580"},"modified":"2019-12-09T19:10:42","modified_gmt":"2019-12-09T19:10:42","slug":"struktur-och-ro-pa-fritids","status":"publish","type":"post","link":"https:\/\/kulturpedagogik.se\/?p=4580","title":{"rendered":"Struktur och ro p\u00e5 fritids"},"content":{"rendered":"<p><img data-recalc-dims=\"1\" loading=\"lazy\" decoding=\"async\" class=\"size-full wp-image-4579\" src=\"https:\/\/i0.wp.com\/media1.kulturpedagogik.se\/2019\/09\/img_0730.jpg?resize=860%2C645\" width=\"860\" height=\"645\" srcset=\"https:\/\/i0.wp.com\/media1.kulturpedagogik.se\/2019\/09\/img_0730.jpg?w=4032&amp;ssl=1 4032w, https:\/\/i0.wp.com\/media1.kulturpedagogik.se\/2019\/09\/img_0730.jpg?resize=150%2C113&amp;ssl=1 150w, https:\/\/i0.wp.com\/media1.kulturpedagogik.se\/2019\/09\/img_0730.jpg?resize=300%2C225&amp;ssl=1 300w, https:\/\/i0.wp.com\/media1.kulturpedagogik.se\/2019\/09\/img_0730.jpg?resize=768%2C576&amp;ssl=1 768w, https:\/\/i0.wp.com\/media1.kulturpedagogik.se\/2019\/09\/img_0730.jpg?resize=1365%2C1024&amp;ssl=1 1365w, https:\/\/i0.wp.com\/media1.kulturpedagogik.se\/2019\/09\/img_0730.jpg?resize=560%2C420&amp;ssl=1 560w, https:\/\/i0.wp.com\/media1.kulturpedagogik.se\/2019\/09\/img_0730.jpg?resize=260%2C195&amp;ssl=1 260w, https:\/\/i0.wp.com\/media1.kulturpedagogik.se\/2019\/09\/img_0730.jpg?resize=160%2C120&amp;ssl=1 160w, https:\/\/i0.wp.com\/media1.kulturpedagogik.se\/2019\/09\/img_0730.jpg?w=1720 1720w, https:\/\/i0.wp.com\/media1.kulturpedagogik.se\/2019\/09\/img_0730.jpg?w=2580 2580w\" sizes=\"auto, (max-width: 860px) 100vw, 860px\" \/>Mycket kan man l\u00e4ra sig p\u00e5 fritids och m\u00e5nga olika s\u00e4tt finns att skapa struktur f\u00f6r eleverna. P\u00e5 Solens fritids anv\u00e4nder Ivana Petrovic klockor och bildschema f\u00f6r att tydligg\u00f6ra p\u00e5 tavlan vad som ska h\u00e4nda. P\u00e5 s\u00e5 vis skapas trygghet och f\u00f6ruts\u00e4gbarhet, vilket \u00e4r viktigt f\u00f6r att elever ska lyckas. Det \u00e4r bra f\u00f6r alla barn om \u00e4n s\u00e4rskilt viktigt f\u00f6r vissa. D\u00e5 vi anv\u00e4nder klockor som h\u00e4r ges dessutom utrymme att tr\u00e4na p\u00e5 klockan men \u00e4ven att l\u00e4sa.<\/p>\n<p>Att skapa ordning och struktur p\u00e5 fritids kan g\u00f6ras p\u00e5 flera s\u00e4tt. Jag har tidigare skrivit om detta fr\u00e5n Gl\u00e4djens fritids d\u00e5 barnen fick laborera med sina namn och v\u00e4lja aktivitet <a href=\"http:\/\/kulturpedagogik.se\/?p=1620\">h\u00e4r<\/a>. Liknande uppl\u00e4gg anv\u00e4nde vi i f\u00f6rskoleklass p\u00e5 Svandammsskolan d\u00e5 eleverna fick boka upp sig f\u00f6r att gynna arbetsro och samtidigt m\u00f6ta text som jag skrivit om <a href=\"http:\/\/kulturpedagogik.se\/?p=1648\">h\u00e4r<\/a>.<\/p>\n","protected":false},"excerpt":{"rendered":"<p>Mycket kan man l&auml;ra sig p&aring; fritids och m&aring;nga olika s&auml;tt finns att skapa struktur f&ouml;r eleverna. P&aring; Solens fritids anv&auml;nder Ivana Petrovic klockor och bildschema f&ouml;r att tydligg&ouml;ra p&aring; tavlan vad som ska h&auml;nda. P&aring; s&aring; vis skapas trygghet&hellip;<\/p>\n<p class=\"more-link-p\"><a class=\"more-link\" href=\"https:\/\/kulturpedagogik.se\/?p=4580\">Read more &rarr;<\/a><\/p>\n","protected":false},"author":1,"featured_media":4579,"comment_status":"open","ping_status":"open","sticky":false,"template":"","format":"standard","meta":{"jetpack_post_was_ever_published":false,"_jetpack_newsletter_access":"","_jetpack_dont_email_post_to_subs":false,"_jetpack_newsletter_tier_id":0,"_jetpack_memberships_contains_paywalled_content":false,"_jetpack_memberships_contains_paid_content":false,"footnotes":"","jetpack_publicize_message":"","jetpack_publicize_feature_enabled":true,"jetpack_social_post_already_shared":true,"jetpack_social_options":{"image_generator_settings":{"template":"highway","default_image_id":0,"font":"","enabled":false},"version":2}},"categories":[1],"tags":[47,40],"class_list":["post-4580","post","type-post","status-publish","format-standard","has-post-thumbnail","hentry","category-ar-1-3","tag-arbetsro","tag-fritids"],"jetpack_publicize_connections":[],"jetpack_featured_media_url":"https:\/\/i0.wp.com\/media1.kulturpedagogik.se\/2019\/09\/img_0730.jpg?fit=4032%2C3024&ssl=1","jetpack_sharing_enabled":true,"jetpack_shortlink":"https:\/\/wp.me\/p7YLN2-1bS","jetpack-related-posts":[{"id":1601,"url":"https:\/\/kulturpedagogik.se\/?p=1601","url_meta":{"origin":4580,"position":0},"title":"Utmana och l\u00e4ra p\u00e5 fritids &#8211; en fr\u00e5ga om demokrati","author":"Maria B Hurtig","date":"10 januari, 2017","format":false,"excerpt":"Samarbete \u00e4r en vanlig arbetsform p\u00e5 fritids och kan l\u00e4ra barnen att tro p\u00e5 sin f\u00f6rm\u00e5ga att utveckla och f\u00f6r\u00e4ndra saker tillsammans. Skolan b\u00f6rjar imorgon hos oss men p\u00e5 fritids har det h\u00e4nt en del sedan sist. Min kollega Helena Gerner har utmanat en grupp elever att g\u00f6ra en sn\u00f6stj\u00e4rna\u2026","rel":"","context":"I \u201d\u00c5r F-3\u201d","block_context":{"text":"\u00c5r F-3","link":"https:\/\/kulturpedagogik.se\/?cat=1"},"img":{"alt_text":"","src":"https:\/\/i0.wp.com\/media1.kulturpedagogik.se\/2017\/01\/img_5151-1.jpg?fit=1200%2C900&ssl=1&resize=350%2C200","width":350,"height":200,"srcset":"https:\/\/i0.wp.com\/media1.kulturpedagogik.se\/2017\/01\/img_5151-1.jpg?fit=1200%2C900&ssl=1&resize=350%2C200 1x, https:\/\/i0.wp.com\/media1.kulturpedagogik.se\/2017\/01\/img_5151-1.jpg?fit=1200%2C900&ssl=1&resize=525%2C300 1.5x, https:\/\/i0.wp.com\/media1.kulturpedagogik.se\/2017\/01\/img_5151-1.jpg?fit=1200%2C900&ssl=1&resize=700%2C400 2x, https:\/\/i0.wp.com\/media1.kulturpedagogik.se\/2017\/01\/img_5151-1.jpg?fit=1200%2C900&ssl=1&resize=1050%2C600 3x"},"classes":[]},{"id":4711,"url":"https:\/\/kulturpedagogik.se\/?p=4711","url_meta":{"origin":4580,"position":1},"title":"Bygga och samarbeta","author":"Maria B Hurtig","date":"22 november, 2019","format":false,"excerpt":"Vi har k\u00f6pt nytt byggmaterial till fritids. En stor l\u00e5da till varje avdelning. Det \u00e4r det om\u00e5ttligt popul\u00e4ra materialet plusplus som vi inf\u00f6rskaffat i riklig m\u00e4ngd. Idag d\u00e5 jag skulle g\u00e5 hem ropade Niklas p\u00e5 mig f\u00f6r att visa hur eleverna kommit ig\u00e5ng med att bygga. Det \u00e4r intressant och\u2026","rel":"","context":"I \u201d\u00c5r F-3\u201d","block_context":{"text":"\u00c5r F-3","link":"https:\/\/kulturpedagogik.se\/?cat=1"},"img":{"alt_text":"","src":"https:\/\/i0.wp.com\/media1.kulturpedagogik.se\/2019\/11\/img_1032.jpg?fit=1200%2C900&ssl=1&resize=350%2C200","width":350,"height":200,"srcset":"https:\/\/i0.wp.com\/media1.kulturpedagogik.se\/2019\/11\/img_1032.jpg?fit=1200%2C900&ssl=1&resize=350%2C200 1x, https:\/\/i0.wp.com\/media1.kulturpedagogik.se\/2019\/11\/img_1032.jpg?fit=1200%2C900&ssl=1&resize=525%2C300 1.5x, https:\/\/i0.wp.com\/media1.kulturpedagogik.se\/2019\/11\/img_1032.jpg?fit=1200%2C900&ssl=1&resize=700%2C400 2x, https:\/\/i0.wp.com\/media1.kulturpedagogik.se\/2019\/11\/img_1032.jpg?fit=1200%2C900&ssl=1&resize=1050%2C600 3x"},"classes":[]},{"id":5137,"url":"https:\/\/kulturpedagogik.se\/?p=5137","url_meta":{"origin":4580,"position":2},"title":"Jag \u00e4r ett virus &#8211; dramatisering ger mersmak","author":"Maria B Hurtig","date":"12 november, 2020","format":false,"excerpt":"Idag undervisade jag i en \u00e5rskurs 1 som ig\u00e5r l\u00e4rt sig och samtalat om Coronapandemin. I klassrummet kunde jag se anteckningarna som deras l\u00e4rare gjort p\u00e5 tavlan. Jag fotograferade tankekartan f\u00f6r att ha n\u00e5got att spinna p\u00e5 d\u00e5 vi idag skulle skriva oss till l\u00e4sning (ASL) tillsammans. Det \u00e4r viktigt\u2026","rel":"","context":"I \u201d\u00c5r F-3\u201d","block_context":{"text":"\u00c5r F-3","link":"https:\/\/kulturpedagogik.se\/?cat=1"},"img":{"alt_text":"","src":"https:\/\/i0.wp.com\/media1.kulturpedagogik.se\/2020\/11\/img_2249-scaled.jpg?fit=1200%2C900&ssl=1&resize=350%2C200","width":350,"height":200,"srcset":"https:\/\/i0.wp.com\/media1.kulturpedagogik.se\/2020\/11\/img_2249-scaled.jpg?fit=1200%2C900&ssl=1&resize=350%2C200 1x, https:\/\/i0.wp.com\/media1.kulturpedagogik.se\/2020\/11\/img_2249-scaled.jpg?fit=1200%2C900&ssl=1&resize=525%2C300 1.5x, https:\/\/i0.wp.com\/media1.kulturpedagogik.se\/2020\/11\/img_2249-scaled.jpg?fit=1200%2C900&ssl=1&resize=700%2C400 2x, https:\/\/i0.wp.com\/media1.kulturpedagogik.se\/2020\/11\/img_2249-scaled.jpg?fit=1200%2C900&ssl=1&resize=1050%2C600 3x"},"classes":[]},{"id":4119,"url":"https:\/\/kulturpedagogik.se\/?p=4119","url_meta":{"origin":4580,"position":3},"title":"Mjuka \u00f6verg\u00e5ngar p\u00e5 &#8221;Gl\u00e4djen&#8221; och &#8221;Lyckan&#8221;","author":"Maria B Hurtig","date":"3 oktober, 2018","format":false,"excerpt":"I v\u00e5r skola k\u00e4nns det att vi har ett tajt samarbete med de l\u00e4rare som tar \u00f6ver v\u00e5ra barn fr\u00e5n f\u00f6rskoleklass till \u00e5rskurs ett. V\u00e5ra klassrum ligger v\u00e4gg i v\u00e4gg och h\u00e4r finns goda m\u00f6jligheter f\u00f6r oss att bolla olika fr\u00e5gor tillsammans f\u00f6r att skapa de b\u00e4sta f\u00f6ruts\u00e4ttningarna f\u00f6r barnen.\u2026","rel":"","context":"I \u201d\u00c5r F-3\u201d","block_context":{"text":"\u00c5r F-3","link":"https:\/\/kulturpedagogik.se\/?cat=1"},"img":{"alt_text":"","src":"https:\/\/i0.wp.com\/media1.kulturpedagogik.se\/2017\/09\/img_6450.jpg?fit=1200%2C900&ssl=1&resize=350%2C200","width":350,"height":200,"srcset":"https:\/\/i0.wp.com\/media1.kulturpedagogik.se\/2017\/09\/img_6450.jpg?fit=1200%2C900&ssl=1&resize=350%2C200 1x, https:\/\/i0.wp.com\/media1.kulturpedagogik.se\/2017\/09\/img_6450.jpg?fit=1200%2C900&ssl=1&resize=525%2C300 1.5x, https:\/\/i0.wp.com\/media1.kulturpedagogik.se\/2017\/09\/img_6450.jpg?fit=1200%2C900&ssl=1&resize=700%2C400 2x, https:\/\/i0.wp.com\/media1.kulturpedagogik.se\/2017\/09\/img_6450.jpg?fit=1200%2C900&ssl=1&resize=1050%2C600 3x"},"classes":[]},{"id":4153,"url":"https:\/\/kulturpedagogik.se\/?p=4153","url_meta":{"origin":4580,"position":4},"title":"Mallar OCH frihet f\u00f6r demokrati och milj\u00f6.","author":"Maria B Hurtig","date":"14 oktober, 2018","format":false,"excerpt":"I f\u00f6rskoleklassen har vi geometriska block. De anv\u00e4nder vi p\u00e5 olika s\u00e4tt f\u00f6r att s\u00e4tta fokus p\u00e5 geometriska former bland annat. Vi anv\u00e4nder dem ocks\u00e5 f\u00f6r bildskapande. I den organiserade leken kan barnen exempelvis f\u00e5 bygga bilder efter mallar. Nu vet jag att det finns m\u00e5nga d\u00e4rute som \u00e4r skeptiska\u2026","rel":"","context":"I \u201d\u00c5r F-3\u201d","block_context":{"text":"\u00c5r F-3","link":"https:\/\/kulturpedagogik.se\/?cat=1"},"img":{"alt_text":"","src":"https:\/\/i0.wp.com\/media1.kulturpedagogik.se\/2018\/10\/img_8265.jpg?fit=1200%2C900&ssl=1&resize=350%2C200","width":350,"height":200,"srcset":"https:\/\/i0.wp.com\/media1.kulturpedagogik.se\/2018\/10\/img_8265.jpg?fit=1200%2C900&ssl=1&resize=350%2C200 1x, https:\/\/i0.wp.com\/media1.kulturpedagogik.se\/2018\/10\/img_8265.jpg?fit=1200%2C900&ssl=1&resize=525%2C300 1.5x, https:\/\/i0.wp.com\/media1.kulturpedagogik.se\/2018\/10\/img_8265.jpg?fit=1200%2C900&ssl=1&resize=700%2C400 2x, https:\/\/i0.wp.com\/media1.kulturpedagogik.se\/2018\/10\/img_8265.jpg?fit=1200%2C900&ssl=1&resize=1050%2C600 3x"},"classes":[]},{"id":6021,"url":"https:\/\/kulturpedagogik.se\/?p=6021","url_meta":{"origin":4580,"position":5},"title":"L\u00e4smilj\u00f6 p\u00e5 fritids","author":"Maria B Hurtig","date":"7 november, 2023","format":false,"excerpt":"Vi har en ny kollega p\u00e5 fritids Zeta med egna ambitioner och medhavda material f\u00f6r att piffa till v\u00e5r milj\u00f6 p\u00e5 flera s\u00e4tt. Det \u00e4r tydligt att hon har en plan och f\u00f6rst\u00e5r att dela upp elever och aktivera dem i olika h\u00f6rn och olika rum f\u00f6r att skapa ro\u2026","rel":"","context":"I \u201d\u00c5r F-3\u201d","block_context":{"text":"\u00c5r F-3","link":"https:\/\/kulturpedagogik.se\/?cat=1"},"img":{"alt_text":"","src":"https:\/\/i0.wp.com\/media1.kulturpedagogik.se\/2023\/11\/img_7431.jpg?fit=1100%2C824&ssl=1&resize=350%2C200","width":350,"height":200,"srcset":"https:\/\/i0.wp.com\/media1.kulturpedagogik.se\/2023\/11\/img_7431.jpg?fit=1100%2C824&ssl=1&resize=350%2C200 1x, https:\/\/i0.wp.com\/media1.kulturpedagogik.se\/2023\/11\/img_7431.jpg?fit=1100%2C824&ssl=1&resize=525%2C300 1.5x, https:\/\/i0.wp.com\/media1.kulturpedagogik.se\/2023\/11\/img_7431.jpg?fit=1100%2C824&ssl=1&resize=700%2C400 2x, https:\/\/i0.wp.com\/media1.kulturpedagogik.se\/2023\/11\/img_7431.jpg?fit=1100%2C824&ssl=1&resize=1050%2C600 3x"},"classes":[]}],"_links":{"self":[{"href":"https:\/\/kulturpedagogik.se\/index.php?rest_route=\/wp\/v2\/posts\/4580","targetHints":{"allow":["GET"]}}],"collection":[{"href":"https:\/\/kulturpedagogik.se\/index.php?rest_route=\/wp\/v2\/posts"}],"about":[{"href":"https:\/\/kulturpedagogik.se\/index.php?rest_route=\/wp\/v2\/types\/post"}],"author":[{"embeddable":true,"href":"https:\/\/kulturpedagogik.se\/index.php?rest_route=\/wp\/v2\/users\/1"}],"replies":[{"embeddable":true,"href":"https:\/\/kulturpedagogik.se\/index.php?rest_route=%2Fwp%2Fv2%2Fcomments&post=4580"}],"version-history":[{"count":5,"href":"https:\/\/kulturpedagogik.se\/index.php?rest_route=\/wp\/v2\/posts\/4580\/revisions"}],"predecessor-version":[{"id":4784,"href":"https:\/\/kulturpedagogik.se\/index.php?rest_route=\/wp\/v2\/posts\/4580\/revisions\/4784"}],"wp:featuredmedia":[{"embeddable":true,"href":"https:\/\/kulturpedagogik.se\/index.php?rest_route=\/wp\/v2\/media\/4579"}],"wp:attachment":[{"href":"https:\/\/kulturpedagogik.se\/index.php?rest_route=%2Fwp%2Fv2%2Fmedia&parent=4580"}],"wp:term":[{"taxonomy":"category","embeddable":true,"href":"https:\/\/kulturpedagogik.se\/index.php?rest_route=%2Fwp%2Fv2%2Fcategories&post=4580"},{"taxonomy":"post_tag","embeddable":true,"href":"https:\/\/kulturpedagogik.se\/index.php?rest_route=%2Fwp%2Fv2%2Ftags&post=4580"}],"curies":[{"name":"wp","href":"https:\/\/api.w.org\/{rel}","templated":true}]}}