{"id":433,"date":"2013-12-28T12:39:18","date_gmt":"2013-12-28T12:39:18","guid":{"rendered":"http:\/\/kulturpedagogik.se\/?p=433"},"modified":"2014-01-02T17:15:07","modified_gmt":"2014-01-02T17:15:07","slug":"tomtar-for-mangfald","status":"publish","type":"post","link":"https:\/\/kulturpedagogik.se\/?p=433","title":{"rendered":"Tomtar f\u00f6r m\u00e5ngfald"},"content":{"rendered":"<h4 style=\"text-align: justify;\"><em><a href=\"http:\/\/kulturpedagogik.se\/?attachment_id=435#main\" rel=\"attachment wp-att-435\"><img data-recalc-dims=\"1\" loading=\"lazy\" decoding=\"async\" class=\"alignleft size-medium wp-image-435\" alt=\"Tomtar med karakt\u00e4r\" src=\"https:\/\/i0.wp.com\/media1.kulturpedagogik.se\/2013\/12\/IMG_1174.jpg?resize=300%2C225\" width=\"300\" height=\"225\" srcset=\"https:\/\/i0.wp.com\/media1.kulturpedagogik.se\/2013\/12\/IMG_1174.jpg?resize=300%2C225&amp;ssl=1 300w, https:\/\/i0.wp.com\/media1.kulturpedagogik.se\/2013\/12\/IMG_1174.jpg?resize=150%2C112&amp;ssl=1 150w, https:\/\/i0.wp.com\/media1.kulturpedagogik.se\/2013\/12\/IMG_1174.jpg?resize=1365%2C1024&amp;ssl=1 1365w, https:\/\/i0.wp.com\/media1.kulturpedagogik.se\/2013\/12\/IMG_1174.jpg?resize=800%2C600&amp;ssl=1 800w, https:\/\/i0.wp.com\/media1.kulturpedagogik.se\/2013\/12\/IMG_1174.jpg?w=1720 1720w, https:\/\/i0.wp.com\/media1.kulturpedagogik.se\/2013\/12\/IMG_1174.jpg?w=2580 2580w\" sizes=\"auto, (max-width: 300px) 100vw, 300px\" \/><\/a>I naturen finns det inte en gren som \u00e4r den andra lik vilket underl\u00e4ttar om vi vill att m\u00e5ngfald ska representeras. En inter-kulturell pedagogik ska ju ocks\u00e5 syfta till att synligg\u00f6ra olikheter. Det skapar tolerans.<\/em><\/h4>\n<p style=\"text-align: justify;\">I v\u00e5r skola \u00e4r f\u00f6rskolan och f\u00f6rskoleklassen tillsammans i skogen en dag i veckan. Vid de h\u00e4r tillf\u00e4llena har vi lite naturpedagogiska uppdrag, g\u00e5r p\u00e5 promenad till h\u00e4starna, plockar svamp eller b\u00e4r och leker fritt. Vi \u00e4ter ocks\u00e5 lunch i skogen och ibland f\u00e5r barnen m\u00f6jlighet att t\u00e4lja.<\/p>\n<p style=\"text-align: justify;\">I \u00e5r har ju sn\u00f6n lyst med sin fr\u00e5nvaro \u00e4nda fram till Jul vilket gjorde det l\u00e4tt f\u00f6r barnen och mig att hitta material f\u00f6r att t\u00e4lja jultomtar. Vi letade efter tjockare grenar med sm\u00e5 kvistar som kunde bli tomtens n\u00e4sa. N\u00e5gra\u00a0barn f\u00f6ljde med mig f\u00f6r att hitta grenar som jag sedan\u00a0s\u00e5gade itu till lagom \u00e4mnen. En del av barnen hittade egna grenar i skogen som de ville anv\u00e4nda.<\/p>\n<p style=\"text-align: justify;\"><a href=\"http:\/\/kulturpedagogik.se\/?attachment_id=434\" rel=\"attachment wp-att-434\"><img data-recalc-dims=\"1\" loading=\"lazy\" decoding=\"async\" class=\"alignleft  wp-image-434\" alt=\"IMG_1162\" src=\"https:\/\/i0.wp.com\/media1.kulturpedagogik.se\/2013\/12\/IMG_1162.jpg?resize=180%2C240\" width=\"180\" height=\"240\" srcset=\"https:\/\/i0.wp.com\/media1.kulturpedagogik.se\/2013\/12\/IMG_1162.jpg?resize=225%2C300&amp;ssl=1 225w, https:\/\/i0.wp.com\/media1.kulturpedagogik.se\/2013\/12\/IMG_1162.jpg?resize=112%2C150&amp;ssl=1 112w, https:\/\/i0.wp.com\/media1.kulturpedagogik.se\/2013\/12\/IMG_1162.jpg?resize=768%2C1024&amp;ssl=1 768w, https:\/\/i0.wp.com\/media1.kulturpedagogik.se\/2013\/12\/IMG_1162.jpg?resize=800%2C1067&amp;ssl=1 800w, https:\/\/i0.wp.com\/media1.kulturpedagogik.se\/2013\/12\/IMG_1162.jpg?w=1720 1720w\" sizes=\"auto, (max-width: 180px) 100vw, 180px\" \/><\/a>Man kan ju undra om den h\u00e4r \u00f6vningen verkligen representerar barns individuella olikheter och synligg\u00f6r dem vilket en interkulturell pedagogik ska g\u00f6ra. Jag skulle vilja p\u00e5st\u00e5 att s\u00e5 verkligen \u00e4r fallet om barnen f\u00e5r vara med och v\u00e4lja material. Det \u00e4r p\u00e5tagligt att barnen v\u00e4ljer material med omsorg och g\u00f6r det till sitt. De g\u00f6r n\u00e5got sorts omedvetna sj\u00e4lvportr\u00e4tt.&#8221; Det h\u00e4r \u00e4r min tomte, s\u00e4ger lilla A (4 \u00e5r), f\u00f6r den har h\u00e4nder.&#8221;<\/p>\n<p style=\"text-align: justify;\">F\u00f6r de sm\u00e5 barnen kan det vara sv\u00e5rt att t\u00e4lja till luvan p\u00e5 tomten. D\u00e5 \u00e4r det bra att ha tillg\u00e5ng till snickarb\u00e4nk och fil. Att fila klarar alla. Sedan f\u00e5r vi vuxna f\u00f6rst\u00e5s ocks\u00e5 hj\u00e4lpa till lite f\u00f6r att f\u00e5 till det hela ibland.\u00a0Under en pysseldag fick vi tillf\u00e4lle att fila, m\u00e5la och lacka tomtarna. Och se p\u00e5 m\u00e5ngfalden!<\/p>\n<p style=\"text-align: center;\"><a href=\"http:\/\/kulturpedagogik.se\/?attachment_id=437\" rel=\"attachment wp-att-437\"><img data-recalc-dims=\"1\" loading=\"lazy\" decoding=\"async\" class=\"size-medium wp-image-437 aligncenter\" alt=\"IMG_1198\" src=\"https:\/\/i0.wp.com\/media1.kulturpedagogik.se\/2013\/12\/IMG_1198.jpg?resize=300%2C225\" width=\"300\" height=\"225\" srcset=\"https:\/\/i0.wp.com\/media1.kulturpedagogik.se\/2013\/12\/IMG_1198.jpg?resize=300%2C225&amp;ssl=1 300w, https:\/\/i0.wp.com\/media1.kulturpedagogik.se\/2013\/12\/IMG_1198.jpg?resize=150%2C112&amp;ssl=1 150w, https:\/\/i0.wp.com\/media1.kulturpedagogik.se\/2013\/12\/IMG_1198.jpg?resize=1365%2C1024&amp;ssl=1 1365w, https:\/\/i0.wp.com\/media1.kulturpedagogik.se\/2013\/12\/IMG_1198.jpg?resize=800%2C600&amp;ssl=1 800w, https:\/\/i0.wp.com\/media1.kulturpedagogik.se\/2013\/12\/IMG_1198.jpg?w=1720 1720w, https:\/\/i0.wp.com\/media1.kulturpedagogik.se\/2013\/12\/IMG_1198.jpg?w=2580 2580w\" sizes=\"auto, (max-width: 300px) 100vw, 300px\" \/><\/a><\/p>\n<p>&nbsp;<\/p>\n","protected":false},"excerpt":{"rendered":"<p>I naturen finns det inte en gren som &auml;r den andra lik vilket underl&auml;ttar om vi vill att m&aring;ngfald ska representeras. En inter-kulturell pedagogik ska ju ocks&aring; syfta till att synligg&ouml;ra olikheter. Det skapar tolerans. I v&aring;r skola &auml;r f&ouml;rskolan&hellip;<\/p>\n<p class=\"more-link-p\"><a class=\"more-link\" href=\"https:\/\/kulturpedagogik.se\/?p=433\">Read more &rarr;<\/a><\/p>\n","protected":false},"author":1,"featured_media":435,"comment_status":"open","ping_status":"open","sticky":false,"template":"","format":"standard","meta":{"jetpack_post_was_ever_published":false,"_jetpack_newsletter_access":"","_jetpack_dont_email_post_to_subs":false,"_jetpack_newsletter_tier_id":0,"_jetpack_memberships_contains_paywalled_content":false,"_jetpack_memberships_contains_paid_content":false,"footnotes":"","jetpack_publicize_message":"","jetpack_publicize_feature_enabled":true,"jetpack_social_post_already_shared":false,"jetpack_social_options":{"image_generator_settings":{"template":"highway","default_image_id":0,"font":"","enabled":false},"version":2}},"categories":[1,34],"tags":[28,29,18,35],"class_list":["post-433","post","type-post","status-publish","format-standard","has-post-thumbnail","hentry","category-ar-1-3","category-forskolan","tag-bild","tag-demokrati","tag-interkulturalitet","tag-slojd"],"jetpack_publicize_connections":[],"jetpack_featured_media_url":"https:\/\/i0.wp.com\/media1.kulturpedagogik.se\/2013\/12\/IMG_1174.jpg?fit=3264%2C2448&ssl=1","jetpack_sharing_enabled":true,"jetpack_shortlink":"https:\/\/wp.me\/p7YLN2-6Z","jetpack-related-posts":[{"id":2571,"url":"https:\/\/kulturpedagogik.se\/?p=2571","url_meta":{"origin":433,"position":0},"title":"Tema h\u00e4lsa &#8211; med start i skogen","author":"Maria B Hurtig","date":"26 september, 2017","format":false,"excerpt":"Att det \u00e4r h\u00e4lsosamt med utomhuspedagogik understr\u00f6ks p\u00e5 konferensen \"Ute \u00e4r inne\" som jag skrivit om h\u00e4r. I Cecilia Boldemans f\u00f6rel\u00e4sning redovisades att utomhusmilj\u00f6n kan vara h\u00e4lsobringande d\u00e5 den uppmuntrar till r\u00f6relse samtidigt som den kan bringa ro, dvs motverka stress. N\u00e5got som efterfr\u00e5gas i en stressig tid med mycket\u2026","rel":"","context":"I \u201d\u00c5r F-3\u201d","block_context":{"text":"\u00c5r F-3","link":"https:\/\/kulturpedagogik.se\/?cat=1"},"img":{"alt_text":"","src":"https:\/\/i0.wp.com\/media1.kulturpedagogik.se\/2017\/09\/img_6541.jpg?fit=1200%2C900&ssl=1&resize=350%2C200","width":350,"height":200,"srcset":"https:\/\/i0.wp.com\/media1.kulturpedagogik.se\/2017\/09\/img_6541.jpg?fit=1200%2C900&ssl=1&resize=350%2C200 1x, https:\/\/i0.wp.com\/media1.kulturpedagogik.se\/2017\/09\/img_6541.jpg?fit=1200%2C900&ssl=1&resize=525%2C300 1.5x, https:\/\/i0.wp.com\/media1.kulturpedagogik.se\/2017\/09\/img_6541.jpg?fit=1200%2C900&ssl=1&resize=700%2C400 2x, https:\/\/i0.wp.com\/media1.kulturpedagogik.se\/2017\/09\/img_6541.jpg?fit=1200%2C900&ssl=1&resize=1050%2C600 3x"},"classes":[]},{"id":2057,"url":"https:\/\/kulturpedagogik.se\/?p=2057","url_meta":{"origin":433,"position":1},"title":"Lek och faddrar i \u00f6verg\u00e5ngar","author":"Maria B Hurtig","date":"26 april, 2017","format":false,"excerpt":"Snart \u00e4r det sommar och sedan \u00e4r det nya barn som ska b\u00f6rja i F-klassen. K\u00e4nner vi dem r\u00e4tt har de redan b\u00f6rjat fundera. Hur ska det bli? Hur g\u00f6r man d\u00e4r? Vem blir min fr\u00f6ken? Var kan man leka? \u00d6verg\u00e5ngar \u00e4r viktiga och h\u00e4r kan vi f\u00f6rs\u00f6ka underl\u00e4tta f\u00f6r\u2026","rel":"","context":"I \u201d\u00c5r F-3\u201d","block_context":{"text":"\u00c5r F-3","link":"https:\/\/kulturpedagogik.se\/?cat=1"},"img":{"alt_text":"","src":"https:\/\/i0.wp.com\/media1.kulturpedagogik.se\/2017\/04\/img_5731.jpg?resize=350%2C200","width":350,"height":200,"srcset":"https:\/\/i0.wp.com\/media1.kulturpedagogik.se\/2017\/04\/img_5731.jpg?resize=350%2C200 1x, https:\/\/i0.wp.com\/media1.kulturpedagogik.se\/2017\/04\/img_5731.jpg?resize=525%2C300 1.5x"},"classes":[]},{"id":409,"url":"https:\/\/kulturpedagogik.se\/?p=409","url_meta":{"origin":433,"position":2},"title":"&#8221;Ber\u00e4tta&#8221; med hj\u00e4lp av hus i lera och skogsmaterial","author":"Maria B Hurtig","date":"22 december, 2013","format":false,"excerpt":"Interkulturalitet \u00e4r ett tjusigt ord med stor \"floskelvarning\" f\u00f6r den som \u00e4r skeptiskt lagd. Vad menas med detta? undrade jag m\u00e5nga g\u00e5nger d\u00e5 jag gick den inter-kulturella l\u00e4rarutbildningen p\u00e5 S\u00f6dert\u00f6rns H\u00f6gskola. Ibland tyckte jag att jag f\u00f6rstod men andra g\u00e5nger gled det undan. Vad var det nu igen? Det interkulturella\u2026","rel":"","context":"I \u201d\u00c5r F-3\u201d","block_context":{"text":"\u00c5r F-3","link":"https:\/\/kulturpedagogik.se\/?cat=1"},"img":{"alt_text":"","src":"https:\/\/i0.wp.com\/media1.kulturpedagogik.se\/2013\/11\/IMG_0618.jpg?fit=1200%2C900&ssl=1&resize=350%2C200","width":350,"height":200,"srcset":"https:\/\/i0.wp.com\/media1.kulturpedagogik.se\/2013\/11\/IMG_0618.jpg?fit=1200%2C900&ssl=1&resize=350%2C200 1x, https:\/\/i0.wp.com\/media1.kulturpedagogik.se\/2013\/11\/IMG_0618.jpg?fit=1200%2C900&ssl=1&resize=525%2C300 1.5x, https:\/\/i0.wp.com\/media1.kulturpedagogik.se\/2013\/11\/IMG_0618.jpg?fit=1200%2C900&ssl=1&resize=700%2C400 2x, https:\/\/i0.wp.com\/media1.kulturpedagogik.se\/2013\/11\/IMG_0618.jpg?fit=1200%2C900&ssl=1&resize=1050%2C600 3x"},"classes":[]},{"id":2886,"url":"https:\/\/kulturpedagogik.se\/?p=2886","url_meta":{"origin":433,"position":3},"title":"Vi b\u00f6rjar med centimeter","author":"Maria B Hurtig","date":"21 november, 2017","format":false,"excerpt":"P\u00e5 senaste tiden har vi b\u00f6rjat med att ta upp centimeter i F-klassen. Tidigare har vi pratat en hel del om meter och haft en del m\u00e4t\u00f6vningar och lekar kring det som jag skrivit om h\u00e4r. Men innan vi m\u00e4tte med meter s\u00e5 m\u00e4tte vi ocks\u00e5 med kottar som jag\u2026","rel":"","context":"I \u201d\u00c5r F-3\u201d","block_context":{"text":"\u00c5r F-3","link":"https:\/\/kulturpedagogik.se\/?cat=1"},"img":{"alt_text":"","src":"https:\/\/i0.wp.com\/media1.kulturpedagogik.se\/2017\/11\/img_6961.jpg?fit=900%2C1200&ssl=1&resize=350%2C200","width":350,"height":200,"srcset":"https:\/\/i0.wp.com\/media1.kulturpedagogik.se\/2017\/11\/img_6961.jpg?fit=900%2C1200&ssl=1&resize=350%2C200 1x, https:\/\/i0.wp.com\/media1.kulturpedagogik.se\/2017\/11\/img_6961.jpg?fit=900%2C1200&ssl=1&resize=525%2C300 1.5x, https:\/\/i0.wp.com\/media1.kulturpedagogik.se\/2017\/11\/img_6961.jpg?fit=900%2C1200&ssl=1&resize=700%2C400 2x"},"classes":[]},{"id":2522,"url":"https:\/\/kulturpedagogik.se\/?p=2522","url_meta":{"origin":433,"position":4},"title":"Konst i skogen","author":"Maria B Hurtig","date":"18 september, 2017","format":false,"excerpt":"Idag var vi i skogen som vanligt p\u00e5 m\u00e5ndag f\u00f6rmiddag. Vi gjorde lite olika \u00f6vningar kring udda och j\u00e4mna tal bland annat som jag skrivit om h\u00e4r. Efter uppdraget var det fri lek, vilket barnen uppskattar. N\u00e5gra barn plockade bl\u00e5b\u00e4r, vissa lekte i en koja, andra lekte med stenar och\u2026","rel":"","context":"I \u201d\u00c5r F-3\u201d","block_context":{"text":"\u00c5r F-3","link":"https:\/\/kulturpedagogik.se\/?cat=1"},"img":{"alt_text":"","src":"https:\/\/i0.wp.com\/media1.kulturpedagogik.se\/2017\/09\/img_6498.jpg?resize=350%2C200","width":350,"height":200,"srcset":"https:\/\/i0.wp.com\/media1.kulturpedagogik.se\/2017\/09\/img_6498.jpg?resize=350%2C200 1x, https:\/\/i0.wp.com\/media1.kulturpedagogik.se\/2017\/09\/img_6498.jpg?resize=525%2C300 1.5x, https:\/\/i0.wp.com\/media1.kulturpedagogik.se\/2017\/09\/img_6498.jpg?resize=700%2C400 2x, https:\/\/i0.wp.com\/media1.kulturpedagogik.se\/2017\/09\/img_6498.jpg?resize=1050%2C600 3x, https:\/\/i0.wp.com\/media1.kulturpedagogik.se\/2017\/09\/img_6498.jpg?resize=1400%2C800 4x"},"classes":[]},{"id":4900,"url":"https:\/\/kulturpedagogik.se\/?p=4900","url_meta":{"origin":433,"position":5},"title":"Samtal i skogen","author":"Maria B Hurtig","date":"11 mars, 2020","format":false,"excerpt":"Skogens milj\u00f6 inbjuder till samtal. Idag fick jag f\u00f6lja med till skogen med f\u00f6rskoleklassen. Det var ett sant n\u00f6je av flera sk\u00e4l. F\u00f6r det f\u00f6rsta har vi en fantastisk skog i Sorunda med ett alldeles f\u00f6rtr\u00e4ffligt uteklassrum som vi kan tacka engagerade f\u00f6r\u00e4ldrar f\u00f6r. F\u00f6r det andra inbjuder milj\u00f6n till\u2026","rel":"","context":"I \u201d\u00c5r F-3\u201d","block_context":{"text":"\u00c5r F-3","link":"https:\/\/kulturpedagogik.se\/?cat=1"},"img":{"alt_text":"","src":"https:\/\/i0.wp.com\/media1.kulturpedagogik.se\/2020\/03\/img_1329.jpg?fit=1200%2C900&ssl=1&resize=350%2C200","width":350,"height":200,"srcset":"https:\/\/i0.wp.com\/media1.kulturpedagogik.se\/2020\/03\/img_1329.jpg?fit=1200%2C900&ssl=1&resize=350%2C200 1x, https:\/\/i0.wp.com\/media1.kulturpedagogik.se\/2020\/03\/img_1329.jpg?fit=1200%2C900&ssl=1&resize=525%2C300 1.5x, https:\/\/i0.wp.com\/media1.kulturpedagogik.se\/2020\/03\/img_1329.jpg?fit=1200%2C900&ssl=1&resize=700%2C400 2x, https:\/\/i0.wp.com\/media1.kulturpedagogik.se\/2020\/03\/img_1329.jpg?fit=1200%2C900&ssl=1&resize=1050%2C600 3x"},"classes":[]}],"_links":{"self":[{"href":"https:\/\/kulturpedagogik.se\/index.php?rest_route=\/wp\/v2\/posts\/433","targetHints":{"allow":["GET"]}}],"collection":[{"href":"https:\/\/kulturpedagogik.se\/index.php?rest_route=\/wp\/v2\/posts"}],"about":[{"href":"https:\/\/kulturpedagogik.se\/index.php?rest_route=\/wp\/v2\/types\/post"}],"author":[{"embeddable":true,"href":"https:\/\/kulturpedagogik.se\/index.php?rest_route=\/wp\/v2\/users\/1"}],"replies":[{"embeddable":true,"href":"https:\/\/kulturpedagogik.se\/index.php?rest_route=%2Fwp%2Fv2%2Fcomments&post=433"}],"version-history":[{"count":10,"href":"https:\/\/kulturpedagogik.se\/index.php?rest_route=\/wp\/v2\/posts\/433\/revisions"}],"predecessor-version":[{"id":488,"href":"https:\/\/kulturpedagogik.se\/index.php?rest_route=\/wp\/v2\/posts\/433\/revisions\/488"}],"wp:featuredmedia":[{"embeddable":true,"href":"https:\/\/kulturpedagogik.se\/index.php?rest_route=\/wp\/v2\/media\/435"}],"wp:attachment":[{"href":"https:\/\/kulturpedagogik.se\/index.php?rest_route=%2Fwp%2Fv2%2Fmedia&parent=433"}],"wp:term":[{"taxonomy":"category","embeddable":true,"href":"https:\/\/kulturpedagogik.se\/index.php?rest_route=%2Fwp%2Fv2%2Fcategories&post=433"},{"taxonomy":"post_tag","embeddable":true,"href":"https:\/\/kulturpedagogik.se\/index.php?rest_route=%2Fwp%2Fv2%2Ftags&post=433"}],"curies":[{"name":"wp","href":"https:\/\/api.w.org\/{rel}","templated":true}]}}