{"id":4262,"date":"2018-11-13T11:47:27","date_gmt":"2018-11-13T11:47:27","guid":{"rendered":"http:\/\/kulturpedagogik.se\/?p=4262"},"modified":"2019-03-10T18:42:40","modified_gmt":"2019-03-10T18:42:40","slug":"monster-av-naturmaterial","status":"publish","type":"post","link":"https:\/\/kulturpedagogik.se\/?p=4262","title":{"rendered":"M\u00f6nster av naturmaterial"},"content":{"rendered":"<p><img data-recalc-dims=\"1\" loading=\"lazy\" decoding=\"async\" class=\"wp-image-4258 size-full\" src=\"https:\/\/i0.wp.com\/media1.kulturpedagogik.se\/2018\/11\/img_8381.jpg?resize=860%2C645\" width=\"860\" height=\"645\" srcset=\"https:\/\/i0.wp.com\/media1.kulturpedagogik.se\/2018\/11\/img_8381.jpg?w=3264&amp;ssl=1 3264w, https:\/\/i0.wp.com\/media1.kulturpedagogik.se\/2018\/11\/img_8381.jpg?resize=150%2C113&amp;ssl=1 150w, https:\/\/i0.wp.com\/media1.kulturpedagogik.se\/2018\/11\/img_8381.jpg?resize=300%2C225&amp;ssl=1 300w, https:\/\/i0.wp.com\/media1.kulturpedagogik.se\/2018\/11\/img_8381.jpg?resize=768%2C576&amp;ssl=1 768w, https:\/\/i0.wp.com\/media1.kulturpedagogik.se\/2018\/11\/img_8381.jpg?resize=1365%2C1024&amp;ssl=1 1365w, https:\/\/i0.wp.com\/media1.kulturpedagogik.se\/2018\/11\/img_8381.jpg?resize=560%2C420&amp;ssl=1 560w, https:\/\/i0.wp.com\/media1.kulturpedagogik.se\/2018\/11\/img_8381.jpg?resize=260%2C195&amp;ssl=1 260w, https:\/\/i0.wp.com\/media1.kulturpedagogik.se\/2018\/11\/img_8381.jpg?resize=160%2C120&amp;ssl=1 160w, https:\/\/i0.wp.com\/media1.kulturpedagogik.se\/2018\/11\/img_8381.jpg?w=1720 1720w, https:\/\/i0.wp.com\/media1.kulturpedagogik.se\/2018\/11\/img_8381.jpg?w=2580 2580w\" sizes=\"auto, (max-width: 860px) 100vw, 860px\" \/><img data-recalc-dims=\"1\" loading=\"lazy\" decoding=\"async\" class=\"wp-image-4259 size-full\" src=\"https:\/\/i0.wp.com\/media1.kulturpedagogik.se\/2018\/11\/img_8383.jpg?resize=860%2C645\" width=\"860\" height=\"645\" srcset=\"https:\/\/i0.wp.com\/media1.kulturpedagogik.se\/2018\/11\/img_8383.jpg?w=3264&amp;ssl=1 3264w, https:\/\/i0.wp.com\/media1.kulturpedagogik.se\/2018\/11\/img_8383.jpg?resize=150%2C113&amp;ssl=1 150w, https:\/\/i0.wp.com\/media1.kulturpedagogik.se\/2018\/11\/img_8383.jpg?resize=300%2C225&amp;ssl=1 300w, https:\/\/i0.wp.com\/media1.kulturpedagogik.se\/2018\/11\/img_8383.jpg?resize=768%2C576&amp;ssl=1 768w, https:\/\/i0.wp.com\/media1.kulturpedagogik.se\/2018\/11\/img_8383.jpg?resize=1365%2C1024&amp;ssl=1 1365w, https:\/\/i0.wp.com\/media1.kulturpedagogik.se\/2018\/11\/img_8383.jpg?resize=560%2C420&amp;ssl=1 560w, https:\/\/i0.wp.com\/media1.kulturpedagogik.se\/2018\/11\/img_8383.jpg?resize=260%2C195&amp;ssl=1 260w, https:\/\/i0.wp.com\/media1.kulturpedagogik.se\/2018\/11\/img_8383.jpg?resize=160%2C120&amp;ssl=1 160w, https:\/\/i0.wp.com\/media1.kulturpedagogik.se\/2018\/11\/img_8383.jpg?w=1720 1720w, https:\/\/i0.wp.com\/media1.kulturpedagogik.se\/2018\/11\/img_8383.jpg?w=2580 2580w\" sizes=\"auto, (max-width: 860px) 100vw, 860px\" \/>Jag har tidigare skrivit om hur vi g\u00f6r sj\u00e4lvportr\u00e4tt av trolldeg <a href=\"http:\/\/kulturpedagogik.se\/?p=1201\">h\u00e4r<\/a>. I \u00e5r har vi uppgraderat v\u00e5rt arbete med ramarna genom att g\u00f6ra m\u00f6nster och smycka med olika naturmaterial: alkottar, pinnar, kastanjer och stenar. Materialet samlar vi d\u00e5 vi g\u00e5r iv\u00e4g p\u00e5 v\u00e5r m\u00e5ndagspromenad och vi f\u00f6rs\u00f6ker koppla ihop det med bokstavsarbete som jag skrivit om <a href=\"http:\/\/kulturpedagogik.se\/?p=2476\">h\u00e4r<\/a>.<img data-recalc-dims=\"1\" loading=\"lazy\" decoding=\"async\" class=\"wp-image-4260 size-full\" src=\"https:\/\/i0.wp.com\/media1.kulturpedagogik.se\/2018\/11\/img_8382.jpg?resize=860%2C645\" width=\"860\" height=\"645\" srcset=\"https:\/\/i0.wp.com\/media1.kulturpedagogik.se\/2018\/11\/img_8382.jpg?w=3264&amp;ssl=1 3264w, https:\/\/i0.wp.com\/media1.kulturpedagogik.se\/2018\/11\/img_8382.jpg?resize=150%2C113&amp;ssl=1 150w, https:\/\/i0.wp.com\/media1.kulturpedagogik.se\/2018\/11\/img_8382.jpg?resize=300%2C225&amp;ssl=1 300w, https:\/\/i0.wp.com\/media1.kulturpedagogik.se\/2018\/11\/img_8382.jpg?resize=768%2C576&amp;ssl=1 768w, https:\/\/i0.wp.com\/media1.kulturpedagogik.se\/2018\/11\/img_8382.jpg?resize=1365%2C1024&amp;ssl=1 1365w, https:\/\/i0.wp.com\/media1.kulturpedagogik.se\/2018\/11\/img_8382.jpg?resize=560%2C420&amp;ssl=1 560w, https:\/\/i0.wp.com\/media1.kulturpedagogik.se\/2018\/11\/img_8382.jpg?resize=260%2C195&amp;ssl=1 260w, https:\/\/i0.wp.com\/media1.kulturpedagogik.se\/2018\/11\/img_8382.jpg?resize=160%2C120&amp;ssl=1 160w, https:\/\/i0.wp.com\/media1.kulturpedagogik.se\/2018\/11\/img_8382.jpg?w=1720 1720w, https:\/\/i0.wp.com\/media1.kulturpedagogik.se\/2018\/11\/img_8382.jpg?w=2580 2580w\" sizes=\"auto, (max-width: 860px) 100vw, 860px\" \/><img data-recalc-dims=\"1\" loading=\"lazy\" decoding=\"async\" class=\"wp-image-4261 size-full\" src=\"https:\/\/i0.wp.com\/media1.kulturpedagogik.se\/2018\/11\/img_8384.jpg?resize=860%2C645\" width=\"860\" height=\"645\" srcset=\"https:\/\/i0.wp.com\/media1.kulturpedagogik.se\/2018\/11\/img_8384.jpg?w=3264&amp;ssl=1 3264w, https:\/\/i0.wp.com\/media1.kulturpedagogik.se\/2018\/11\/img_8384.jpg?resize=150%2C113&amp;ssl=1 150w, https:\/\/i0.wp.com\/media1.kulturpedagogik.se\/2018\/11\/img_8384.jpg?resize=300%2C225&amp;ssl=1 300w, https:\/\/i0.wp.com\/media1.kulturpedagogik.se\/2018\/11\/img_8384.jpg?resize=768%2C576&amp;ssl=1 768w, https:\/\/i0.wp.com\/media1.kulturpedagogik.se\/2018\/11\/img_8384.jpg?resize=1365%2C1024&amp;ssl=1 1365w, https:\/\/i0.wp.com\/media1.kulturpedagogik.se\/2018\/11\/img_8384.jpg?resize=560%2C420&amp;ssl=1 560w, https:\/\/i0.wp.com\/media1.kulturpedagogik.se\/2018\/11\/img_8384.jpg?resize=260%2C195&amp;ssl=1 260w, https:\/\/i0.wp.com\/media1.kulturpedagogik.se\/2018\/11\/img_8384.jpg?resize=160%2C120&amp;ssl=1 160w, https:\/\/i0.wp.com\/media1.kulturpedagogik.se\/2018\/11\/img_8384.jpg?w=1720 1720w, https:\/\/i0.wp.com\/media1.kulturpedagogik.se\/2018\/11\/img_8384.jpg?w=2580 2580w\" sizes=\"auto, (max-width: 860px) 100vw, 860px\" \/><\/p>\n","protected":false},"excerpt":{"rendered":"<p>Jag har tidigare skrivit om hur vi g&ouml;r sj&auml;lvportr&auml;tt av trolldeg h&auml;r. I &aring;r har vi uppgraderat v&aring;rt arbete med ramarna genom att g&ouml;ra m&ouml;nster och smycka med olika naturmaterial: alkottar, pinnar, kastanjer och stenar. Materialet samlar vi d&aring; vi&hellip;<\/p>\n<p class=\"more-link-p\"><a class=\"more-link\" href=\"https:\/\/kulturpedagogik.se\/?p=4262\">Read more &rarr;<\/a><\/p>\n","protected":false},"author":1,"featured_media":4259,"comment_status":"open","ping_status":"open","sticky":false,"template":"","format":"standard","meta":{"jetpack_post_was_ever_published":false,"_jetpack_newsletter_access":"","_jetpack_dont_email_post_to_subs":false,"_jetpack_newsletter_tier_id":0,"_jetpack_memberships_contains_paywalled_content":false,"_jetpack_memberships_contains_paid_content":false,"footnotes":"","jetpack_publicize_message":"","jetpack_publicize_feature_enabled":true,"jetpack_social_post_already_shared":true,"jetpack_social_options":{"image_generator_settings":{"template":"highway","default_image_id":0,"font":"","enabled":false},"version":2}},"categories":[1,34],"tags":[28,39,16,36,20,13],"class_list":["post-4262","post","type-post","status-publish","format-standard","has-post-thumbnail","hentry","category-ar-1-3","category-forskolan","tag-bild","tag-inkluderande","tag-matematik","tag-naturpedagogik","tag-no","tag-svenska"],"jetpack_publicize_connections":[],"jetpack_featured_media_url":"https:\/\/i0.wp.com\/media1.kulturpedagogik.se\/2018\/11\/img_8383.jpg?fit=3264%2C2448&ssl=1","jetpack_sharing_enabled":true,"jetpack_shortlink":"https:\/\/wp.me\/p7YLN2-16K","jetpack-related-posts":[{"id":3757,"url":"https:\/\/kulturpedagogik.se\/?p=3757","url_meta":{"origin":4262,"position":0},"title":"Bygga m\u00f6nster, fotografera och samtala","author":"Maria B Hurtig","date":"24 april, 2018","format":false,"excerpt":"Vi har b\u00f6rjat tala lite om m\u00f6nster i f\u00f6rskoleklassen. Efter en kort genomg\u00e5ng p\u00e5 tavlan fick eleverna jobba parvis med att hitta p\u00e5 ett m\u00f6nster tillsammans. Nu anv\u00e4nde vi oss av samma genomt\u00e4nkta par som jag skrev om h\u00e4r d\u00e5 vi i f\u00f6rra veckan ville att eleverna skulle agera l\u00e4randeresurser\u2026","rel":"","context":"I \u201d\u00c5r F-3\u201d","block_context":{"text":"\u00c5r F-3","link":"https:\/\/kulturpedagogik.se\/?cat=1"},"img":{"alt_text":"","src":"https:\/\/i0.wp.com\/media1.kulturpedagogik.se\/2018\/04\/img_7665.jpg?fit=1200%2C900&ssl=1&resize=350%2C200","width":350,"height":200,"srcset":"https:\/\/i0.wp.com\/media1.kulturpedagogik.se\/2018\/04\/img_7665.jpg?fit=1200%2C900&ssl=1&resize=350%2C200 1x, https:\/\/i0.wp.com\/media1.kulturpedagogik.se\/2018\/04\/img_7665.jpg?fit=1200%2C900&ssl=1&resize=525%2C300 1.5x, https:\/\/i0.wp.com\/media1.kulturpedagogik.se\/2018\/04\/img_7665.jpg?fit=1200%2C900&ssl=1&resize=700%2C400 2x, https:\/\/i0.wp.com\/media1.kulturpedagogik.se\/2018\/04\/img_7665.jpg?fit=1200%2C900&ssl=1&resize=1050%2C600 3x"},"classes":[]},{"id":4270,"url":"https:\/\/kulturpedagogik.se\/?p=4270","url_meta":{"origin":4262,"position":1},"title":"R\u00e4kna nypon med tiotal och t\u00e4nka p\u00e5 milj\u00f6n","author":"Maria B Hurtig","date":"17 november, 2018","format":false,"excerpt":"Jag har tidigare skrivit om hur vi b\u00f6rjar veckan med lektioner utomhus bland annat h\u00e4r. Orsakerna \u00e4r flera: I naturen hittar vi objekt\/arter\/frukter\/blommor\/blad som g\u00e5r utm\u00e4rkt att anv\u00e4nda som praktiskt material i \u00f6vningar att m\u00e4ta och r\u00e4kna och f\u00f6r att l\u00e4ra spr\u00e5k. Vi l\u00e4r oss samtidigt om naturen och v\u00e5r\u2026","rel":"","context":"I \u201d\u00c5r F-3\u201d","block_context":{"text":"\u00c5r F-3","link":"https:\/\/kulturpedagogik.se\/?cat=1"},"img":{"alt_text":"","src":"https:\/\/i0.wp.com\/media1.kulturpedagogik.se\/2018\/11\/img_8376.jpg?fit=1200%2C900&ssl=1&resize=350%2C200","width":350,"height":200,"srcset":"https:\/\/i0.wp.com\/media1.kulturpedagogik.se\/2018\/11\/img_8376.jpg?fit=1200%2C900&ssl=1&resize=350%2C200 1x, https:\/\/i0.wp.com\/media1.kulturpedagogik.se\/2018\/11\/img_8376.jpg?fit=1200%2C900&ssl=1&resize=525%2C300 1.5x, https:\/\/i0.wp.com\/media1.kulturpedagogik.se\/2018\/11\/img_8376.jpg?fit=1200%2C900&ssl=1&resize=700%2C400 2x, https:\/\/i0.wp.com\/media1.kulturpedagogik.se\/2018\/11\/img_8376.jpg?fit=1200%2C900&ssl=1&resize=1050%2C600 3x"},"classes":[]},{"id":2589,"url":"https:\/\/kulturpedagogik.se\/?p=2589","url_meta":{"origin":4262,"position":2},"title":"Bokst\u00e4ver blir ord","author":"Maria B Hurtig","date":"27 september, 2017","format":false,"excerpt":"Jag har skrivit om hur vi jobbat tematiskt med bokst\u00e4ver bl.a. h\u00e4r. N\u00e4r vi nu hunnit med n\u00e5gra stycken s\u00e5 har det blivit dags att f\u00f6rvandla dem till ord. Det gjorde vi idag med hj\u00e4lp av b\u00e5de EPA (enskilt, par, alla) och STL (skriva sig till l\u00e4sning p\u00e5 iPad). Jag\u2026","rel":"","context":"I \u201d\u00c5r F-3\u201d","block_context":{"text":"\u00c5r F-3","link":"https:\/\/kulturpedagogik.se\/?cat=1"},"img":{"alt_text":"","src":"https:\/\/i0.wp.com\/media1.kulturpedagogik.se\/2017\/09\/img_6574.jpg?fit=1200%2C900&ssl=1&resize=350%2C200","width":350,"height":200,"srcset":"https:\/\/i0.wp.com\/media1.kulturpedagogik.se\/2017\/09\/img_6574.jpg?fit=1200%2C900&ssl=1&resize=350%2C200 1x, https:\/\/i0.wp.com\/media1.kulturpedagogik.se\/2017\/09\/img_6574.jpg?fit=1200%2C900&ssl=1&resize=525%2C300 1.5x, https:\/\/i0.wp.com\/media1.kulturpedagogik.se\/2017\/09\/img_6574.jpg?fit=1200%2C900&ssl=1&resize=700%2C400 2x, https:\/\/i0.wp.com\/media1.kulturpedagogik.se\/2017\/09\/img_6574.jpg?fit=1200%2C900&ssl=1&resize=1050%2C600 3x"},"classes":[]},{"id":2795,"url":"https:\/\/kulturpedagogik.se\/?p=2795","url_meta":{"origin":4262,"position":3},"title":"B\u00f6rja l\u00e4sa","author":"Maria B Hurtig","date":"23 oktober, 2017","format":false,"excerpt":"Jag har skrivit hur vi l\u00e4r oss att l\u00e4sa och r\u00e4kna med hj\u00e4lp av namnkort i samlingen h\u00e4r. Idag skulle barnen fr\u00e5ga kamraten vilken \u00e5rstid de fyller \u00e5r och s\u00e4tta namnkortet p\u00e5 r\u00e4tt st\u00e4lle. Det var inte helt l\u00e4tt trots att vi talat om \u00e5rstiderna och f\u00f6delsedagarna f\u00f6rut. Men repetition\u2026","rel":"","context":"I \u201d\u00c5r F-3\u201d","block_context":{"text":"\u00c5r F-3","link":"https:\/\/kulturpedagogik.se\/?cat=1"},"img":{"alt_text":"","src":"https:\/\/i0.wp.com\/media1.kulturpedagogik.se\/2017\/10\/img_6723-1.jpg?resize=350%2C200","width":350,"height":200,"srcset":"https:\/\/i0.wp.com\/media1.kulturpedagogik.se\/2017\/10\/img_6723-1.jpg?resize=350%2C200 1x, https:\/\/i0.wp.com\/media1.kulturpedagogik.se\/2017\/10\/img_6723-1.jpg?resize=525%2C300 1.5x, https:\/\/i0.wp.com\/media1.kulturpedagogik.se\/2017\/10\/img_6723-1.jpg?resize=700%2C400 2x, https:\/\/i0.wp.com\/media1.kulturpedagogik.se\/2017\/10\/img_6723-1.jpg?resize=1050%2C600 3x, https:\/\/i0.wp.com\/media1.kulturpedagogik.se\/2017\/10\/img_6723-1.jpg?resize=1400%2C800 4x"},"classes":[]},{"id":3175,"url":"https:\/\/kulturpedagogik.se\/?p=3175","url_meta":{"origin":4262,"position":4},"title":"Utm\u00e4rkta l\u00e4romedel om rymden","author":"Maria B Hurtig","date":"3 februari, 2018","format":false,"excerpt":"Jag har tidigare skrivit om hur vi jobbar med tema rymden i f\u00f6rskoleklass bl.a. h\u00e4r. D\u00e4r pratar jag mest om musik och film som vi anv\u00e4nder. Jag vill f\u00f6rtydliga att filmerna om Paxi \u00e4r oerh\u00f6rt bra upplagda och barnen l\u00e4r sig massor. S\u00e4rskilt avsnittet om Paxi och solsystemet ger en\u2026","rel":"","context":"I \u201d\u00c5r F-3\u201d","block_context":{"text":"\u00c5r F-3","link":"https:\/\/kulturpedagogik.se\/?cat=1"},"img":{"alt_text":"","src":"https:\/\/i0.wp.com\/media1.kulturpedagogik.se\/2018\/02\/img_7294.jpg?fit=1200%2C675&ssl=1&resize=350%2C200","width":350,"height":200,"srcset":"https:\/\/i0.wp.com\/media1.kulturpedagogik.se\/2018\/02\/img_7294.jpg?fit=1200%2C675&ssl=1&resize=350%2C200 1x, https:\/\/i0.wp.com\/media1.kulturpedagogik.se\/2018\/02\/img_7294.jpg?fit=1200%2C675&ssl=1&resize=525%2C300 1.5x, https:\/\/i0.wp.com\/media1.kulturpedagogik.se\/2018\/02\/img_7294.jpg?fit=1200%2C675&ssl=1&resize=700%2C400 2x, https:\/\/i0.wp.com\/media1.kulturpedagogik.se\/2018\/02\/img_7294.jpg?fit=1200%2C675&ssl=1&resize=1050%2C600 3x"},"classes":[]},{"id":2959,"url":"https:\/\/kulturpedagogik.se\/?p=2959","url_meta":{"origin":4262,"position":5},"title":"Faddrar, l\u00e4sning och lek","author":"Maria B Hurtig","date":"6 december, 2017","format":false,"excerpt":"I veckan hade vi en efterl\u00e4ngtad faddertr\u00e4ff i f\u00f6rskoleklassen. Nu kom v\u00e5ra faddrar fr\u00e5n \u00e5k 3 p\u00e5 bes\u00f6k och l\u00e4ste h\u00f6gt f\u00f6r sina fadderbarn. Det var mycket uppskattat. Sedan var vi ute p\u00e5 rast tillsammans och lekte. Jag har tidigare skrivit om v\u00e5rt arbete med faddrar h\u00e4r och h\u00e4r. Och\u2026","rel":"","context":"I \u201d\u00c5r F-3\u201d","block_context":{"text":"\u00c5r F-3","link":"https:\/\/kulturpedagogik.se\/?cat=1"},"img":{"alt_text":"","src":"https:\/\/i0.wp.com\/media1.kulturpedagogik.se\/2017\/12\/img_7074.jpg?resize=350%2C200","width":350,"height":200,"srcset":"https:\/\/i0.wp.com\/media1.kulturpedagogik.se\/2017\/12\/img_7074.jpg?resize=350%2C200 1x, https:\/\/i0.wp.com\/media1.kulturpedagogik.se\/2017\/12\/img_7074.jpg?resize=525%2C300 1.5x"},"classes":[]}],"_links":{"self":[{"href":"https:\/\/kulturpedagogik.se\/index.php?rest_route=\/wp\/v2\/posts\/4262","targetHints":{"allow":["GET"]}}],"collection":[{"href":"https:\/\/kulturpedagogik.se\/index.php?rest_route=\/wp\/v2\/posts"}],"about":[{"href":"https:\/\/kulturpedagogik.se\/index.php?rest_route=\/wp\/v2\/types\/post"}],"author":[{"embeddable":true,"href":"https:\/\/kulturpedagogik.se\/index.php?rest_route=\/wp\/v2\/users\/1"}],"replies":[{"embeddable":true,"href":"https:\/\/kulturpedagogik.se\/index.php?rest_route=%2Fwp%2Fv2%2Fcomments&post=4262"}],"version-history":[{"count":1,"href":"https:\/\/kulturpedagogik.se\/index.php?rest_route=\/wp\/v2\/posts\/4262\/revisions"}],"predecessor-version":[{"id":4386,"href":"https:\/\/kulturpedagogik.se\/index.php?rest_route=\/wp\/v2\/posts\/4262\/revisions\/4386"}],"wp:featuredmedia":[{"embeddable":true,"href":"https:\/\/kulturpedagogik.se\/index.php?rest_route=\/wp\/v2\/media\/4259"}],"wp:attachment":[{"href":"https:\/\/kulturpedagogik.se\/index.php?rest_route=%2Fwp%2Fv2%2Fmedia&parent=4262"}],"wp:term":[{"taxonomy":"category","embeddable":true,"href":"https:\/\/kulturpedagogik.se\/index.php?rest_route=%2Fwp%2Fv2%2Fcategories&post=4262"},{"taxonomy":"post_tag","embeddable":true,"href":"https:\/\/kulturpedagogik.se\/index.php?rest_route=%2Fwp%2Fv2%2Ftags&post=4262"}],"curies":[{"name":"wp","href":"https:\/\/api.w.org\/{rel}","templated":true}]}}