{"id":4204,"date":"2018-10-24T19:29:53","date_gmt":"2018-10-24T19:29:53","guid":{"rendered":"http:\/\/kulturpedagogik.se\/?p=4204"},"modified":"2019-03-10T18:52:34","modified_gmt":"2019-03-10T18:52:34","slug":"hemlig-burk-for-hemliga-brev","status":"publish","type":"post","link":"https:\/\/kulturpedagogik.se\/?p=4204","title":{"rendered":"Hemlig burk f\u00f6r hemliga brev"},"content":{"rendered":"<p><img data-recalc-dims=\"1\" loading=\"lazy\" decoding=\"async\" class=\"wp-image-4201 size-full\" src=\"https:\/\/i0.wp.com\/media1.kulturpedagogik.se\/2018\/10\/img_8310.jpg?resize=860%2C645\" width=\"860\" height=\"645\" srcset=\"https:\/\/i0.wp.com\/media1.kulturpedagogik.se\/2018\/10\/img_8310.jpg?w=3264&amp;ssl=1 3264w, https:\/\/i0.wp.com\/media1.kulturpedagogik.se\/2018\/10\/img_8310.jpg?resize=150%2C113&amp;ssl=1 150w, https:\/\/i0.wp.com\/media1.kulturpedagogik.se\/2018\/10\/img_8310.jpg?resize=300%2C225&amp;ssl=1 300w, https:\/\/i0.wp.com\/media1.kulturpedagogik.se\/2018\/10\/img_8310.jpg?resize=768%2C576&amp;ssl=1 768w, https:\/\/i0.wp.com\/media1.kulturpedagogik.se\/2018\/10\/img_8310.jpg?resize=1365%2C1024&amp;ssl=1 1365w, https:\/\/i0.wp.com\/media1.kulturpedagogik.se\/2018\/10\/img_8310.jpg?resize=560%2C420&amp;ssl=1 560w, https:\/\/i0.wp.com\/media1.kulturpedagogik.se\/2018\/10\/img_8310.jpg?resize=260%2C195&amp;ssl=1 260w, https:\/\/i0.wp.com\/media1.kulturpedagogik.se\/2018\/10\/img_8310.jpg?resize=160%2C120&amp;ssl=1 160w, https:\/\/i0.wp.com\/media1.kulturpedagogik.se\/2018\/10\/img_8310.jpg?w=1720 1720w, https:\/\/i0.wp.com\/media1.kulturpedagogik.se\/2018\/10\/img_8310.jpg?w=2580 2580w\" sizes=\"auto, (max-width: 860px) 100vw, 860px\" \/>Jag har tidigare skrivit om hur vi jobbar med den hemliga burken f\u00f6r att tr\u00e4na att uppskatta, r\u00e4kna och skriva <a href=\"http:\/\/kulturpedagogik.se\/?p=2941\">h\u00e4r<\/a>. Nu har vi inr\u00e4ttat en hemlig l\u00e5da ocks\u00e5. Detta med hemligheter \u00e4r ju m\u00e4kta popul\u00e4rt. Till den hemliga l\u00e5dan f\u00e5r man skriva ord som inneh\u00e5ller veckans bokstav. F\u00f6rra veckan var det L och den h\u00e4r veckan \u00e4r det R. P\u00e5 tavlan sitter bokstaven som vi gjort i samband med v\u00e5r utedag p\u00e5 m\u00e5ndagar. I slutet p\u00e5 veckan \u00f6ppnar vi l\u00e5dan och g\u00e5r igenom orden. Barnen skriver ord n\u00e4r de f\u00e5r tid och lust under veckan. Idag var det n\u00e5gon som kommit p\u00e5 n\u00e5gra ord och undrade om det gick bra att skriva p\u00e5 fritidstid. Och det f\u00e5r man f\u00f6rst\u00e5s g\u00e4rna g\u00f6ra. N\u00e4r eleverna t\u00e4nker p\u00e5 l\u00e4randet \u00e4ven under sin fria tid, d\u00e5 k\u00e4nner man sig alldeles s\u00e4rskilt glad och n\u00f6jd att vara l\u00e4rare.<img data-recalc-dims=\"1\" loading=\"lazy\" decoding=\"async\" class=\"wp-image-4202 size-full\" src=\"https:\/\/i0.wp.com\/media1.kulturpedagogik.se\/2018\/10\/img_8314.jpg?resize=860%2C645\" width=\"860\" height=\"645\" srcset=\"https:\/\/i0.wp.com\/media1.kulturpedagogik.se\/2018\/10\/img_8314.jpg?w=3264&amp;ssl=1 3264w, https:\/\/i0.wp.com\/media1.kulturpedagogik.se\/2018\/10\/img_8314.jpg?resize=150%2C113&amp;ssl=1 150w, https:\/\/i0.wp.com\/media1.kulturpedagogik.se\/2018\/10\/img_8314.jpg?resize=300%2C225&amp;ssl=1 300w, https:\/\/i0.wp.com\/media1.kulturpedagogik.se\/2018\/10\/img_8314.jpg?resize=768%2C576&amp;ssl=1 768w, https:\/\/i0.wp.com\/media1.kulturpedagogik.se\/2018\/10\/img_8314.jpg?resize=1365%2C1024&amp;ssl=1 1365w, https:\/\/i0.wp.com\/media1.kulturpedagogik.se\/2018\/10\/img_8314.jpg?resize=560%2C420&amp;ssl=1 560w, https:\/\/i0.wp.com\/media1.kulturpedagogik.se\/2018\/10\/img_8314.jpg?resize=260%2C195&amp;ssl=1 260w, https:\/\/i0.wp.com\/media1.kulturpedagogik.se\/2018\/10\/img_8314.jpg?resize=160%2C120&amp;ssl=1 160w, https:\/\/i0.wp.com\/media1.kulturpedagogik.se\/2018\/10\/img_8314.jpg?w=1720 1720w, https:\/\/i0.wp.com\/media1.kulturpedagogik.se\/2018\/10\/img_8314.jpg?w=2580 2580w\" sizes=\"auto, (max-width: 860px) 100vw, 860px\" \/><img data-recalc-dims=\"1\" loading=\"lazy\" decoding=\"async\" class=\"wp-image-4203 size-full\" src=\"https:\/\/i0.wp.com\/media1.kulturpedagogik.se\/2018\/10\/img_8311.jpg?resize=860%2C1147\" width=\"860\" height=\"1147\" srcset=\"https:\/\/i0.wp.com\/media1.kulturpedagogik.se\/2018\/10\/img_8311.jpg?w=2448&amp;ssl=1 2448w, https:\/\/i0.wp.com\/media1.kulturpedagogik.se\/2018\/10\/img_8311.jpg?resize=113%2C150&amp;ssl=1 113w, https:\/\/i0.wp.com\/media1.kulturpedagogik.se\/2018\/10\/img_8311.jpg?resize=225%2C300&amp;ssl=1 225w, https:\/\/i0.wp.com\/media1.kulturpedagogik.se\/2018\/10\/img_8311.jpg?resize=768%2C1024&amp;ssl=1 768w, https:\/\/i0.wp.com\/media1.kulturpedagogik.se\/2018\/10\/img_8311.jpg?resize=560%2C747&amp;ssl=1 560w, https:\/\/i0.wp.com\/media1.kulturpedagogik.se\/2018\/10\/img_8311.jpg?resize=260%2C347&amp;ssl=1 260w, https:\/\/i0.wp.com\/media1.kulturpedagogik.se\/2018\/10\/img_8311.jpg?resize=160%2C213&amp;ssl=1 160w, https:\/\/i0.wp.com\/media1.kulturpedagogik.se\/2018\/10\/img_8311.jpg?w=1720 1720w\" sizes=\"auto, (max-width: 860px) 100vw, 860px\" \/><\/p>\n","protected":false},"excerpt":{"rendered":"<p>Jag har tidigare skrivit om hur vi jobbar med den hemliga burken f&ouml;r att tr&auml;na att uppskatta, r&auml;kna och skriva h&auml;r. Nu har vi inr&auml;ttat en hemlig l&aring;da ocks&aring;. Detta med hemligheter &auml;r ju m&auml;kta popul&auml;rt. Till den hemliga l&aring;dan&hellip;<\/p>\n<p class=\"more-link-p\"><a class=\"more-link\" href=\"https:\/\/kulturpedagogik.se\/?p=4204\">Read more &rarr;<\/a><\/p>\n","protected":false},"author":1,"featured_media":4201,"comment_status":"open","ping_status":"open","sticky":false,"template":"","format":"standard","meta":{"jetpack_post_was_ever_published":false,"_jetpack_newsletter_access":"","_jetpack_dont_email_post_to_subs":false,"_jetpack_newsletter_tier_id":0,"_jetpack_memberships_contains_paywalled_content":false,"_jetpack_memberships_contains_paid_content":false,"footnotes":"","jetpack_publicize_message":"","jetpack_publicize_feature_enabled":true,"jetpack_social_post_already_shared":true,"jetpack_social_options":{"image_generator_settings":{"template":"highway","default_image_id":0,"font":"","enabled":false},"version":2}},"categories":[1],"tags":[28,36,13],"class_list":["post-4204","post","type-post","status-publish","format-standard","has-post-thumbnail","hentry","category-ar-1-3","tag-bild","tag-naturpedagogik","tag-svenska"],"jetpack_publicize_connections":[],"jetpack_featured_media_url":"https:\/\/i0.wp.com\/media1.kulturpedagogik.se\/2018\/10\/img_8310.jpg?fit=3264%2C2448&ssl=1","jetpack_sharing_enabled":true,"jetpack_shortlink":"https:\/\/wp.me\/p7YLN2-15O","jetpack-related-posts":[{"id":4305,"url":"https:\/\/kulturpedagogik.se\/?p=4305","url_meta":{"origin":4204,"position":0},"title":"Femhopp i hemliga burken","author":"Maria B Hurtig","date":"5 december, 2018","format":false,"excerpt":"Jag har tidigare skrivit om hur vi jobbar med hemliga burken f\u00f6r att barnen ska \u00f6va sig i att uppskatta antal, r\u00e4kna och skriva h\u00e4r. F\u00f6rra veckan hade Helena lagt ned m\u00e5nga plastkorkar i burken. P\u00e5 fredagen var det dags att l\u00e4sa elevernas uppskattningar och kontrollera antalet. D\u00e5 vi tidigare\u2026","rel":"","context":"I \u201d\u00c5r F-3\u201d","block_context":{"text":"\u00c5r F-3","link":"https:\/\/kulturpedagogik.se\/?cat=1"},"img":{"alt_text":"","src":"https:\/\/i0.wp.com\/media1.kulturpedagogik.se\/2018\/11\/img_8403.jpg?fit=1200%2C900&ssl=1&resize=350%2C200","width":350,"height":200,"srcset":"https:\/\/i0.wp.com\/media1.kulturpedagogik.se\/2018\/11\/img_8403.jpg?fit=1200%2C900&ssl=1&resize=350%2C200 1x, https:\/\/i0.wp.com\/media1.kulturpedagogik.se\/2018\/11\/img_8403.jpg?fit=1200%2C900&ssl=1&resize=525%2C300 1.5x, https:\/\/i0.wp.com\/media1.kulturpedagogik.se\/2018\/11\/img_8403.jpg?fit=1200%2C900&ssl=1&resize=700%2C400 2x, https:\/\/i0.wp.com\/media1.kulturpedagogik.se\/2018\/11\/img_8403.jpg?fit=1200%2C900&ssl=1&resize=1050%2C600 3x"},"classes":[]},{"id":2941,"url":"https:\/\/kulturpedagogik.se\/?p=2941","url_meta":{"origin":4204,"position":1},"title":"Hemliga burken &#8211; uppskatta, r\u00e4kna och skriva","author":"Maria B Hurtig","date":"29 november, 2017","format":false,"excerpt":"F\u00f6r att barnen i F-klass ska f\u00e5 tillf\u00e4lle att \u00f6va upp sin taluppfattning i omr\u00e5det 0-20 s\u00e5 f\u00f6rs\u00f6ker vi variera och skapa m\u00e5nga olika aktiviteter g\u00e4rna med ett inslag av lek som jag skrivit om h\u00e4r. Vi anv\u00e4nder oss av konkret material som illustrerar vad vi g\u00f6r och f\u00e5r alla\u2026","rel":"","context":"I \u201d\u00c5r F-3\u201d","block_context":{"text":"\u00c5r F-3","link":"https:\/\/kulturpedagogik.se\/?cat=1"},"img":{"alt_text":"","src":"https:\/\/i0.wp.com\/media1.kulturpedagogik.se\/2017\/11\/img_6964.jpg?fit=900%2C1200&ssl=1&resize=350%2C200","width":350,"height":200,"srcset":"https:\/\/i0.wp.com\/media1.kulturpedagogik.se\/2017\/11\/img_6964.jpg?fit=900%2C1200&ssl=1&resize=350%2C200 1x, https:\/\/i0.wp.com\/media1.kulturpedagogik.se\/2017\/11\/img_6964.jpg?fit=900%2C1200&ssl=1&resize=525%2C300 1.5x, https:\/\/i0.wp.com\/media1.kulturpedagogik.se\/2017\/11\/img_6964.jpg?fit=900%2C1200&ssl=1&resize=700%2C400 2x"},"classes":[]},{"id":5499,"url":"https:\/\/kulturpedagogik.se\/?p=5499","url_meta":{"origin":4204,"position":2},"title":"Specialpedgogisk metod i klassrummet &#8211; ordkort","author":"Maria B Hurtig","date":"1 mars, 2022","format":false,"excerpt":"F\u00f6rkunskaper fr\u00e5n tema stimulerar intresset f\u00f6r l\u00e4sning. Alla elever \u00e4r olika. Somliga \u00e4r extra konservativa och tycker att de inte kan och vill prova att skriva om de inte k\u00e4nner sig s\u00e4kra p\u00e5 att det ska bli \u201dr\u00e4tt\u201d. Trots att de redan kan alla bokst\u00e4ver och ljud upplever de sig\u2026","rel":"","context":"I \u201d\u00c5r F-3\u201d","block_context":{"text":"\u00c5r F-3","link":"https:\/\/kulturpedagogik.se\/?cat=1"},"img":{"alt_text":"","src":"https:\/\/i0.wp.com\/media1.kulturpedagogik.se\/2022\/03\/img_4165-scaled.jpg?fit=900%2C1200&ssl=1&resize=350%2C200","width":350,"height":200,"srcset":"https:\/\/i0.wp.com\/media1.kulturpedagogik.se\/2022\/03\/img_4165-scaled.jpg?fit=900%2C1200&ssl=1&resize=350%2C200 1x, https:\/\/i0.wp.com\/media1.kulturpedagogik.se\/2022\/03\/img_4165-scaled.jpg?fit=900%2C1200&ssl=1&resize=525%2C300 1.5x, https:\/\/i0.wp.com\/media1.kulturpedagogik.se\/2022\/03\/img_4165-scaled.jpg?fit=900%2C1200&ssl=1&resize=700%2C400 2x"},"classes":[]},{"id":5226,"url":"https:\/\/kulturpedagogik.se\/?p=5226","url_meta":{"origin":4204,"position":3},"title":"Veckans fundering","author":"Maria B Hurtig","date":"3 februari, 2021","format":false,"excerpt":"I Gunillas klassrum uppmuntras eleverna att t\u00e4nka och fundera kring antal i en burk. Denna veckan inneh\u00f6ll burken stora \u201ddiamanter\u201d som s\u00e4kert uppskattades s\u00e4rskilt om jag k\u00e4nner klassen r\u00e4tt. Att t\u00e4nka kring rimlighet och antal \u00e4r ett s\u00e4tt att utveckla begreppsf\u00f6rm\u00e5ga och taluppfattning. H\u00e4r f\u00e5r eleverna samtidigt tillf\u00e4lle att stifta\u2026","rel":"","context":"I \u201d\u00c5r F-3\u201d","block_context":{"text":"\u00c5r F-3","link":"https:\/\/kulturpedagogik.se\/?cat=1"},"img":{"alt_text":"","src":"https:\/\/i0.wp.com\/media1.kulturpedagogik.se\/2021\/01\/img_2536-scaled.jpg?fit=900%2C1200&ssl=1&resize=350%2C200","width":350,"height":200,"srcset":"https:\/\/i0.wp.com\/media1.kulturpedagogik.se\/2021\/01\/img_2536-scaled.jpg?fit=900%2C1200&ssl=1&resize=350%2C200 1x, https:\/\/i0.wp.com\/media1.kulturpedagogik.se\/2021\/01\/img_2536-scaled.jpg?fit=900%2C1200&ssl=1&resize=525%2C300 1.5x, https:\/\/i0.wp.com\/media1.kulturpedagogik.se\/2021\/01\/img_2536-scaled.jpg?fit=900%2C1200&ssl=1&resize=700%2C400 2x"},"classes":[]},{"id":1957,"url":"https:\/\/kulturpedagogik.se\/?p=1957","url_meta":{"origin":4204,"position":4},"title":"Mot slutet av Bornholm &#8211; vi &#8221;levlar upp&#8221; till randigt papper","author":"Maria B Hurtig","date":"27 mars, 2017","format":false,"excerpt":"Vi b\u00f6rjar komma mot slutet i boken spr\u00e5klekar enligt Bornholmsmodellen och m\u00e5nga av barnen i v\u00e5r grupp har en god fonologisk medvetenhet och kan redan alla bokst\u00e4ver. D\u00e4rf\u00f6r f\u00f6rs\u00f6ker vi utmana dem att skriva ord n\u00e4r vi g\u00f6r v\u00e5ra \u00f6vningar. I f\u00f6rra veckan delade vi ut ett nytt material som\u2026","rel":"","context":"I \u201d\u00c5r F-3\u201d","block_context":{"text":"\u00c5r F-3","link":"https:\/\/kulturpedagogik.se\/?cat=1"},"img":{"alt_text":"","src":"https:\/\/i0.wp.com\/media1.kulturpedagogik.se\/2017\/03\/img_5584-1.jpg?fit=900%2C1200&ssl=1&resize=350%2C200","width":350,"height":200,"srcset":"https:\/\/i0.wp.com\/media1.kulturpedagogik.se\/2017\/03\/img_5584-1.jpg?fit=900%2C1200&ssl=1&resize=350%2C200 1x, https:\/\/i0.wp.com\/media1.kulturpedagogik.se\/2017\/03\/img_5584-1.jpg?fit=900%2C1200&ssl=1&resize=525%2C300 1.5x, https:\/\/i0.wp.com\/media1.kulturpedagogik.se\/2017\/03\/img_5584-1.jpg?fit=900%2C1200&ssl=1&resize=700%2C400 2x"},"classes":[]},{"id":5372,"url":"https:\/\/kulturpedagogik.se\/?p=5372","url_meta":{"origin":4204,"position":5},"title":"N\u00f6rda in &#8211; f\u00e5 flow genom ABC med \u201dh\u00f6stvibbar\u201d","author":"Maria B Hurtig","date":"6 oktober, 2021","format":false,"excerpt":"Barnen i f-klass har gjort bokst\u00e4ver i naturmaterial som de samlat i skogen. L\u00e4raren Ivana har h\u00e4ngt upp det nya alfabetet med \u201dh\u00f6stvibbar\u201d p\u00e5 kl\u00e4dnypor i klassrummet. D\u00e5 jag bes\u00f6ker gruppen en morgon noterar jag en elev som verkar mycket upptagen. Hon ser mig inte. Ist\u00e4llet kikar hon \u00f6ver axeln\u2026","rel":"","context":"I \u201d\u00c5r F-3\u201d","block_context":{"text":"\u00c5r F-3","link":"https:\/\/kulturpedagogik.se\/?cat=1"},"img":{"alt_text":"","src":"https:\/\/i0.wp.com\/media1.kulturpedagogik.se\/2021\/10\/img_3624-scaled.jpg?fit=1200%2C900&ssl=1&resize=350%2C200","width":350,"height":200,"srcset":"https:\/\/i0.wp.com\/media1.kulturpedagogik.se\/2021\/10\/img_3624-scaled.jpg?fit=1200%2C900&ssl=1&resize=350%2C200 1x, https:\/\/i0.wp.com\/media1.kulturpedagogik.se\/2021\/10\/img_3624-scaled.jpg?fit=1200%2C900&ssl=1&resize=525%2C300 1.5x, https:\/\/i0.wp.com\/media1.kulturpedagogik.se\/2021\/10\/img_3624-scaled.jpg?fit=1200%2C900&ssl=1&resize=700%2C400 2x, https:\/\/i0.wp.com\/media1.kulturpedagogik.se\/2021\/10\/img_3624-scaled.jpg?fit=1200%2C900&ssl=1&resize=1050%2C600 3x"},"classes":[]}],"_links":{"self":[{"href":"https:\/\/kulturpedagogik.se\/index.php?rest_route=\/wp\/v2\/posts\/4204","targetHints":{"allow":["GET"]}}],"collection":[{"href":"https:\/\/kulturpedagogik.se\/index.php?rest_route=\/wp\/v2\/posts"}],"about":[{"href":"https:\/\/kulturpedagogik.se\/index.php?rest_route=\/wp\/v2\/types\/post"}],"author":[{"embeddable":true,"href":"https:\/\/kulturpedagogik.se\/index.php?rest_route=\/wp\/v2\/users\/1"}],"replies":[{"embeddable":true,"href":"https:\/\/kulturpedagogik.se\/index.php?rest_route=%2Fwp%2Fv2%2Fcomments&post=4204"}],"version-history":[{"count":3,"href":"https:\/\/kulturpedagogik.se\/index.php?rest_route=\/wp\/v2\/posts\/4204\/revisions"}],"predecessor-version":[{"id":4390,"href":"https:\/\/kulturpedagogik.se\/index.php?rest_route=\/wp\/v2\/posts\/4204\/revisions\/4390"}],"wp:featuredmedia":[{"embeddable":true,"href":"https:\/\/kulturpedagogik.se\/index.php?rest_route=\/wp\/v2\/media\/4201"}],"wp:attachment":[{"href":"https:\/\/kulturpedagogik.se\/index.php?rest_route=%2Fwp%2Fv2%2Fmedia&parent=4204"}],"wp:term":[{"taxonomy":"category","embeddable":true,"href":"https:\/\/kulturpedagogik.se\/index.php?rest_route=%2Fwp%2Fv2%2Fcategories&post=4204"},{"taxonomy":"post_tag","embeddable":true,"href":"https:\/\/kulturpedagogik.se\/index.php?rest_route=%2Fwp%2Fv2%2Ftags&post=4204"}],"curies":[{"name":"wp","href":"https:\/\/api.w.org\/{rel}","templated":true}]}}