{"id":4200,"date":"2018-10-24T19:06:09","date_gmt":"2018-10-24T19:06:09","guid":{"rendered":"http:\/\/kulturpedagogik.se\/?p=4200"},"modified":"2018-10-24T19:06:09","modified_gmt":"2018-10-24T19:06:09","slug":"femkamrater-pa-idrotten","status":"publish","type":"post","link":"https:\/\/kulturpedagogik.se\/?p=4200","title":{"rendered":"Femkamrater p\u00e5 idrotten"},"content":{"rendered":"<p><img data-recalc-dims=\"1\" loading=\"lazy\" decoding=\"async\" src=\"https:\/\/i0.wp.com\/media1.kulturpedagogik.se\/2018\/10\/img_8316.jpg?resize=860%2C645\" class=\"wp-image-4199 size-full\" height=\"645\" width=\"860\" srcset=\"https:\/\/i0.wp.com\/media1.kulturpedagogik.se\/2018\/10\/img_8316.jpg?w=3264&amp;ssl=1 3264w, https:\/\/i0.wp.com\/media1.kulturpedagogik.se\/2018\/10\/img_8316.jpg?resize=150%2C113&amp;ssl=1 150w, https:\/\/i0.wp.com\/media1.kulturpedagogik.se\/2018\/10\/img_8316.jpg?resize=300%2C225&amp;ssl=1 300w, https:\/\/i0.wp.com\/media1.kulturpedagogik.se\/2018\/10\/img_8316.jpg?resize=768%2C576&amp;ssl=1 768w, https:\/\/i0.wp.com\/media1.kulturpedagogik.se\/2018\/10\/img_8316.jpg?resize=1365%2C1024&amp;ssl=1 1365w, https:\/\/i0.wp.com\/media1.kulturpedagogik.se\/2018\/10\/img_8316.jpg?resize=560%2C420&amp;ssl=1 560w, https:\/\/i0.wp.com\/media1.kulturpedagogik.se\/2018\/10\/img_8316.jpg?resize=260%2C195&amp;ssl=1 260w, https:\/\/i0.wp.com\/media1.kulturpedagogik.se\/2018\/10\/img_8316.jpg?resize=160%2C120&amp;ssl=1 160w, https:\/\/i0.wp.com\/media1.kulturpedagogik.se\/2018\/10\/img_8316.jpg?w=1720 1720w, https:\/\/i0.wp.com\/media1.kulturpedagogik.se\/2018\/10\/img_8316.jpg?w=2580 2580w\" sizes=\"auto, (max-width: 860px) 100vw, 860px\" \/>Vi har jobbat med femkamraterna en hel del p\u00e5 sista tiden. Nu b\u00f6rjar alla elever h\u00e4nga med p\u00e5 t\u00e5get. D\u00e4rf\u00f6r kunde vi idag jobba med femkamraterna ocks\u00e5 p\u00e5 idrotten. Det gjorde vi med hj\u00e4lp av en lek som k\u00e4nns som en t\u00e4vling med utan att n\u00e5gon f\u00f6rlorar. D\u00e5 det blir lite hektiskt \u00e4r det bra om barnen verkligen har f\u00e5tt tr\u00e4na ordentligt innan. Annars kan det bli lite f\u00f6r stressigt f\u00f6r att de ska kunna ta till sig kunskapen.<\/p>\n<p>Skriv talen 0-5 p\u00e5 A5. L\u00e4gg ut talen i en linje mitt p\u00e5 golvet. Nu placerat vi tv\u00e5 lag p\u00e5 vardera sida om siffrorna i varsitt led. De ska ha en bit att springa f\u00f6r att komma fram till talen. Vi sl\u00e5r en t\u00e4rning med talen 0-5. Nu ska ett barn fr\u00e5n varje led springa till r\u00e4tt talkamrat p\u00e5 golvet. Den som kommer f\u00f6rst fram f\u00e5r ta med sig den andra kompisen till sitt lag. F\u00f6rr eller senare hamnar alla i samma lag och d\u00e5 har alla vunnit.<\/p>\n<p>Stora t\u00e4rningar p\u00e5 vilka man kan skriva med whiteboardpenna finns att k\u00f6pa p\u00e5 ordinarie leverant\u00f6rer av skolmaterial.<\/p>\n","protected":false},"excerpt":{"rendered":"<p>Vi har jobbat med femkamraterna en hel del p&aring; sista tiden. Nu b&ouml;rjar alla elever h&auml;nga med p&aring; t&aring;get. D&auml;rf&ouml;r kunde vi idag jobba med femkamraterna ocks&aring; p&aring; idrotten. Det gjorde vi med hj&auml;lp av en lek som k&auml;nns som&hellip;<\/p>\n<p class=\"more-link-p\"><a class=\"more-link\" href=\"https:\/\/kulturpedagogik.se\/?p=4200\">Read more &rarr;<\/a><\/p>\n","protected":false},"author":1,"featured_media":4199,"comment_status":"open","ping_status":"open","sticky":false,"template":"","format":"standard","meta":{"jetpack_post_was_ever_published":false,"_jetpack_newsletter_access":"","_jetpack_dont_email_post_to_subs":false,"_jetpack_newsletter_tier_id":0,"_jetpack_memberships_contains_paywalled_content":false,"_jetpack_memberships_contains_paid_content":false,"footnotes":"","jetpack_publicize_message":"","jetpack_publicize_feature_enabled":true,"jetpack_social_post_already_shared":true,"jetpack_social_options":{"image_generator_settings":{"template":"highway","default_image_id":0,"font":"","enabled":false},"version":2}},"categories":[1],"tags":[],"class_list":["post-4200","post","type-post","status-publish","format-standard","has-post-thumbnail","hentry","category-ar-1-3"],"jetpack_publicize_connections":[],"jetpack_featured_media_url":"https:\/\/i0.wp.com\/media1.kulturpedagogik.se\/2018\/10\/img_8316.jpg?fit=3264%2C2448&ssl=1","jetpack_sharing_enabled":true,"jetpack_shortlink":"https:\/\/wp.me\/p7YLN2-15K","jetpack-related-posts":[{"id":3737,"url":"https:\/\/kulturpedagogik.se\/?p=3737","url_meta":{"origin":4200,"position":0},"title":"Dubbelt och h\u00e4lften &#8211; l\u00e4sa, r\u00e4kna och leka","author":"Maria B Hurtig","date":"19 april, 2018","format":false,"excerpt":"Vi jobbar vidare med dubbelt och h\u00e4lften f\u00f6r att alla barn ska l\u00e4ra sig begreppens betydelse och hinna \u00f6va lite p\u00e5 att r\u00e4kna med dem. Att variera och repetera \u00e4r viktigt f\u00f6r att kunskap ska plantera sig i l\u00e5ngtidsminnet. Och det beh\u00f6ver inte vara f\u00f6r l\u00e4tt. Att skifta mellan utmaningar\u2026","rel":"","context":"I \u201d\u00c5r F-3\u201d","block_context":{"text":"\u00c5r F-3","link":"https:\/\/kulturpedagogik.se\/?cat=1"},"img":{"alt_text":"","src":"https:\/\/i0.wp.com\/media1.kulturpedagogik.se\/2018\/04\/img_7676.jpg?fit=455%2C607&ssl=1&resize=350%2C200","width":350,"height":200},"classes":[]},{"id":2737,"url":"https:\/\/kulturpedagogik.se\/?p=2737","url_meta":{"origin":4200,"position":1},"title":"I landet mellan konkret och abstrakt","author":"Maria B Hurtig","date":"15 oktober, 2017","format":false,"excerpt":"Att dela grupper genom att r\u00e4kna 1, 2, 3, 4, 1, 2, 3, 4 \u00e4r inte l\u00e4tt i f\u00f6rskoleklass d\u00e5 barnen l\u00e4tt gl\u00f6mmer bort vilken siffra\/tal de blivit tilldelade. Talen \u00e4r abstrakta representationer (Forsmark i Jakobsson & Nilsson 2011: 121) som de fortfarande h\u00e5ller p\u00e5 att till\u00e4gna sig. F\u00f6r att\u2026","rel":"","context":"I \u201d\u00c5r F-3\u201d","block_context":{"text":"\u00c5r F-3","link":"https:\/\/kulturpedagogik.se\/?cat=1"},"img":{"alt_text":"","src":"https:\/\/i0.wp.com\/media1.kulturpedagogik.se\/2017\/10\/img_6650.jpg?fit=900%2C1200&ssl=1&resize=350%2C200","width":350,"height":200,"srcset":"https:\/\/i0.wp.com\/media1.kulturpedagogik.se\/2017\/10\/img_6650.jpg?fit=900%2C1200&ssl=1&resize=350%2C200 1x, https:\/\/i0.wp.com\/media1.kulturpedagogik.se\/2017\/10\/img_6650.jpg?fit=900%2C1200&ssl=1&resize=525%2C300 1.5x, https:\/\/i0.wp.com\/media1.kulturpedagogik.se\/2017\/10\/img_6650.jpg?fit=900%2C1200&ssl=1&resize=700%2C400 2x"},"classes":[]},{"id":1423,"url":"https:\/\/kulturpedagogik.se\/?p=1423","url_meta":{"origin":4200,"position":2},"title":"Matte och svenska med idrott och inklusion i leken","author":"Maria B Hurtig","date":"18 november, 2016","format":false,"excerpt":"P\u00e5 idrotten, denna fredag, repeterade vi veckans svenska och matematik. Barnen fick g\u00f6ra veckans bokstav p\u00e5 olika s\u00e4tt som grupp\u00f6vning. Att samarbeta kan vara en utmaning i sig, f\u00f6r den som har sv\u00e5rt med samspel. Idag skulle vi gestalta bokstaven H med hj\u00e4lp av textilband. F\u00f6rst stora H och sedan\u2026","rel":"","context":"I \u201d\u00c5r F-3\u201d","block_context":{"text":"\u00c5r F-3","link":"https:\/\/kulturpedagogik.se\/?cat=1"},"img":{"alt_text":"","src":"https:\/\/i0.wp.com\/media1.kulturpedagogik.se\/2016\/11\/img_4901.jpg?resize=350%2C200","width":350,"height":200,"srcset":"https:\/\/i0.wp.com\/media1.kulturpedagogik.se\/2016\/11\/img_4901.jpg?resize=350%2C200 1x, https:\/\/i0.wp.com\/media1.kulturpedagogik.se\/2016\/11\/img_4901.jpg?resize=525%2C300 1.5x, https:\/\/i0.wp.com\/media1.kulturpedagogik.se\/2016\/11\/img_4901.jpg?resize=700%2C400 2x, https:\/\/i0.wp.com\/media1.kulturpedagogik.se\/2016\/11\/img_4901.jpg?resize=1050%2C600 3x, https:\/\/i0.wp.com\/media1.kulturpedagogik.se\/2016\/11\/img_4901.jpg?resize=1400%2C800 4x"},"classes":[]},{"id":1991,"url":"https:\/\/kulturpedagogik.se\/?p=1991","url_meta":{"origin":4200,"position":3},"title":"Mera tiotal &#8211; nu p\u00e5 idrotten","author":"Maria B Hurtig","date":"31 mars, 2017","format":false,"excerpt":"Idag hade Helena med sig en hel back med kaplastavar och n\u00e5gra stora t\u00e4rningar till idrotten. Stavarna h\u00e4llde hon ut p\u00e5 golvet p\u00e5 andra sidan idrottssalen. Nu fick barnen jobba i lag f\u00f6r att springa och h\u00e4mta kaplastavar efter att ha slagit t\u00e4rningen. De turades om att sl\u00e5 och springa\u2026","rel":"","context":"I \u201d\u00c5r F-3\u201d","block_context":{"text":"\u00c5r F-3","link":"https:\/\/kulturpedagogik.se\/?cat=1"},"img":{"alt_text":"","src":"https:\/\/i0.wp.com\/media1.kulturpedagogik.se\/2017\/03\/img_5642-1.jpg?fit=607%2C455&ssl=1&resize=350%2C200","width":350,"height":200,"srcset":"https:\/\/i0.wp.com\/media1.kulturpedagogik.se\/2017\/03\/img_5642-1.jpg?fit=607%2C455&ssl=1&resize=350%2C200 1x, https:\/\/i0.wp.com\/media1.kulturpedagogik.se\/2017\/03\/img_5642-1.jpg?fit=607%2C455&ssl=1&resize=525%2C300 1.5x"},"classes":[]},{"id":2886,"url":"https:\/\/kulturpedagogik.se\/?p=2886","url_meta":{"origin":4200,"position":4},"title":"Vi b\u00f6rjar med centimeter","author":"Maria B Hurtig","date":"21 november, 2017","format":false,"excerpt":"P\u00e5 senaste tiden har vi b\u00f6rjat med att ta upp centimeter i F-klassen. Tidigare har vi pratat en hel del om meter och haft en del m\u00e4t\u00f6vningar och lekar kring det som jag skrivit om h\u00e4r. Men innan vi m\u00e4tte med meter s\u00e5 m\u00e4tte vi ocks\u00e5 med kottar som jag\u2026","rel":"","context":"I \u201d\u00c5r F-3\u201d","block_context":{"text":"\u00c5r F-3","link":"https:\/\/kulturpedagogik.se\/?cat=1"},"img":{"alt_text":"","src":"https:\/\/i0.wp.com\/media1.kulturpedagogik.se\/2017\/11\/img_6961.jpg?fit=900%2C1200&ssl=1&resize=350%2C200","width":350,"height":200,"srcset":"https:\/\/i0.wp.com\/media1.kulturpedagogik.se\/2017\/11\/img_6961.jpg?fit=900%2C1200&ssl=1&resize=350%2C200 1x, https:\/\/i0.wp.com\/media1.kulturpedagogik.se\/2017\/11\/img_6961.jpg?fit=900%2C1200&ssl=1&resize=525%2C300 1.5x, https:\/\/i0.wp.com\/media1.kulturpedagogik.se\/2017\/11\/img_6961.jpg?fit=900%2C1200&ssl=1&resize=700%2C400 2x"},"classes":[]},{"id":3073,"url":"https:\/\/kulturpedagogik.se\/?p=3073","url_meta":{"origin":4200,"position":5},"title":"Stafettlek med geometriska former och addition","author":"Maria B Hurtig","date":"16 januari, 2018","format":false,"excerpt":"Vi har lektion utomhus p\u00e5 m\u00e5ndag f\u00f6rmiddag, sommar som vinter. Lite h\u00e5rt kan tyckas n\u00e4r det \u00e4r kallt eller regnar. Men barnen brukar \u00e4lska det n\u00e4r vi v\u00e4l har kommit ig\u00e5ng. Vi t\u00e4nker att det ger lite \"grit\"-uth\u00e5llighet n\u00e4r vi trotsar v\u00e4drets makter f\u00f6r att efter lektion avnjuta soluppg\u00e5ngen \u00f6ver\u2026","rel":"","context":"I \u201d\u00c5r F-3\u201d","block_context":{"text":"\u00c5r F-3","link":"https:\/\/kulturpedagogik.se\/?cat=1"},"img":{"alt_text":"","src":"https:\/\/i0.wp.com\/media1.kulturpedagogik.se\/2018\/01\/img_7205.jpg?fit=1200%2C900&ssl=1&resize=350%2C200","width":350,"height":200,"srcset":"https:\/\/i0.wp.com\/media1.kulturpedagogik.se\/2018\/01\/img_7205.jpg?fit=1200%2C900&ssl=1&resize=350%2C200 1x, https:\/\/i0.wp.com\/media1.kulturpedagogik.se\/2018\/01\/img_7205.jpg?fit=1200%2C900&ssl=1&resize=525%2C300 1.5x, https:\/\/i0.wp.com\/media1.kulturpedagogik.se\/2018\/01\/img_7205.jpg?fit=1200%2C900&ssl=1&resize=700%2C400 2x, https:\/\/i0.wp.com\/media1.kulturpedagogik.se\/2018\/01\/img_7205.jpg?fit=1200%2C900&ssl=1&resize=1050%2C600 3x"},"classes":[]}],"_links":{"self":[{"href":"https:\/\/kulturpedagogik.se\/index.php?rest_route=\/wp\/v2\/posts\/4200","targetHints":{"allow":["GET"]}}],"collection":[{"href":"https:\/\/kulturpedagogik.se\/index.php?rest_route=\/wp\/v2\/posts"}],"about":[{"href":"https:\/\/kulturpedagogik.se\/index.php?rest_route=\/wp\/v2\/types\/post"}],"author":[{"embeddable":true,"href":"https:\/\/kulturpedagogik.se\/index.php?rest_route=\/wp\/v2\/users\/1"}],"replies":[{"embeddable":true,"href":"https:\/\/kulturpedagogik.se\/index.php?rest_route=%2Fwp%2Fv2%2Fcomments&post=4200"}],"version-history":[{"count":0,"href":"https:\/\/kulturpedagogik.se\/index.php?rest_route=\/wp\/v2\/posts\/4200\/revisions"}],"wp:featuredmedia":[{"embeddable":true,"href":"https:\/\/kulturpedagogik.se\/index.php?rest_route=\/wp\/v2\/media\/4199"}],"wp:attachment":[{"href":"https:\/\/kulturpedagogik.se\/index.php?rest_route=%2Fwp%2Fv2%2Fmedia&parent=4200"}],"wp:term":[{"taxonomy":"category","embeddable":true,"href":"https:\/\/kulturpedagogik.se\/index.php?rest_route=%2Fwp%2Fv2%2Fcategories&post=4200"},{"taxonomy":"post_tag","embeddable":true,"href":"https:\/\/kulturpedagogik.se\/index.php?rest_route=%2Fwp%2Fv2%2Ftags&post=4200"}],"curies":[{"name":"wp","href":"https:\/\/api.w.org\/{rel}","templated":true}]}}