{"id":4197,"date":"2018-10-24T18:37:16","date_gmt":"2018-10-24T18:37:16","guid":{"rendered":"http:\/\/kulturpedagogik.se\/?p=4197"},"modified":"2019-03-10T18:54:52","modified_gmt":"2019-03-10T18:54:52","slug":"skon-geometri","status":"publish","type":"post","link":"https:\/\/kulturpedagogik.se\/?p=4197","title":{"rendered":"Sk\u00f6n geometri"},"content":{"rendered":"<p><img data-recalc-dims=\"1\" loading=\"lazy\" decoding=\"async\" class=\"wp-image-4192 size-full\" src=\"https:\/\/i0.wp.com\/media1.kulturpedagogik.se\/2018\/10\/img_8317.jpg?resize=860%2C1147\" width=\"860\" height=\"1147\" srcset=\"https:\/\/i0.wp.com\/media1.kulturpedagogik.se\/2018\/10\/img_8317.jpg?w=2448&amp;ssl=1 2448w, https:\/\/i0.wp.com\/media1.kulturpedagogik.se\/2018\/10\/img_8317.jpg?resize=113%2C150&amp;ssl=1 113w, https:\/\/i0.wp.com\/media1.kulturpedagogik.se\/2018\/10\/img_8317.jpg?resize=225%2C300&amp;ssl=1 225w, https:\/\/i0.wp.com\/media1.kulturpedagogik.se\/2018\/10\/img_8317.jpg?resize=768%2C1024&amp;ssl=1 768w, https:\/\/i0.wp.com\/media1.kulturpedagogik.se\/2018\/10\/img_8317.jpg?resize=560%2C747&amp;ssl=1 560w, https:\/\/i0.wp.com\/media1.kulturpedagogik.se\/2018\/10\/img_8317.jpg?resize=260%2C347&amp;ssl=1 260w, https:\/\/i0.wp.com\/media1.kulturpedagogik.se\/2018\/10\/img_8317.jpg?resize=160%2C213&amp;ssl=1 160w, https:\/\/i0.wp.com\/media1.kulturpedagogik.se\/2018\/10\/img_8317.jpg?w=1720 1720w\" sizes=\"auto, (max-width: 860px) 100vw, 860px\" \/>Jag har tidigare skrivit <a href=\"http:\/\/kulturpedagogik.se\/?p=4153\">h\u00e4r<\/a> om v\u00e5rt geometriska material och hur vi arbetar b\u00e5de styrt och fritt med det. Jag vill bara p\u00e5tala att verkstaden forts\u00e4tter och h\u00e4r postar jag lite fler sk\u00f6na m\u00f6nster. Idag p\u00e5 fritids f\u00f6r\u00e4ldrafika fortsatte skapandet. Nu var det \u00e4ven f\u00f6r\u00e4lder som deltog. En h\u00e4rlig aktivitet att sitta och bygga tillsammans. Klossarna\/blocken i plast finns att k\u00f6pa p\u00e5 olika st\u00e4llen. Bl.a. Sica l\u00e4romedel <img data-recalc-dims=\"1\" decoding=\"async\" class=\"size-full\" src=\"https:\/\/i0.wp.com\/media1.kulturpedagogik.se\/2018\/10\/img_8292.jpg?w=860\" \/><img data-recalc-dims=\"1\" decoding=\"async\" class=\"size-full\" src=\"https:\/\/i0.wp.com\/media1.kulturpedagogik.se\/2018\/10\/img_8293.jpg?w=860\" \/><img data-recalc-dims=\"1\" decoding=\"async\" class=\"size-full\" src=\"https:\/\/i0.wp.com\/media1.kulturpedagogik.se\/2018\/10\/img_8294.jpg?w=860\" \/><img data-recalc-dims=\"1\" decoding=\"async\" class=\"size-full\" src=\"https:\/\/i0.wp.com\/media1.kulturpedagogik.se\/2018\/10\/img_8295.jpg?w=860\" \/><img data-recalc-dims=\"1\" decoding=\"async\" class=\"size-full\" src=\"https:\/\/i0.wp.com\/media1.kulturpedagogik.se\/2018\/10\/img_8315.jpg?w=860\" \/><\/p>\n","protected":false},"excerpt":{"rendered":"<p>Jag har tidigare skrivit h&auml;r om v&aring;rt geometriska material och hur vi arbetar b&aring;de styrt och fritt med det. Jag vill bara p&aring;tala att verkstaden forts&auml;tter och h&auml;r postar jag lite fler sk&ouml;na m&ouml;nster. Idag p&aring; fritids f&ouml;r&auml;ldrafika fortsatte skapandet.&hellip;<\/p>\n<p class=\"more-link-p\"><a class=\"more-link\" href=\"https:\/\/kulturpedagogik.se\/?p=4197\">Read more &rarr;<\/a><\/p>\n","protected":false},"author":1,"featured_media":4192,"comment_status":"open","ping_status":"open","sticky":false,"template":"","format":"standard","meta":{"jetpack_post_was_ever_published":false,"_jetpack_newsletter_access":"","_jetpack_dont_email_post_to_subs":false,"_jetpack_newsletter_tier_id":0,"_jetpack_memberships_contains_paywalled_content":false,"_jetpack_memberships_contains_paid_content":false,"footnotes":"","jetpack_publicize_message":"","jetpack_publicize_feature_enabled":true,"jetpack_social_post_already_shared":true,"jetpack_social_options":{"image_generator_settings":{"template":"highway","default_image_id":0,"font":"","enabled":false},"version":2}},"categories":[1],"tags":[28,16],"class_list":["post-4197","post","type-post","status-publish","format-standard","has-post-thumbnail","hentry","category-ar-1-3","tag-bild","tag-matematik"],"jetpack_publicize_connections":[],"jetpack_featured_media_url":"https:\/\/i0.wp.com\/media1.kulturpedagogik.se\/2018\/10\/img_8317.jpg?fit=2448%2C3264&ssl=1","jetpack_sharing_enabled":true,"jetpack_shortlink":"https:\/\/wp.me\/p7YLN2-15H","jetpack-related-posts":[{"id":1506,"url":"https:\/\/kulturpedagogik.se\/?p=1506","url_meta":{"origin":4197,"position":0},"title":"Hur barn l\u00e4r\ufeff och lekens allvar","author":"Maria B Hurtig","date":"2 december, 2016","format":false,"excerpt":"Ibland blir det tydligt att det jag f\u00f6rs\u00f6kt f\u00f6rmedla inte \u00e4r det som barnen tar till sig. N\u00e4r l\u00e4r de egentligen och hur kan man fr\u00e5ga sig? \u00a0Det \u00e4r en viktig fr\u00e5ga f\u00f6r David Dideau i boken What IF all you knew about education was wrong? H\u00e4r ifr\u00e5gas\u00e4tter han undervisning\u2026","rel":"","context":"I \u201d\u00c5r F-3\u201d","block_context":{"text":"\u00c5r F-3","link":"https:\/\/kulturpedagogik.se\/?cat=1"},"img":{"alt_text":"","src":"https:\/\/i0.wp.com\/media1.kulturpedagogik.se\/2016\/12\/img_4954.jpg?fit=1200%2C900&ssl=1&resize=350%2C200","width":350,"height":200,"srcset":"https:\/\/i0.wp.com\/media1.kulturpedagogik.se\/2016\/12\/img_4954.jpg?fit=1200%2C900&ssl=1&resize=350%2C200 1x, https:\/\/i0.wp.com\/media1.kulturpedagogik.se\/2016\/12\/img_4954.jpg?fit=1200%2C900&ssl=1&resize=525%2C300 1.5x, https:\/\/i0.wp.com\/media1.kulturpedagogik.se\/2016\/12\/img_4954.jpg?fit=1200%2C900&ssl=1&resize=700%2C400 2x, https:\/\/i0.wp.com\/media1.kulturpedagogik.se\/2016\/12\/img_4954.jpg?fit=1200%2C900&ssl=1&resize=1050%2C600 3x"},"classes":[]},{"id":2848,"url":"https:\/\/kulturpedagogik.se\/?p=2848","url_meta":{"origin":4197,"position":1},"title":"Ordkort, Pok\u00e9mon och formativa m\u00f6jligheter","author":"Maria B Hurtig","date":"9 november, 2017","format":false,"excerpt":"Vi kan som l\u00e4rare bli b\u00e4ttre p\u00e5 att undervisa genom att integrera bed\u00f6mning i det dagliga arbetet menar Dylan William (2013) i Att f\u00f6lja l\u00e4rande - formativ bed\u00f6mning i praktiken. Tanken kommer ursprungligen fr\u00e5n slutet av 60-talet d\u00e5 Scriven (1967) och Bloom (1969) formulerade vikten av en formativ bed\u00f6mning i\u2026","rel":"","context":"I \u201d\u00c5r F-3\u201d","block_context":{"text":"\u00c5r F-3","link":"https:\/\/kulturpedagogik.se\/?cat=1"},"img":{"alt_text":"","src":"https:\/\/i0.wp.com\/media1.kulturpedagogik.se\/2017\/11\/img_6888.jpg?fit=1200%2C900&ssl=1&resize=350%2C200","width":350,"height":200,"srcset":"https:\/\/i0.wp.com\/media1.kulturpedagogik.se\/2017\/11\/img_6888.jpg?fit=1200%2C900&ssl=1&resize=350%2C200 1x, https:\/\/i0.wp.com\/media1.kulturpedagogik.se\/2017\/11\/img_6888.jpg?fit=1200%2C900&ssl=1&resize=525%2C300 1.5x, https:\/\/i0.wp.com\/media1.kulturpedagogik.se\/2017\/11\/img_6888.jpg?fit=1200%2C900&ssl=1&resize=700%2C400 2x, https:\/\/i0.wp.com\/media1.kulturpedagogik.se\/2017\/11\/img_6888.jpg?fit=1200%2C900&ssl=1&resize=1050%2C600 3x"},"classes":[]},{"id":5274,"url":"https:\/\/kulturpedagogik.se\/?p=5274","url_meta":{"origin":4197,"position":2},"title":"Mattespr\u00e5k med studiero i \u00e5k 1","author":"Maria B Hurtig","date":"13 mars, 2021","format":false,"excerpt":"Jag undervisar i halvklass i \u00e5k 1. Det \u00e4r ett s\u00e4tt att ge st\u00f6d till hela gruppen men utan att fokusera ett f\u00e5tal. Under halvklassundervisning hinner jag st\u00f6tta m\u00e5nga barn. Men \u00e4ven ordinarie l\u00e4rare f\u00e5r samtidigt samma m\u00f6jlighet. S\u00e5 vill vi lyfta undervisningen. Jag jobbar som specialpedagog och utvecklingsledare. Vi\u2026","rel":"","context":"I \u201d\u00c5r F-3\u201d","block_context":{"text":"\u00c5r F-3","link":"https:\/\/kulturpedagogik.se\/?cat=1"},"img":{"alt_text":"","src":"https:\/\/i0.wp.com\/media1.kulturpedagogik.se\/2021\/03\/img_2779-scaled.jpg?fit=1200%2C900&ssl=1&resize=350%2C200","width":350,"height":200,"srcset":"https:\/\/i0.wp.com\/media1.kulturpedagogik.se\/2021\/03\/img_2779-scaled.jpg?fit=1200%2C900&ssl=1&resize=350%2C200 1x, https:\/\/i0.wp.com\/media1.kulturpedagogik.se\/2021\/03\/img_2779-scaled.jpg?fit=1200%2C900&ssl=1&resize=525%2C300 1.5x, https:\/\/i0.wp.com\/media1.kulturpedagogik.se\/2021\/03\/img_2779-scaled.jpg?fit=1200%2C900&ssl=1&resize=700%2C400 2x, https:\/\/i0.wp.com\/media1.kulturpedagogik.se\/2021\/03\/img_2779-scaled.jpg?fit=1200%2C900&ssl=1&resize=1050%2C600 3x"},"classes":[]},{"id":2296,"url":"https:\/\/kulturpedagogik.se\/?p=2296","url_meta":{"origin":4197,"position":3},"title":"Dikt, dans och s\u00e5ng p\u00e5 avslutningen","author":"Maria B Hurtig","date":"1 juni, 2017","format":false,"excerpt":"\u00a0 \u00a0 \u00a0 \u00a0 \u00a0 \u00a0 \u00a0 F-klassen lider mot sitt slut och vi har br\u00e5da dagar att f\u00f6rbereda f\u00f6r avslutningen. D\u00e5 ska vi sjunga s\u00e5nger och ber\u00e4tta om allt vi l\u00e4rt oss och varit med om f\u00f6r anh\u00f6riga i klassrummet. N\u00e5gra barn f\u00e5r vara konferencier och n\u00e5gra f\u00e5r gestalta\u2026","rel":"","context":"I \u201d\u00c5r F-3\u201d","block_context":{"text":"\u00c5r F-3","link":"https:\/\/kulturpedagogik.se\/?cat=1"},"img":{"alt_text":"","src":"https:\/\/i0.wp.com\/media1.kulturpedagogik.se\/2017\/06\/img_6072-2.jpg?fit=455%2C607&ssl=1&resize=350%2C200","width":350,"height":200},"classes":[]},{"id":4213,"url":"https:\/\/kulturpedagogik.se\/?p=4213","url_meta":{"origin":4197,"position":4},"title":"H\u00f6sten i ettan","author":"Maria B Hurtig","date":"26 oktober, 2018","format":false,"excerpt":"I \u00e5rskurs ett har de skrivit h\u00f6stdikter och illustrerat. Vi njuter av verken som \u00e4r uppsatta i trapphallen. Illustrerationerna har gjorts genom ett sj\u00e4lvportr\u00e4tt med l\u00f6vh\u00e5r - mycket effektfullt. N\u00e5gon elev har dessutom tittat i kristallkulan och f\u00f6rest\u00e4llt sig sj\u00e4lv som vuxen med sk\u00e4gg och glas\u00f6gon och allt. Nedanf\u00f6r portr\u00e4tten\u2026","rel":"","context":"I \u201d\u00c5r F-3\u201d","block_context":{"text":"\u00c5r F-3","link":"https:\/\/kulturpedagogik.se\/?cat=1"},"img":{"alt_text":"","src":"https:\/\/i0.wp.com\/media1.kulturpedagogik.se\/2018\/10\/img_8318.jpg?fit=1200%2C1183&ssl=1&resize=350%2C200","width":350,"height":200,"srcset":"https:\/\/i0.wp.com\/media1.kulturpedagogik.se\/2018\/10\/img_8318.jpg?fit=1200%2C1183&ssl=1&resize=350%2C200 1x, https:\/\/i0.wp.com\/media1.kulturpedagogik.se\/2018\/10\/img_8318.jpg?fit=1200%2C1183&ssl=1&resize=525%2C300 1.5x, https:\/\/i0.wp.com\/media1.kulturpedagogik.se\/2018\/10\/img_8318.jpg?fit=1200%2C1183&ssl=1&resize=700%2C400 2x, https:\/\/i0.wp.com\/media1.kulturpedagogik.se\/2018\/10\/img_8318.jpg?fit=1200%2C1183&ssl=1&resize=1050%2C600 3x"},"classes":[]},{"id":4756,"url":"https:\/\/kulturpedagogik.se\/?p=4756","url_meta":{"origin":4197,"position":5},"title":"Hemlig skatt p\u00e5 landsbygden &#8211; Sorunda bibliotek","author":"Maria B Hurtig","date":"28 november, 2019","format":false,"excerpt":"I dag f\u00f6ljde jag med en klass fr\u00e5n Kyrkskolan till Sorunda bibliotek. Som specialpedagog och bitr\u00e4dande rektor t\u00e4nker jag att det \u00e4r bra att dyka in i klasserna n\u00e4r tillf\u00e4lle ges. F\u00f6r att vara till hj\u00e4lp f\u00f6rst\u00e5s. Men ocks\u00e5 f\u00f6r att f\u00f6rst\u00e5 v\u00e5ra utmaningar och v\u00e5ra m\u00f6jligheter, b\u00e5de f\u00f6r l\u00e4rare\u2026","rel":"","context":"I \u201d\u00c5r F-3\u201d","block_context":{"text":"\u00c5r F-3","link":"https:\/\/kulturpedagogik.se\/?cat=1"},"img":{"alt_text":"","src":"https:\/\/i0.wp.com\/media1.kulturpedagogik.se\/2019\/11\/img_1043-1.jpg?fit=1200%2C900&ssl=1&resize=350%2C200","width":350,"height":200,"srcset":"https:\/\/i0.wp.com\/media1.kulturpedagogik.se\/2019\/11\/img_1043-1.jpg?fit=1200%2C900&ssl=1&resize=350%2C200 1x, https:\/\/i0.wp.com\/media1.kulturpedagogik.se\/2019\/11\/img_1043-1.jpg?fit=1200%2C900&ssl=1&resize=525%2C300 1.5x, https:\/\/i0.wp.com\/media1.kulturpedagogik.se\/2019\/11\/img_1043-1.jpg?fit=1200%2C900&ssl=1&resize=700%2C400 2x, https:\/\/i0.wp.com\/media1.kulturpedagogik.se\/2019\/11\/img_1043-1.jpg?fit=1200%2C900&ssl=1&resize=1050%2C600 3x"},"classes":[]}],"_links":{"self":[{"href":"https:\/\/kulturpedagogik.se\/index.php?rest_route=\/wp\/v2\/posts\/4197","targetHints":{"allow":["GET"]}}],"collection":[{"href":"https:\/\/kulturpedagogik.se\/index.php?rest_route=\/wp\/v2\/posts"}],"about":[{"href":"https:\/\/kulturpedagogik.se\/index.php?rest_route=\/wp\/v2\/types\/post"}],"author":[{"embeddable":true,"href":"https:\/\/kulturpedagogik.se\/index.php?rest_route=\/wp\/v2\/users\/1"}],"replies":[{"embeddable":true,"href":"https:\/\/kulturpedagogik.se\/index.php?rest_route=%2Fwp%2Fv2%2Fcomments&post=4197"}],"version-history":[{"count":2,"href":"https:\/\/kulturpedagogik.se\/index.php?rest_route=\/wp\/v2\/posts\/4197\/revisions"}],"predecessor-version":[{"id":4391,"href":"https:\/\/kulturpedagogik.se\/index.php?rest_route=\/wp\/v2\/posts\/4197\/revisions\/4391"}],"wp:featuredmedia":[{"embeddable":true,"href":"https:\/\/kulturpedagogik.se\/index.php?rest_route=\/wp\/v2\/media\/4192"}],"wp:attachment":[{"href":"https:\/\/kulturpedagogik.se\/index.php?rest_route=%2Fwp%2Fv2%2Fmedia&parent=4197"}],"wp:term":[{"taxonomy":"category","embeddable":true,"href":"https:\/\/kulturpedagogik.se\/index.php?rest_route=%2Fwp%2Fv2%2Fcategories&post=4197"},{"taxonomy":"post_tag","embeddable":true,"href":"https:\/\/kulturpedagogik.se\/index.php?rest_route=%2Fwp%2Fv2%2Ftags&post=4197"}],"curies":[{"name":"wp","href":"https:\/\/api.w.org\/{rel}","templated":true}]}}