{"id":4173,"date":"2018-10-18T19:17:06","date_gmt":"2018-10-18T19:17:06","guid":{"rendered":"http:\/\/kulturpedagogik.se\/?p=4173"},"modified":"2019-03-10T18:58:54","modified_gmt":"2019-03-10T18:58:54","slug":"automatisering-pa-agendan","status":"publish","type":"post","link":"https:\/\/kulturpedagogik.se\/?p=4173","title":{"rendered":"Automatisering p\u00e5 agendan"},"content":{"rendered":"<p><img data-recalc-dims=\"1\" loading=\"lazy\" decoding=\"async\" class=\"wp-image-4167 size-full\" src=\"https:\/\/i0.wp.com\/media1.kulturpedagogik.se\/2018\/10\/img_8296.jpg?resize=640%2C890\" width=\"640\" height=\"890\" srcset=\"https:\/\/i0.wp.com\/media1.kulturpedagogik.se\/2018\/10\/img_8296.jpg?w=640&amp;ssl=1 640w, https:\/\/i0.wp.com\/media1.kulturpedagogik.se\/2018\/10\/img_8296.jpg?resize=108%2C150&amp;ssl=1 108w, https:\/\/i0.wp.com\/media1.kulturpedagogik.se\/2018\/10\/img_8296.jpg?resize=216%2C300&amp;ssl=1 216w, https:\/\/i0.wp.com\/media1.kulturpedagogik.se\/2018\/10\/img_8296.jpg?resize=560%2C779&amp;ssl=1 560w, https:\/\/i0.wp.com\/media1.kulturpedagogik.se\/2018\/10\/img_8296.jpg?resize=260%2C362&amp;ssl=1 260w, https:\/\/i0.wp.com\/media1.kulturpedagogik.se\/2018\/10\/img_8296.jpg?resize=160%2C223&amp;ssl=1 160w\" sizes=\"auto, (max-width: 640px) 100vw, 640px\" \/>I l\u00e4gre \u00e5ldrar har vi uppdraget att l\u00e4ra barnen att automatisera f\u00e4rdigheter s\u00e5som att l\u00e4sa men \u00e4ven exempelvis taluppfattning inom matematiken. N\u00e4r vi automatiserar kunskaper betyder det att vi f\u00f6rankrar dem i l\u00e5ngtidsminnet. D\u00e5 vi lyckas med detta underl\u00e4ttar vi elevernas f\u00f6rm\u00e5ga att t\u00e4nka d\u00e5 deras n\u00e4rminne frig\u00f6rs (Hattie &amp; Yates 2014:75ff).<\/p>\n<p>F\u00f6r att automatisera kr\u00e4vs flit och m\u00e5nga repetitioner, n\u00e5got som vi f\u00f6rs\u00f6ker \u00e5stadkomma tillsammans med eleverna i klassrummet. Idag jobbade vi med barnens taluppfattning f\u00f6r talet 5. Dagen till \u00e4ra b\u00f6rjade vi anv\u00e4nda v\u00e5rt nya \u00e4ppeltr\u00e4d som vi tillverkat f\u00f6r att \u00e5sk\u00e5dligg\u00f6ra p\u00e5 ett konkret s\u00e4tt hur m\u00e5nga \u00e4pplen som representerar olika tal. Att arbeta med praktiskt material inom undervisningen \u00e4r ett s\u00e4tt att g\u00f6ra matematiken verklig. I Piag\u00e9ts begreppsv\u00e4rld omtalas detta som ett s\u00e4tt att ge barn \u201dinre bilder\u201d av matematiska begrepp (Malmer 2010). Detta gynnar alla barns taluppfattning och f\u00f6rst\u00e5else f\u00f6r \u00e4mnet och inte minst barn med inl\u00e4rningssv\u00e5righeter enligt Gudrun Malmer i\u00a0<em>Bra matematik f\u00f6r alla. <\/em><\/p>\n<p>Denna vecka g\u00e4llde det allts\u00e5 talet 5. Vi talade om hur \u00e4pplena kan delas p\u00e5 olika s\u00e4tt i tv\u00e5 h\u00f6gar. P\u00e5 s\u00e5 vis utr\u00f6nande vi femkamraterna. F\u00f6r varje tillf\u00e4lle flyttade vi \u00e4pplen f\u00f6r att synligg\u00f6ra vad vi pratade om.<img data-recalc-dims=\"1\" loading=\"lazy\" decoding=\"async\" class=\"wp-image-4170 size-full\" src=\"https:\/\/i0.wp.com\/media1.kulturpedagogik.se\/2018\/10\/img_8299.jpg?resize=860%2C1147\" width=\"860\" height=\"1147\" srcset=\"https:\/\/i0.wp.com\/media1.kulturpedagogik.se\/2018\/10\/img_8299.jpg?w=2448&amp;ssl=1 2448w, https:\/\/i0.wp.com\/media1.kulturpedagogik.se\/2018\/10\/img_8299.jpg?resize=113%2C150&amp;ssl=1 113w, https:\/\/i0.wp.com\/media1.kulturpedagogik.se\/2018\/10\/img_8299.jpg?resize=225%2C300&amp;ssl=1 225w, https:\/\/i0.wp.com\/media1.kulturpedagogik.se\/2018\/10\/img_8299.jpg?resize=768%2C1024&amp;ssl=1 768w, https:\/\/i0.wp.com\/media1.kulturpedagogik.se\/2018\/10\/img_8299.jpg?resize=560%2C747&amp;ssl=1 560w, https:\/\/i0.wp.com\/media1.kulturpedagogik.se\/2018\/10\/img_8299.jpg?resize=260%2C347&amp;ssl=1 260w, https:\/\/i0.wp.com\/media1.kulturpedagogik.se\/2018\/10\/img_8299.jpg?resize=160%2C213&amp;ssl=1 160w, https:\/\/i0.wp.com\/media1.kulturpedagogik.se\/2018\/10\/img_8299.jpg?w=1720 1720w\" sizes=\"auto, (max-width: 860px) 100vw, 860px\" \/>D\u00e4refter st\u00e4llde sig Helena vid tavlan. Nu beh\u00f6vde vi dra oss till minnes vilka kombinationer vi funnit. Att f\u00e5 lov att t\u00e4nka efter \u00e4r viktigt f\u00f6r att kunskaper ska fastna, etsas in, i l\u00e5ngtidsminnet. Det \u00e4r det \u00e5terkommande tillf\u00e4llet att f\u00e5 lov att dra sig till minnes och <em>t\u00e4nka<\/em> som g\u00f6r susen. Och det \u00e4r precis det vi \u00e4r ute efter d\u00e5 vi talar om automatiserad kunskap.<img data-recalc-dims=\"1\" loading=\"lazy\" decoding=\"async\" class=\"wp-image-4171 size-full\" src=\"https:\/\/i0.wp.com\/media1.kulturpedagogik.se\/2018\/10\/img_8301-2.jpg?resize=796%2C640\" width=\"796\" height=\"640\" srcset=\"https:\/\/i0.wp.com\/media1.kulturpedagogik.se\/2018\/10\/img_8301-2.jpg?w=796&amp;ssl=1 796w, https:\/\/i0.wp.com\/media1.kulturpedagogik.se\/2018\/10\/img_8301-2.jpg?resize=150%2C121&amp;ssl=1 150w, https:\/\/i0.wp.com\/media1.kulturpedagogik.se\/2018\/10\/img_8301-2.jpg?resize=300%2C241&amp;ssl=1 300w, https:\/\/i0.wp.com\/media1.kulturpedagogik.se\/2018\/10\/img_8301-2.jpg?resize=768%2C617&amp;ssl=1 768w, https:\/\/i0.wp.com\/media1.kulturpedagogik.se\/2018\/10\/img_8301-2.jpg?resize=560%2C450&amp;ssl=1 560w, https:\/\/i0.wp.com\/media1.kulturpedagogik.se\/2018\/10\/img_8301-2.jpg?resize=260%2C209&amp;ssl=1 260w, https:\/\/i0.wp.com\/media1.kulturpedagogik.se\/2018\/10\/img_8301-2.jpg?resize=160%2C129&amp;ssl=1 160w\" sizes=\"auto, (max-width: 796px) 100vw, 796px\" \/>Tillsammans t\u00e4nkte vi nu ock klurade ut femkamraterna igen medan Helena antecknade alla p\u00e5 tavlan en efter en. Ibland fick vi anv\u00e4nda fingrarna som konkreta representationer f\u00f6r att t\u00e4nka. D\u00e5 detta var gjort delade vi upp oss i v\u00e5ra halvklassgrupper. Barnen satte sig i ring p\u00e5 mattan och fick nu dra vars ett kort. D\u00e4rp\u00e5 var det dags att mingla och f\u00f6rs\u00f6ka hitta en kamrat med vilken man kunde bilda talet 5 om man slog ihop sina kort. D\u00e5 alla funnit sina kamrater satte vi oss ned, tittade p\u00e5 korten och samtalade om dem. Att samtala \u00e4r ett bra s\u00e4tt att bef\u00e4sta kunskaperna.<img data-recalc-dims=\"1\" loading=\"lazy\" decoding=\"async\" class=\"wp-image-4172 size-full\" src=\"https:\/\/i0.wp.com\/media1.kulturpedagogik.se\/2018\/10\/img_8303.jpg?resize=860%2C645\" width=\"860\" height=\"645\" srcset=\"https:\/\/i0.wp.com\/media1.kulturpedagogik.se\/2018\/10\/img_8303.jpg?w=3264&amp;ssl=1 3264w, https:\/\/i0.wp.com\/media1.kulturpedagogik.se\/2018\/10\/img_8303.jpg?resize=150%2C113&amp;ssl=1 150w, https:\/\/i0.wp.com\/media1.kulturpedagogik.se\/2018\/10\/img_8303.jpg?resize=300%2C225&amp;ssl=1 300w, https:\/\/i0.wp.com\/media1.kulturpedagogik.se\/2018\/10\/img_8303.jpg?resize=768%2C576&amp;ssl=1 768w, https:\/\/i0.wp.com\/media1.kulturpedagogik.se\/2018\/10\/img_8303.jpg?resize=1365%2C1024&amp;ssl=1 1365w, https:\/\/i0.wp.com\/media1.kulturpedagogik.se\/2018\/10\/img_8303.jpg?resize=560%2C420&amp;ssl=1 560w, https:\/\/i0.wp.com\/media1.kulturpedagogik.se\/2018\/10\/img_8303.jpg?resize=260%2C195&amp;ssl=1 260w, https:\/\/i0.wp.com\/media1.kulturpedagogik.se\/2018\/10\/img_8303.jpg?resize=160%2C120&amp;ssl=1 160w, https:\/\/i0.wp.com\/media1.kulturpedagogik.se\/2018\/10\/img_8303.jpg?w=1720 1720w, https:\/\/i0.wp.com\/media1.kulturpedagogik.se\/2018\/10\/img_8303.jpg?w=2580 2580w\" sizes=\"auto, (max-width: 860px) 100vw, 860px\" \/>Efter korten med talen (som ju \u00e4r abstrakta representationer) var det dags f\u00f6r lite mer konkret \u00f6vning. Nu tog jag fram en burk med &#8221;glaspluppar&#8221; som \u00e4r sk\u00f6na att h\u00e5lla i handen och bl\u00e4nker s\u00e5 fint. Jag tog fem &#8221;pluppar&#8221;i handen och skakade dem. Nu lade jag ned ett antal p\u00e5 mattan medan jag g\u00f6mde de andra i handen. Barnen fick nu alla tillf\u00e4lle att svara p\u00e5 varsin fr\u00e5ga. Om jag l\u00e4gger ned 3 &#8221;pluppar&#8221; p\u00e5 mattan &#8211; hur m\u00e5nga har jag d\u00e5 i handen? osv. Det tyckte de var mycket sp\u00e4nnande. <img data-recalc-dims=\"1\" loading=\"lazy\" decoding=\"async\" class=\"wp-image-4175 size-full\" src=\"https:\/\/i0.wp.com\/media1.kulturpedagogik.se\/2018\/10\/img_8305.jpg?resize=860%2C1147\" width=\"860\" height=\"1147\" srcset=\"https:\/\/i0.wp.com\/media1.kulturpedagogik.se\/2018\/10\/img_8305.jpg?w=2448&amp;ssl=1 2448w, https:\/\/i0.wp.com\/media1.kulturpedagogik.se\/2018\/10\/img_8305.jpg?resize=113%2C150&amp;ssl=1 113w, https:\/\/i0.wp.com\/media1.kulturpedagogik.se\/2018\/10\/img_8305.jpg?resize=225%2C300&amp;ssl=1 225w, https:\/\/i0.wp.com\/media1.kulturpedagogik.se\/2018\/10\/img_8305.jpg?resize=768%2C1024&amp;ssl=1 768w, https:\/\/i0.wp.com\/media1.kulturpedagogik.se\/2018\/10\/img_8305.jpg?resize=560%2C747&amp;ssl=1 560w, https:\/\/i0.wp.com\/media1.kulturpedagogik.se\/2018\/10\/img_8305.jpg?resize=260%2C347&amp;ssl=1 260w, https:\/\/i0.wp.com\/media1.kulturpedagogik.se\/2018\/10\/img_8305.jpg?resize=160%2C213&amp;ssl=1 160w, https:\/\/i0.wp.com\/media1.kulturpedagogik.se\/2018\/10\/img_8305.jpg?w=1720 1720w\" sizes=\"auto, (max-width: 860px) 100vw, 860px\" \/><\/p>\n<p>Som avslutning delade jag ut 5 &#8221;pluppar&#8221; till varje elevpar. Nu skulle de turas om att g\u00f6mma och klura p\u00e5 femkamraterna. \u00c4ven denna \u00f6vning var mycket omtyckt och det var p\u00e5tagligt att barnen uppfattade det som en utmaning p\u00e5 sin niv\u00e5 och gjorde m\u00e5nga olika kombinationer av g\u00e5tan f\u00f6r varandra i trivsamt samspr\u00e5k.<\/p>\n<p><em><img data-recalc-dims=\"1\" loading=\"lazy\" decoding=\"async\" class=\"wp-image-4180 size-full\" src=\"https:\/\/i0.wp.com\/media1.kulturpedagogik.se\/2018\/10\/img_8306.jpg?resize=860%2C1147\" width=\"860\" height=\"1147\" srcset=\"https:\/\/i0.wp.com\/media1.kulturpedagogik.se\/2018\/10\/img_8306.jpg?w=2448&amp;ssl=1 2448w, https:\/\/i0.wp.com\/media1.kulturpedagogik.se\/2018\/10\/img_8306.jpg?resize=113%2C150&amp;ssl=1 113w, https:\/\/i0.wp.com\/media1.kulturpedagogik.se\/2018\/10\/img_8306.jpg?resize=225%2C300&amp;ssl=1 225w, https:\/\/i0.wp.com\/media1.kulturpedagogik.se\/2018\/10\/img_8306.jpg?resize=768%2C1024&amp;ssl=1 768w, https:\/\/i0.wp.com\/media1.kulturpedagogik.se\/2018\/10\/img_8306.jpg?resize=560%2C747&amp;ssl=1 560w, https:\/\/i0.wp.com\/media1.kulturpedagogik.se\/2018\/10\/img_8306.jpg?resize=260%2C347&amp;ssl=1 260w, https:\/\/i0.wp.com\/media1.kulturpedagogik.se\/2018\/10\/img_8306.jpg?resize=160%2C213&amp;ssl=1 160w, https:\/\/i0.wp.com\/media1.kulturpedagogik.se\/2018\/10\/img_8306.jpg?w=1720 1720w\" sizes=\"auto, (max-width: 860px) 100vw, 860px\" \/>V<\/em>\u00e5ra anstr\u00e4ngningar idag tycks ha inspirerat eleverna. Under den fria leken var det flera barn som ville \u00f6va p\u00e5 att skriva tal p\u00e5 tavlan. Att skapa en numerisk milj\u00f6 (L\u00f6wing i Forsmark 2011) betonas f\u00f6r att barn ska vilja l\u00e4ra matematik och inspirera varandra.<\/p>\n<p>Forsmark,Jenny (2011) <em>Att utveckla den matematiska kompetensen i <\/em>Jakobsson, Inga-Lill &amp; Nilsson Inger (red), (2011) Specialpedagogik och funktionshinder, Stockholm, Natur och kultur<\/p>\n<p>Hattie, John &amp; Yates, Gregory (2014) <em>Hur vi l\u00e4r och vetenskapen om v\u00e5ra l\u00e4rprocesser<\/em>, Stockholm: Natur &amp; Kultur<\/p>\n<p><em>Malmer Gud<\/em>run(1999) <em>Bra matematik f\u00f6r alla<\/em>, Lund, Studentlitteratur<\/p>\n","protected":false},"excerpt":{"rendered":"<p>I l&auml;gre &aring;ldrar har vi uppdraget att l&auml;ra barnen att automatisera f&auml;rdigheter s&aring;som att l&auml;sa men &auml;ven exempelvis taluppfattning inom matematiken. N&auml;r vi automatiserar kunskaper betyder det att vi f&ouml;rankrar dem i l&aring;ngtidsminnet. D&aring; vi lyckas med detta underl&auml;ttar vi&hellip;<\/p>\n<p class=\"more-link-p\"><a class=\"more-link\" href=\"https:\/\/kulturpedagogik.se\/?p=4173\">Read more &rarr;<\/a><\/p>\n","protected":false},"author":1,"featured_media":4167,"comment_status":"open","ping_status":"open","sticky":false,"template":"","format":"standard","meta":{"jetpack_post_was_ever_published":false,"_jetpack_newsletter_access":"","_jetpack_dont_email_post_to_subs":false,"_jetpack_newsletter_tier_id":0,"_jetpack_memberships_contains_paywalled_content":false,"_jetpack_memberships_contains_paid_content":false,"footnotes":"","jetpack_publicize_message":"","jetpack_publicize_feature_enabled":true,"jetpack_social_post_already_shared":true,"jetpack_social_options":{"image_generator_settings":{"template":"highway","default_image_id":0,"font":"","enabled":false},"version":2}},"categories":[1],"tags":[28,16,13],"class_list":["post-4173","post","type-post","status-publish","format-standard","has-post-thumbnail","hentry","category-ar-1-3","tag-bild","tag-matematik","tag-svenska"],"jetpack_publicize_connections":[],"jetpack_featured_media_url":"https:\/\/i0.wp.com\/media1.kulturpedagogik.se\/2018\/10\/img_8296.jpg?fit=640%2C890&ssl=1","jetpack_sharing_enabled":true,"jetpack_shortlink":"https:\/\/wp.me\/p7YLN2-15j","jetpack-related-posts":[{"id":598,"url":"https:\/\/kulturpedagogik.se\/?p=598","url_meta":{"origin":4173,"position":0},"title":"G\u00f6r ditt eget konkreta material","author":"Maria B Hurtig","date":"13 maj, 2014","format":false,"excerpt":"Konkret material l\u00e4gger grund f\u00f6r taluppfattning.","rel":"","context":"I \u201d\u00c5r F-3\u201d","block_context":{"text":"\u00c5r F-3","link":"https:\/\/kulturpedagogik.se\/?cat=1"},"img":{"alt_text":"","src":"https:\/\/i0.wp.com\/media1.kulturpedagogik.se\/2014\/05\/20140513-100928.jpg?fit=640%2C480&ssl=1&resize=350%2C200","width":350,"height":200,"srcset":"https:\/\/i0.wp.com\/media1.kulturpedagogik.se\/2014\/05\/20140513-100928.jpg?fit=640%2C480&ssl=1&resize=350%2C200 1x, https:\/\/i0.wp.com\/media1.kulturpedagogik.se\/2014\/05\/20140513-100928.jpg?fit=640%2C480&ssl=1&resize=525%2C300 1.5x"},"classes":[]},{"id":3977,"url":"https:\/\/kulturpedagogik.se\/?p=3977","url_meta":{"origin":4173,"position":1},"title":"Milj\u00f6 f\u00f6r matematik","author":"Maria B Hurtig","date":"19 juni, 2018","format":false,"excerpt":"Jag har l\u00e4nge t\u00e4nkt att jag skulle g\u00f6ra en \"permanent\" tallinje p\u00e5 tavlan i f\u00f6rskoleklassen. Tanken \u00e4r att kunna visualisera\/konkretisera matematiken p\u00e5 tavlan p\u00e5 flera s\u00e4tt. Vi brukar ju anv\u00e4nda oss av v\u00e5ra namnkort om mornarna f\u00f6r att r\u00e4kna och laborera med antal. P\u00e5 s\u00e5 vis tr\u00e4nar vi taluppfattning och\u2026","rel":"","context":"I \u201d\u00c5r F-3\u201d","block_context":{"text":"\u00c5r F-3","link":"https:\/\/kulturpedagogik.se\/?cat=1"},"img":{"alt_text":"","src":"https:\/\/i0.wp.com\/media1.kulturpedagogik.se\/2018\/06\/img_7932-1.jpg?fit=1200%2C900&ssl=1&resize=350%2C200","width":350,"height":200,"srcset":"https:\/\/i0.wp.com\/media1.kulturpedagogik.se\/2018\/06\/img_7932-1.jpg?fit=1200%2C900&ssl=1&resize=350%2C200 1x, https:\/\/i0.wp.com\/media1.kulturpedagogik.se\/2018\/06\/img_7932-1.jpg?fit=1200%2C900&ssl=1&resize=525%2C300 1.5x, https:\/\/i0.wp.com\/media1.kulturpedagogik.se\/2018\/06\/img_7932-1.jpg?fit=1200%2C900&ssl=1&resize=700%2C400 2x, https:\/\/i0.wp.com\/media1.kulturpedagogik.se\/2018\/06\/img_7932-1.jpg?fit=1200%2C900&ssl=1&resize=1050%2C600 3x"},"classes":[]},{"id":1991,"url":"https:\/\/kulturpedagogik.se\/?p=1991","url_meta":{"origin":4173,"position":2},"title":"Mera tiotal &#8211; nu p\u00e5 idrotten","author":"Maria B Hurtig","date":"31 mars, 2017","format":false,"excerpt":"Idag hade Helena med sig en hel back med kaplastavar och n\u00e5gra stora t\u00e4rningar till idrotten. Stavarna h\u00e4llde hon ut p\u00e5 golvet p\u00e5 andra sidan idrottssalen. Nu fick barnen jobba i lag f\u00f6r att springa och h\u00e4mta kaplastavar efter att ha slagit t\u00e4rningen. De turades om att sl\u00e5 och springa\u2026","rel":"","context":"I \u201d\u00c5r F-3\u201d","block_context":{"text":"\u00c5r F-3","link":"https:\/\/kulturpedagogik.se\/?cat=1"},"img":{"alt_text":"","src":"https:\/\/i0.wp.com\/media1.kulturpedagogik.se\/2017\/03\/img_5642-1.jpg?fit=607%2C455&ssl=1&resize=350%2C200","width":350,"height":200,"srcset":"https:\/\/i0.wp.com\/media1.kulturpedagogik.se\/2017\/03\/img_5642-1.jpg?fit=607%2C455&ssl=1&resize=350%2C200 1x, https:\/\/i0.wp.com\/media1.kulturpedagogik.se\/2017\/03\/img_5642-1.jpg?fit=607%2C455&ssl=1&resize=525%2C300 1.5x"},"classes":[]},{"id":1287,"url":"https:\/\/kulturpedagogik.se\/?p=1287","url_meta":{"origin":4173,"position":3},"title":"Mersmak f\u00f6r matte &#8211; \u00f6va genom lek","author":"Maria B Hurtig","date":"24 oktober, 2016","format":false,"excerpt":"S\u00e5 var det m\u00e5ndag och mattedax i skogen igen. Idag \u00f6vade vi mer p\u00e5 dubbelt och h\u00e4lften. Barnen jobbade i grupp och fick i varje grupp en siffra och en duk. P\u00e5 duken fick de l\u00e4gga lika m\u00e5nga kottar som siffran visade och dubbelt s\u00e5 m\u00e5nga pinnar. Sedan gick vi\u2026","rel":"","context":"I \u201d\u00c5r F-3\u201d","block_context":{"text":"\u00c5r F-3","link":"https:\/\/kulturpedagogik.se\/?cat=1"},"img":{"alt_text":"","src":"https:\/\/i0.wp.com\/media1.kulturpedagogik.se\/2016\/10\/img_4711.jpg?resize=350%2C200","width":350,"height":200,"srcset":"https:\/\/i0.wp.com\/media1.kulturpedagogik.se\/2016\/10\/img_4711.jpg?resize=350%2C200 1x, https:\/\/i0.wp.com\/media1.kulturpedagogik.se\/2016\/10\/img_4711.jpg?resize=525%2C300 1.5x, https:\/\/i0.wp.com\/media1.kulturpedagogik.se\/2016\/10\/img_4711.jpg?resize=700%2C400 2x, https:\/\/i0.wp.com\/media1.kulturpedagogik.se\/2016\/10\/img_4711.jpg?resize=1050%2C600 3x, https:\/\/i0.wp.com\/media1.kulturpedagogik.se\/2016\/10\/img_4711.jpg?resize=1400%2C800 4x"},"classes":[]},{"id":3584,"url":"https:\/\/kulturpedagogik.se\/?p=3584","url_meta":{"origin":4173,"position":4},"title":"Dubbelt, h\u00e4lften och nya konstellationer","author":"Maria B Hurtig","date":"21 mars, 2018","format":false,"excerpt":"Vi forts\u00e4tter med dubbelt och h\u00e4lften i v\u00e5rt uteklassrum. D\u00e5 det b\u00f6rjat t\u00f6a blir det inte l\u00e4ngre fr\u00e5ga om sn\u00f6bollar. D\u00e4remot tittar det fram gamla l\u00f6v, pinnar, stenar och gamla kolbitar som kan anv\u00e4ndas f\u00f6r att gestalta olika antal. Liksom f\u00f6rra veckan f\u00e5r barnen parvis dra ett kort. Nu ska\u2026","rel":"","context":"I \u201d\u00c5r F-3\u201d","block_context":{"text":"\u00c5r F-3","link":"https:\/\/kulturpedagogik.se\/?cat=1"},"img":{"alt_text":"","src":"https:\/\/i0.wp.com\/media1.kulturpedagogik.se\/2018\/03\/img_7523.jpg?fit=1200%2C900&ssl=1&resize=350%2C200","width":350,"height":200,"srcset":"https:\/\/i0.wp.com\/media1.kulturpedagogik.se\/2018\/03\/img_7523.jpg?fit=1200%2C900&ssl=1&resize=350%2C200 1x, https:\/\/i0.wp.com\/media1.kulturpedagogik.se\/2018\/03\/img_7523.jpg?fit=1200%2C900&ssl=1&resize=525%2C300 1.5x, https:\/\/i0.wp.com\/media1.kulturpedagogik.se\/2018\/03\/img_7523.jpg?fit=1200%2C900&ssl=1&resize=700%2C400 2x, https:\/\/i0.wp.com\/media1.kulturpedagogik.se\/2018\/03\/img_7523.jpg?fit=1200%2C900&ssl=1&resize=1050%2C600 3x"},"classes":[]},{"id":2918,"url":"https:\/\/kulturpedagogik.se\/?p=2918","url_meta":{"origin":4173,"position":5},"title":"Vardagsmatte och delaktighet","author":"Maria B Hurtig","date":"27 november, 2017","format":false,"excerpt":"En del barn som befunnit sig i sv\u00e5righeter p\u00e5 f\u00f6rskolan fungerar b\u00e4ttre i F-klass. Hur kan det vara? Det kan f\u00f6rst\u00e5s bero p\u00e5 mognad. Men det kan ocks\u00e5 bero p\u00e5 \u00f6kade kognitiva utmaningar som ger dem tillfredsst\u00e4llelse. F\u00f6r den som har sv\u00e5rt med samspel \u00e4r utrymmet f\u00f6r fri lek och\u2026","rel":"","context":"I \u201d\u00c5r F-3\u201d","block_context":{"text":"\u00c5r F-3","link":"https:\/\/kulturpedagogik.se\/?cat=1"},"img":{"alt_text":"","src":"https:\/\/i0.wp.com\/media1.kulturpedagogik.se\/2017\/11\/img_6972.jpg?fit=900%2C1200&ssl=1&resize=350%2C200","width":350,"height":200,"srcset":"https:\/\/i0.wp.com\/media1.kulturpedagogik.se\/2017\/11\/img_6972.jpg?fit=900%2C1200&ssl=1&resize=350%2C200 1x, https:\/\/i0.wp.com\/media1.kulturpedagogik.se\/2017\/11\/img_6972.jpg?fit=900%2C1200&ssl=1&resize=525%2C300 1.5x, https:\/\/i0.wp.com\/media1.kulturpedagogik.se\/2017\/11\/img_6972.jpg?fit=900%2C1200&ssl=1&resize=700%2C400 2x"},"classes":[]}],"_links":{"self":[{"href":"https:\/\/kulturpedagogik.se\/index.php?rest_route=\/wp\/v2\/posts\/4173","targetHints":{"allow":["GET"]}}],"collection":[{"href":"https:\/\/kulturpedagogik.se\/index.php?rest_route=\/wp\/v2\/posts"}],"about":[{"href":"https:\/\/kulturpedagogik.se\/index.php?rest_route=\/wp\/v2\/types\/post"}],"author":[{"embeddable":true,"href":"https:\/\/kulturpedagogik.se\/index.php?rest_route=\/wp\/v2\/users\/1"}],"replies":[{"embeddable":true,"href":"https:\/\/kulturpedagogik.se\/index.php?rest_route=%2Fwp%2Fv2%2Fcomments&post=4173"}],"version-history":[{"count":15,"href":"https:\/\/kulturpedagogik.se\/index.php?rest_route=\/wp\/v2\/posts\/4173\/revisions"}],"predecessor-version":[{"id":4392,"href":"https:\/\/kulturpedagogik.se\/index.php?rest_route=\/wp\/v2\/posts\/4173\/revisions\/4392"}],"wp:featuredmedia":[{"embeddable":true,"href":"https:\/\/kulturpedagogik.se\/index.php?rest_route=\/wp\/v2\/media\/4167"}],"wp:attachment":[{"href":"https:\/\/kulturpedagogik.se\/index.php?rest_route=%2Fwp%2Fv2%2Fmedia&parent=4173"}],"wp:term":[{"taxonomy":"category","embeddable":true,"href":"https:\/\/kulturpedagogik.se\/index.php?rest_route=%2Fwp%2Fv2%2Fcategories&post=4173"},{"taxonomy":"post_tag","embeddable":true,"href":"https:\/\/kulturpedagogik.se\/index.php?rest_route=%2Fwp%2Fv2%2Ftags&post=4173"}],"curies":[{"name":"wp","href":"https:\/\/api.w.org\/{rel}","templated":true}]}}