{"id":4020,"date":"2018-08-21T18:09:50","date_gmt":"2018-08-21T18:09:50","guid":{"rendered":"http:\/\/kulturpedagogik.se\/?p=4020"},"modified":"2018-10-06T16:59:19","modified_gmt":"2018-10-06T16:59:19","slug":"skoj-pa-allvar-med-pippi-drama-i-skolstarten","status":"publish","type":"post","link":"https:\/\/kulturpedagogik.se\/?p=4020","title":{"rendered":"Skoj p\u00e5 allvar med Pippi-drama i skolstarten"},"content":{"rendered":"<p style=\"text-align: justify;\"><img data-recalc-dims=\"1\" loading=\"lazy\" decoding=\"async\" class=\"wp-image-4026 size-full\" src=\"https:\/\/i0.wp.com\/media1.kulturpedagogik.se\/2018\/08\/img_8145.jpg?resize=860%2C645\" width=\"860\" height=\"645\" srcset=\"https:\/\/i0.wp.com\/media1.kulturpedagogik.se\/2018\/08\/img_8145.jpg?w=3264&amp;ssl=1 3264w, https:\/\/i0.wp.com\/media1.kulturpedagogik.se\/2018\/08\/img_8145.jpg?resize=150%2C113&amp;ssl=1 150w, https:\/\/i0.wp.com\/media1.kulturpedagogik.se\/2018\/08\/img_8145.jpg?resize=300%2C225&amp;ssl=1 300w, https:\/\/i0.wp.com\/media1.kulturpedagogik.se\/2018\/08\/img_8145.jpg?resize=768%2C576&amp;ssl=1 768w, https:\/\/i0.wp.com\/media1.kulturpedagogik.se\/2018\/08\/img_8145.jpg?resize=1365%2C1024&amp;ssl=1 1365w, https:\/\/i0.wp.com\/media1.kulturpedagogik.se\/2018\/08\/img_8145.jpg?resize=560%2C420&amp;ssl=1 560w, https:\/\/i0.wp.com\/media1.kulturpedagogik.se\/2018\/08\/img_8145.jpg?resize=260%2C195&amp;ssl=1 260w, https:\/\/i0.wp.com\/media1.kulturpedagogik.se\/2018\/08\/img_8145.jpg?resize=160%2C120&amp;ssl=1 160w, https:\/\/i0.wp.com\/media1.kulturpedagogik.se\/2018\/08\/img_8145.jpg?w=1720 1720w, https:\/\/i0.wp.com\/media1.kulturpedagogik.se\/2018\/08\/img_8145.jpg?w=2580 2580w\" sizes=\"auto, (max-width: 860px) 100vw, 860px\" \/>Idag var det skolstart och vi samlades utomhus f\u00f6r upprop med alla elever och f\u00f6r\u00e4ldrar F-3. Solen sken och himlen var bl\u00e5 precis som man kan \u00f6nska. Efter att vi g\u00e5tt runt och minglat lite och bl\u00e5st s\u00e5pbubblor till pianomusik hade vi l\u00e4rare f\u00f6rberett en liten sketch p\u00e5 tema Astrid Lindgren. Egentligen \u00e4r det upptakten p\u00e5 ett tema vi kommer behandla i \u00e5r men ocks\u00e5 f\u00f6r att det \u00e4r kul med drama. D\u00e4r var Ronja och Madicken, Ida, Rasmus, Tjorven, Kajsa (kavat), Lotta (p\u00e5 Br\u00e5kmakargatan) och Emil och alla skulle de b\u00f6rja skolan. Pippi d\u00f6k upp ocks\u00e5 f\u00f6rst\u00e5s, med Annika i sl\u00e4pt\u00e5g. Och barnen gillar Pippi, det h\u00f6rdes direkt i publiken. Men Pippi \u00e4r ju rolig ocks\u00e5 d\u00e5 hon bryter mot konventionen och utmanar sin fr\u00f6ken. Hon ruckar lite p\u00e5 hierarkierna i klassrummet. S\u00e5nt brukar vi skratta \u00e5t.<\/p>\n<p style=\"text-align: justify;\">Alla l\u00e4rare gillar inte att spela teater. Men det brukar alltid finnas n\u00e5gra p\u00e5 varje skola som tycker det \u00e4r kul. I den h\u00e4r scenen \u00e4r det n\u00e5gra som f\u00e5r spela ut lite mer medan andra kan \u00e5ka med.<\/p>\n<p style=\"text-align: left;\">Vill du ta del av v\u00e5r sketch hittar du den\u00a0 h\u00e4r:\u00a0<a title=\"A Lindgren Skolstart 2018\" href=\"http:\/\/media1.kulturpedagogik.se\/2018\/08\/A-Lindgren-Skolstart-2018.pdf\">A Lindgren Skolstart 2018<\/a><a title=\"A Lindgren Skolstart 2018\" href=\"http:\/\/media1.kulturpedagogik.se\/2018\/08\/A-Lindgren-Skolstart-2018.pdf\"><img data-recalc-dims=\"1\" loading=\"lazy\" decoding=\"async\" class=\"alignnone wp-image-4023 size-full\" src=\"https:\/\/i0.wp.com\/media1.kulturpedagogik.se\/2018\/08\/img_8156-2464687842-1535027033308.jpg?resize=599%2C323\" alt=\"img_8156.jpg\" width=\"599\" height=\"323\" srcset=\"https:\/\/i0.wp.com\/media1.kulturpedagogik.se\/2018\/08\/img_8156-2464687842-1535027033308.jpg?w=599&amp;ssl=1 599w, https:\/\/i0.wp.com\/media1.kulturpedagogik.se\/2018\/08\/img_8156-2464687842-1535027033308.jpg?resize=150%2C81&amp;ssl=1 150w, https:\/\/i0.wp.com\/media1.kulturpedagogik.se\/2018\/08\/img_8156-2464687842-1535027033308.jpg?resize=300%2C162&amp;ssl=1 300w, https:\/\/i0.wp.com\/media1.kulturpedagogik.se\/2018\/08\/img_8156-2464687842-1535027033308.jpg?resize=560%2C302&amp;ssl=1 560w, https:\/\/i0.wp.com\/media1.kulturpedagogik.se\/2018\/08\/img_8156-2464687842-1535027033308.jpg?resize=260%2C140&amp;ssl=1 260w, https:\/\/i0.wp.com\/media1.kulturpedagogik.se\/2018\/08\/img_8156-2464687842-1535027033308.jpg?resize=160%2C86&amp;ssl=1 160w\" sizes=\"auto, (max-width: 599px) 100vw, 599px\" \/><\/a><\/p>\n<p style=\"text-align: justify;\">Att tala med scenspr\u00e5k till elever och f\u00f6r\u00e4ldrar \u00e4r mycket uppskattat. Men drama fungerar ocks\u00e5 lite som &#8221;teambuilding&#8221; f\u00f6r oss l\u00e4rare i laget d\u00e5 vi svetsas samman lite mer p\u00e5 kuppen. Vi f\u00e5r tillf\u00e4lle att skratta tillsammans och skoja. Men det ger oss ocks\u00e5 ett utrymme att fundera p\u00e5 vad vi vill ha sagt &#8211; v\u00e5rt budskap. Den h\u00e4r scenen har ett inkluderande budskap om att alla \u00e4r v\u00e4lkomna. Och det \u00e4r vi nog alla \u00f6verens om att v\u00e4rdegrunden \u00e4r en viktig fr\u00e5ga i skolan. Kan vi skapa ett positivt klimat tillsammans s\u00e5 har vi b\u00e4ttre chanser att lyckas med undervisningen.<\/p>\n<p style=\"text-align: justify;\">Efter v\u00e5rt drama, innan det blev dags att t\u00e5ga iv\u00e4g till klassrummet med respektive fr\u00f6ken. talade v\u00e5r rektor en liten stund med eleverna om deras erfarenheter under sommarlovet. De fick svara p\u00e5 n\u00e5gra humoristiska fr\u00e5gor i k\u00f6r. Att alla elever f\u00e5r vara med och bidra gynnar deras k\u00e4nsla av delaktighet och motivation. N\u00e4r rektor g\u00f6r det \u00e4r det mycket vunnet. Vi hoppas att alla Pippi, Ronja och Emil som kan ha sv\u00e5righeter med att anpassa sig till skolan ska k\u00e4nna sig lika v\u00e4lkomna som alla andra.<\/p>\n","protected":false},"excerpt":{"rendered":"<p>Idag var det skolstart och vi samlades utomhus f&ouml;r upprop med alla elever och f&ouml;r&auml;ldrar F-3. Solen sken och himlen var bl&aring; precis som man kan &ouml;nska. Efter att vi g&aring;tt runt och minglat lite och bl&aring;st s&aring;pbubblor till pianomusik&hellip;<\/p>\n<p class=\"more-link-p\"><a class=\"more-link\" href=\"https:\/\/kulturpedagogik.se\/?p=4020\">Read more &rarr;<\/a><\/p>\n","protected":false},"author":1,"featured_media":4023,"comment_status":"open","ping_status":"open","sticky":false,"template":"","format":"standard","meta":{"jetpack_post_was_ever_published":false,"_jetpack_newsletter_access":"","_jetpack_dont_email_post_to_subs":false,"_jetpack_newsletter_tier_id":0,"_jetpack_memberships_contains_paywalled_content":false,"_jetpack_memberships_contains_paid_content":false,"footnotes":"","jetpack_publicize_message":"","jetpack_publicize_feature_enabled":true,"jetpack_social_post_already_shared":true,"jetpack_social_options":{"image_generator_settings":{"template":"highway","default_image_id":0,"font":"","enabled":false},"version":2}},"categories":[1],"tags":[11,42,13,8],"class_list":["post-4020","post","type-post","status-publish","format-standard","has-post-thumbnail","hentry","category-ar-1-3","tag-litteratur","tag-skolkultur","tag-svenska","tag-teater"],"jetpack_publicize_connections":[],"jetpack_featured_media_url":"https:\/\/i0.wp.com\/media1.kulturpedagogik.se\/2018\/08\/img_8156-2464687842-1535027033308.jpg?fit=599%2C323&ssl=1","jetpack_sharing_enabled":true,"jetpack_shortlink":"https:\/\/wp.me\/p7YLN2-12Q","jetpack-related-posts":[{"id":4716,"url":"https:\/\/kulturpedagogik.se\/?p=4716","url_meta":{"origin":4020,"position":0},"title":"En tandborste till Pippi &#8211; tema i F-3","author":"Maria B Hurtig","date":"23 november, 2019","format":false,"excerpt":"Ig\u00e5r hade vi \u00f6ppet hus kl 15-17 p\u00e5 Kyrkskolan i Sorunda som en final p\u00e5 ett tema om Astrid Lindgrens texter. Det blev fullt hus d\u00e5 i stort s\u00e4tt alla familjer d\u00f6k upp och ville vara med och ta del av allt som vi \u00f6vat p\u00e5 och l\u00e4rt oss i\u2026","rel":"","context":"I \u201d\u00c5r F-3\u201d","block_context":{"text":"\u00c5r F-3","link":"https:\/\/kulturpedagogik.se\/?cat=1"},"img":{"alt_text":"","src":"https:\/\/i0.wp.com\/media1.kulturpedagogik.se\/2019\/11\/img_1025-1.jpg?fit=1200%2C900&ssl=1&resize=350%2C200","width":350,"height":200,"srcset":"https:\/\/i0.wp.com\/media1.kulturpedagogik.se\/2019\/11\/img_1025-1.jpg?fit=1200%2C900&ssl=1&resize=350%2C200 1x, https:\/\/i0.wp.com\/media1.kulturpedagogik.se\/2019\/11\/img_1025-1.jpg?fit=1200%2C900&ssl=1&resize=525%2C300 1.5x, https:\/\/i0.wp.com\/media1.kulturpedagogik.se\/2019\/11\/img_1025-1.jpg?fit=1200%2C900&ssl=1&resize=700%2C400 2x, https:\/\/i0.wp.com\/media1.kulturpedagogik.se\/2019\/11\/img_1025-1.jpg?fit=1200%2C900&ssl=1&resize=1050%2C600 3x"},"classes":[]},{"id":4496,"url":"https:\/\/kulturpedagogik.se\/?p=4496","url_meta":{"origin":4020,"position":1},"title":"Astrids apostlar h\u00e4lsar v\u00e4lkommen","author":"Maria B Hurtig","date":"20 augusti, 2019","format":false,"excerpt":"P\u00e5 skolstarten \u00e4r barn, f\u00f6r\u00e4ldrar och skolpersonal alla samlade. Det erbjuder ett gyllene tillf\u00e4lle f\u00f6r oss att ta upp fr\u00e5gor som \u00e4r viktiga f\u00f6r att lyckas i skolan s\u00e5 att alla ska f\u00f6rst\u00e5 hur vi t\u00e4nker. Vi gjorde det p\u00e5 ett lustfyllt s\u00e4tt idag genom att l\u00e5ta Astrid Lindgrens olika\u2026","rel":"","context":"I \u201d\u00c5r F-3\u201d","block_context":{"text":"\u00c5r F-3","link":"https:\/\/kulturpedagogik.se\/?cat=1"},"img":{"alt_text":"","src":"https:\/\/i0.wp.com\/media1.kulturpedagogik.se\/2019\/08\/img_0635.jpg?fit=1200%2C900&ssl=1&resize=350%2C200","width":350,"height":200,"srcset":"https:\/\/i0.wp.com\/media1.kulturpedagogik.se\/2019\/08\/img_0635.jpg?fit=1200%2C900&ssl=1&resize=350%2C200 1x, https:\/\/i0.wp.com\/media1.kulturpedagogik.se\/2019\/08\/img_0635.jpg?fit=1200%2C900&ssl=1&resize=525%2C300 1.5x, https:\/\/i0.wp.com\/media1.kulturpedagogik.se\/2019\/08\/img_0635.jpg?fit=1200%2C900&ssl=1&resize=700%2C400 2x, https:\/\/i0.wp.com\/media1.kulturpedagogik.se\/2019\/08\/img_0635.jpg?fit=1200%2C900&ssl=1&resize=1050%2C600 3x"},"classes":[]},{"id":5772,"url":"https:\/\/kulturpedagogik.se\/?p=5772","url_meta":{"origin":4020,"position":2},"title":"Astrid Lindgren och vi &#8211; tema i F-2","author":"Maria B Hurtig","date":"26 oktober, 2022","format":false,"excerpt":"Pippi, Herr Nilsson & Lilla Gubben Vi har tema Astrid Lindgren i F2. I klasserna l\u00e4ser man Astrids b\u00f6cker och talar om dem. Man ritar ocks\u00e5 och skriver och idag kom det upp m\u00e5nga fina teckningar utanf\u00f6r matsalen. Det var barnen i f\u00f6rskoleklassen som f\u00f6rkovrat sig i Pippi L\u00e5ngstrump i\u2026","rel":"","context":"I \u201d\u00c5r F-3\u201d","block_context":{"text":"\u00c5r F-3","link":"https:\/\/kulturpedagogik.se\/?cat=1"},"img":{"alt_text":"","src":"https:\/\/i0.wp.com\/media1.kulturpedagogik.se\/2022\/10\/image-2-scaled.jpg?fit=1200%2C1073&ssl=1&resize=350%2C200","width":350,"height":200,"srcset":"https:\/\/i0.wp.com\/media1.kulturpedagogik.se\/2022\/10\/image-2-scaled.jpg?fit=1200%2C1073&ssl=1&resize=350%2C200 1x, https:\/\/i0.wp.com\/media1.kulturpedagogik.se\/2022\/10\/image-2-scaled.jpg?fit=1200%2C1073&ssl=1&resize=525%2C300 1.5x, https:\/\/i0.wp.com\/media1.kulturpedagogik.se\/2022\/10\/image-2-scaled.jpg?fit=1200%2C1073&ssl=1&resize=700%2C400 2x, https:\/\/i0.wp.com\/media1.kulturpedagogik.se\/2022\/10\/image-2-scaled.jpg?fit=1200%2C1073&ssl=1&resize=1050%2C600 3x"},"classes":[]},{"id":4697,"url":"https:\/\/kulturpedagogik.se\/?p=4697","url_meta":{"origin":4020,"position":3},"title":"Vad \u00e4r en vad? Lyckan att lyckas i tema kroppen","author":"Maria B Hurtig","date":"18 november, 2019","format":false,"excerpt":"I den allm\u00e4nna debatten kring svensk skola talas ofta om att l\u00e4rare sysslar f\u00f6r mycket med administration och f\u00f6r lite med undervisning. S\u00e4rskilt under arbetslagsm\u00f6te kan tal om administration komma att dominera \u00e4r min erfarenhet. Det kan vara f\u00f6r\u00f6dande f\u00f6r l\u00e4rares lust och inspiration d\u00e5 de i allm\u00e4nhet brinner f\u00f6r\u2026","rel":"","context":"I \u201d\u00c5r F-3\u201d","block_context":{"text":"\u00c5r F-3","link":"https:\/\/kulturpedagogik.se\/?cat=1"},"img":{"alt_text":"","src":"https:\/\/i0.wp.com\/media1.kulturpedagogik.se\/2019\/11\/img_0873-1.jpg?fit=1200%2C900&ssl=1&resize=350%2C200","width":350,"height":200,"srcset":"https:\/\/i0.wp.com\/media1.kulturpedagogik.se\/2019\/11\/img_0873-1.jpg?fit=1200%2C900&ssl=1&resize=350%2C200 1x, https:\/\/i0.wp.com\/media1.kulturpedagogik.se\/2019\/11\/img_0873-1.jpg?fit=1200%2C900&ssl=1&resize=525%2C300 1.5x, https:\/\/i0.wp.com\/media1.kulturpedagogik.se\/2019\/11\/img_0873-1.jpg?fit=1200%2C900&ssl=1&resize=700%2C400 2x, https:\/\/i0.wp.com\/media1.kulturpedagogik.se\/2019\/11\/img_0873-1.jpg?fit=1200%2C900&ssl=1&resize=1050%2C600 3x"},"classes":[]},{"id":4424,"url":"https:\/\/kulturpedagogik.se\/?p=4424","url_meta":{"origin":4020,"position":4},"title":"Drama om p\u00e5sken","author":"Maria B Hurtig","date":"12 april, 2019","format":false,"excerpt":"Susanne \u00c5gren \u00e4r regiss\u00f6ren och undersk\u00f6terskan som blev l\u00e4rare. S\u00e5 h\u00e4r till P\u00e5sk har hon tagit hj\u00e4lp av sin specialkunskap och gjort ett litet kort drama med barnen i f\u00f6rsta klass f\u00f6r att gestalta de Abrahamitiska religionerna och deras p\u00e5skber\u00e4ttelser som de jobbat med i klassen. Kan ni gissa om\u2026","rel":"","context":"I \u201d\u00c5r F-3\u201d","block_context":{"text":"\u00c5r F-3","link":"https:\/\/kulturpedagogik.se\/?cat=1"},"img":{"alt_text":"","src":"https:\/\/i0.wp.com\/media1.kulturpedagogik.se\/2019\/04\/img_0196.jpg?fit=1200%2C900&ssl=1&resize=350%2C200","width":350,"height":200,"srcset":"https:\/\/i0.wp.com\/media1.kulturpedagogik.se\/2019\/04\/img_0196.jpg?fit=1200%2C900&ssl=1&resize=350%2C200 1x, https:\/\/i0.wp.com\/media1.kulturpedagogik.se\/2019\/04\/img_0196.jpg?fit=1200%2C900&ssl=1&resize=525%2C300 1.5x, https:\/\/i0.wp.com\/media1.kulturpedagogik.se\/2019\/04\/img_0196.jpg?fit=1200%2C900&ssl=1&resize=700%2C400 2x, https:\/\/i0.wp.com\/media1.kulturpedagogik.se\/2019\/04\/img_0196.jpg?fit=1200%2C900&ssl=1&resize=1050%2C600 3x"},"classes":[]},{"id":2234,"url":"https:\/\/kulturpedagogik.se\/?p=2234","url_meta":{"origin":4020,"position":5},"title":"Musik f\u00f6r gemenskap","author":"Maria B Hurtig","date":"22 maj, 2017","format":false,"excerpt":"Idag hade vi gemensam s\u00e5ngstund med \u00a0v\u00e5r parallella F-klass. Kalle Helander, v\u00e5r spelman fr\u00e5n fritids, hade tagit med sig elgitarren dagen till \u00e4ra - n\u00e5got som barnen sett fram emot. Och visst gungar det lite extra h\u00e4ftigt med komp fr\u00e5n en elgitarr. Inte f\u00f6r inte som det heter rock'n roll.\u2026","rel":"","context":"I \u201d\u00c5r F-3\u201d","block_context":{"text":"\u00c5r F-3","link":"https:\/\/kulturpedagogik.se\/?cat=1"},"img":{"alt_text":"","src":"https:\/\/i0.wp.com\/media1.kulturpedagogik.se\/2017\/05\/img_5991.jpg?resize=350%2C200","width":350,"height":200,"srcset":"https:\/\/i0.wp.com\/media1.kulturpedagogik.se\/2017\/05\/img_5991.jpg?resize=350%2C200 1x, https:\/\/i0.wp.com\/media1.kulturpedagogik.se\/2017\/05\/img_5991.jpg?resize=525%2C300 1.5x, https:\/\/i0.wp.com\/media1.kulturpedagogik.se\/2017\/05\/img_5991.jpg?resize=700%2C400 2x, https:\/\/i0.wp.com\/media1.kulturpedagogik.se\/2017\/05\/img_5991.jpg?resize=1050%2C600 3x, https:\/\/i0.wp.com\/media1.kulturpedagogik.se\/2017\/05\/img_5991.jpg?resize=1400%2C800 4x"},"classes":[]}],"_links":{"self":[{"href":"https:\/\/kulturpedagogik.se\/index.php?rest_route=\/wp\/v2\/posts\/4020","targetHints":{"allow":["GET"]}}],"collection":[{"href":"https:\/\/kulturpedagogik.se\/index.php?rest_route=\/wp\/v2\/posts"}],"about":[{"href":"https:\/\/kulturpedagogik.se\/index.php?rest_route=\/wp\/v2\/types\/post"}],"author":[{"embeddable":true,"href":"https:\/\/kulturpedagogik.se\/index.php?rest_route=\/wp\/v2\/users\/1"}],"replies":[{"embeddable":true,"href":"https:\/\/kulturpedagogik.se\/index.php?rest_route=%2Fwp%2Fv2%2Fcomments&post=4020"}],"version-history":[{"count":13,"href":"https:\/\/kulturpedagogik.se\/index.php?rest_route=\/wp\/v2\/posts\/4020\/revisions"}],"predecessor-version":[{"id":4130,"href":"https:\/\/kulturpedagogik.se\/index.php?rest_route=\/wp\/v2\/posts\/4020\/revisions\/4130"}],"wp:featuredmedia":[{"embeddable":true,"href":"https:\/\/kulturpedagogik.se\/index.php?rest_route=\/wp\/v2\/media\/4023"}],"wp:attachment":[{"href":"https:\/\/kulturpedagogik.se\/index.php?rest_route=%2Fwp%2Fv2%2Fmedia&parent=4020"}],"wp:term":[{"taxonomy":"category","embeddable":true,"href":"https:\/\/kulturpedagogik.se\/index.php?rest_route=%2Fwp%2Fv2%2Fcategories&post=4020"},{"taxonomy":"post_tag","embeddable":true,"href":"https:\/\/kulturpedagogik.se\/index.php?rest_route=%2Fwp%2Fv2%2Ftags&post=4020"}],"curies":[{"name":"wp","href":"https:\/\/api.w.org\/{rel}","templated":true}]}}