{"id":401,"date":"2013-04-17T19:20:27","date_gmt":"2013-04-17T19:20:27","guid":{"rendered":"http:\/\/kulturpedagogik.se\/?p=401"},"modified":"2013-04-17T19:20:27","modified_gmt":"2013-04-17T19:20:27","slug":"tema-forntiden-och-rymden","status":"publish","type":"post","link":"https:\/\/kulturpedagogik.se\/?p=401","title":{"rendered":"Tema forntiden och rymden"},"content":{"rendered":"<p>Var p\u00e5 en liten surfrunda idag och st\u00f6tte p\u00e5 en skola som verkar arbeta med att gestalta kunskap p\u00e5 ett kulturpedagogiskt s\u00e4tt. P\u00e5 Skanskvarnskolans hemsida hittade jag b\u00e5de ett tema om forntiden och ett tema om rymden som kan inspirera.<\/p>\n<p><a href=\"http:\/\/skanskvarnsskolan.stockholm.se\/nyheter\/2013\/01\/10\/tema-rymden\">Tema rymden | Skanskvarnsskolan<\/a>.<\/p>\n<p><iframe loading=\"lazy\" src=\"http:\/\/www.youtube.com\/embed\/P94WJkrWFQA?feature=player_detailpage\" height=\"360\" width=\"640\" allowfullscreen=\"\" frameborder=\"0\"><\/iframe><\/p>\n","protected":false},"excerpt":{"rendered":"<p>Var p&aring; en liten surfrunda idag och st&ouml;tte p&aring; en skola som verkar arbeta med att gestalta kunskap p&aring; ett kulturpedagogiskt s&auml;tt. P&aring; Skanskvarnskolans hemsida hittade jag b&aring;de ett tema om forntiden och ett tema om rymden som kan inspirera.&hellip;<\/p>\n<p class=\"more-link-p\"><a class=\"more-link\" href=\"https:\/\/kulturpedagogik.se\/?p=401\">Read more &rarr;<\/a><\/p>\n","protected":false},"author":1,"featured_media":0,"comment_status":"open","ping_status":"open","sticky":false,"template":"","format":"standard","meta":{"jetpack_post_was_ever_published":false,"_jetpack_newsletter_access":"","_jetpack_dont_email_post_to_subs":false,"_jetpack_newsletter_tier_id":0,"_jetpack_memberships_contains_paywalled_content":false,"_jetpack_memberships_contains_paid_content":false,"footnotes":"","jetpack_publicize_message":"","jetpack_publicize_feature_enabled":true,"jetpack_social_post_already_shared":false,"jetpack_social_options":{"image_generator_settings":{"template":"highway","default_image_id":0,"font":"","enabled":false},"version":2}},"categories":[1],"tags":[28,12,33,18,7,20,21],"class_list":["post-401","post","type-post","status-publish","format-standard","hentry","category-ar-1-3","tag-bild","tag-historia","tag-ikt","tag-interkulturalitet","tag-musik","tag-no","tag-so"],"jetpack_publicize_connections":[],"jetpack_featured_media_url":"","jetpack_sharing_enabled":true,"jetpack_shortlink":"https:\/\/wp.me\/p7YLN2-6t","jetpack-related-posts":[{"id":3399,"url":"https:\/\/kulturpedagogik.se\/?p=3399","url_meta":{"origin":401,"position":0},"title":"Rymden rockar i parallellen","author":"Maria B Hurtig","date":"6 februari, 2018","format":false,"excerpt":"Vi jobbar parallellt med tema rymden i skolans tv\u00e5 f\u00f6rskoleklasser f\u00f6r tillf\u00e4llet. Det har m\u00e5nga f\u00f6rdelar d\u00e5 vi kan inspireras av varandra men det kan ocks\u00e5 gynna ett l\u00e4rande bland oss pedagoger. D\u00e5 vi m\u00f6ts regelbundet blir det naturligt att dela \u00f6vningar men ocks\u00e5 att reflektera \u00f6ver hur v\u00e5ra aktiviteter\u2026","rel":"","context":"I \u201d\u00c5r F-3\u201d","block_context":{"text":"\u00c5r F-3","link":"https:\/\/kulturpedagogik.se\/?cat=1"},"img":{"alt_text":"","src":"https:\/\/i0.wp.com\/media1.kulturpedagogik.se\/2018\/02\/img_7320-2.jpg?fit=900%2C1200&ssl=1&resize=350%2C200","width":350,"height":200,"srcset":"https:\/\/i0.wp.com\/media1.kulturpedagogik.se\/2018\/02\/img_7320-2.jpg?fit=900%2C1200&ssl=1&resize=350%2C200 1x, https:\/\/i0.wp.com\/media1.kulturpedagogik.se\/2018\/02\/img_7320-2.jpg?fit=900%2C1200&ssl=1&resize=525%2C300 1.5x, https:\/\/i0.wp.com\/media1.kulturpedagogik.se\/2018\/02\/img_7320-2.jpg?fit=900%2C1200&ssl=1&resize=700%2C400 2x"},"classes":[]},{"id":1860,"url":"https:\/\/kulturpedagogik.se\/?p=1860","url_meta":{"origin":401,"position":1},"title":"Ju mer man vet.. rymden och ASL","author":"Maria B Hurtig","date":"20 februari, 2017","format":false,"excerpt":"Vi skriver oss till l\u00e4sning p\u00e5 onsdagar och som jag skrivit f\u00f6rut h\u00e4r har vi jobbat med tema rymden p\u00e5 sistone. I onsdags fick barnen sitta med sina i-padkompisar och skriva vad de l\u00e4rt sig om rymden. Och det var faktiskt en hel del. N\u00e5gra skrev meningar som svar p\u00e5\u2026","rel":"","context":"I \u201d\u00c5r F-3\u201d","block_context":{"text":"\u00c5r F-3","link":"https:\/\/kulturpedagogik.se\/?cat=1"},"img":{"alt_text":"","src":"https:\/\/i0.wp.com\/media1.kulturpedagogik.se\/2017\/02\/img_5353-2.jpg?fit=900%2C1200&ssl=1&resize=350%2C200","width":350,"height":200,"srcset":"https:\/\/i0.wp.com\/media1.kulturpedagogik.se\/2017\/02\/img_5353-2.jpg?fit=900%2C1200&ssl=1&resize=350%2C200 1x, https:\/\/i0.wp.com\/media1.kulturpedagogik.se\/2017\/02\/img_5353-2.jpg?fit=900%2C1200&ssl=1&resize=525%2C300 1.5x, https:\/\/i0.wp.com\/media1.kulturpedagogik.se\/2017\/02\/img_5353-2.jpg?fit=900%2C1200&ssl=1&resize=700%2C400 2x"},"classes":[]},{"id":1773,"url":"https:\/\/kulturpedagogik.se\/?p=1773","url_meta":{"origin":401,"position":2},"title":"\u00c4r alla planeter runda? Rymden med s\u00e5ng och film","author":"Maria B Hurtig","date":"9 februari, 2017","format":false,"excerpt":"Jag har tidigare skrivit om hur vi jobbar med tema rymden h\u00e4r. Vi har skrivit fr\u00e5gor p\u00e5 i-pad, l\u00e4st bok och sjungit planetvisan. P\u00e5 planeringen senast kom min kollega p\u00e5 att g\u00f6ra planscher f\u00f6r att illustrera s\u00e5ngen som vi ju tr\u00e4nar p\u00e5 imellan\u00e5t. De anv\u00e4nde vi idag d\u00e5 vi sj\u00f6ng.\u2026","rel":"","context":"I \u201d\u00c5r 7-9\u201d","block_context":{"text":"\u00c5r 7-9","link":"https:\/\/kulturpedagogik.se\/?cat=5"},"img":{"alt_text":"","src":"https:\/\/i0.wp.com\/media1.kulturpedagogik.se\/2017\/02\/img_5296-1.jpg?fit=1200%2C900&ssl=1&resize=350%2C200","width":350,"height":200,"srcset":"https:\/\/i0.wp.com\/media1.kulturpedagogik.se\/2017\/02\/img_5296-1.jpg?fit=1200%2C900&ssl=1&resize=350%2C200 1x, https:\/\/i0.wp.com\/media1.kulturpedagogik.se\/2017\/02\/img_5296-1.jpg?fit=1200%2C900&ssl=1&resize=525%2C300 1.5x, https:\/\/i0.wp.com\/media1.kulturpedagogik.se\/2017\/02\/img_5296-1.jpg?fit=1200%2C900&ssl=1&resize=700%2C400 2x, https:\/\/i0.wp.com\/media1.kulturpedagogik.se\/2017\/02\/img_5296-1.jpg?fit=1200%2C900&ssl=1&resize=1050%2C600 3x"},"classes":[]},{"id":1806,"url":"https:\/\/kulturpedagogik.se\/?p=1806","url_meta":{"origin":401,"position":3},"title":"Solen \u00e4r bakom m\u00e5nen! Rymden och barnens verklighet med Piaget och Vygotskji","author":"Maria B Hurtig","date":"19 februari, 2017","format":false,"excerpt":"Jag har tidigare ber\u00e4ttat hur vi jobbat med tema luft f\u00f6r att \u00f6verg\u00e5 i rymden. Det senare temat har vi studerat genom att l\u00e4sa bilderb\u00f6cker, skriva fr\u00e5gor, titta p\u00e5 film och sjunga planetvisan som du kan l\u00e4sa om h\u00e4r och h\u00e4r. I veckan fr\u00e5gade jag barnen lite kort innan vi\u2026","rel":"","context":"I \u201d\u00c5r F-3\u201d","block_context":{"text":"\u00c5r F-3","link":"https:\/\/kulturpedagogik.se\/?cat=1"},"img":{"alt_text":"","src":"https:\/\/i0.wp.com\/media1.kulturpedagogik.se\/2017\/02\/img_5340.jpg?fit=591%2C443&ssl=1&resize=350%2C200","width":350,"height":200,"srcset":"https:\/\/i0.wp.com\/media1.kulturpedagogik.se\/2017\/02\/img_5340.jpg?fit=591%2C443&ssl=1&resize=350%2C200 1x, https:\/\/i0.wp.com\/media1.kulturpedagogik.se\/2017\/02\/img_5340.jpg?fit=591%2C443&ssl=1&resize=525%2C300 1.5x"},"classes":[]},{"id":4847,"url":"https:\/\/kulturpedagogik.se\/?p=4847","url_meta":{"origin":401,"position":4},"title":"Rymden och BIG bang &#8211; att resa i socker och salt","author":"Maria B Hurtig","date":"3 februari, 2020","format":false,"excerpt":"I v\u00e5ra f\u00f6rskoleklasser har man b\u00f6rjat jobba med ett tema om BIG Bang och rymden. Det gl\u00e4der mig mycket d\u00e5 tematiskt arbete i allm\u00e4nhet bidrar till att alla elever blir engagerade och hinner med att l\u00e4ra sig och utvecklas \u00e4r min erfarenhet. Inte minst pojkarna i f\u00f6rskoleklass brukar spinna ig\u00e5ng\u2026","rel":"","context":"I \u201d\u00c5r F-3\u201d","block_context":{"text":"\u00c5r F-3","link":"https:\/\/kulturpedagogik.se\/?cat=1"},"img":{"alt_text":"","src":"https:\/\/i0.wp.com\/media1.kulturpedagogik.se\/2020\/02\/img_1218.jpg?fit=1200%2C900&ssl=1&resize=350%2C200","width":350,"height":200,"srcset":"https:\/\/i0.wp.com\/media1.kulturpedagogik.se\/2020\/02\/img_1218.jpg?fit=1200%2C900&ssl=1&resize=350%2C200 1x, https:\/\/i0.wp.com\/media1.kulturpedagogik.se\/2020\/02\/img_1218.jpg?fit=1200%2C900&ssl=1&resize=525%2C300 1.5x, https:\/\/i0.wp.com\/media1.kulturpedagogik.se\/2020\/02\/img_1218.jpg?fit=1200%2C900&ssl=1&resize=700%2C400 2x, https:\/\/i0.wp.com\/media1.kulturpedagogik.se\/2020\/02\/img_1218.jpg?fit=1200%2C900&ssl=1&resize=1050%2C600 3x"},"classes":[]},{"id":717,"url":"https:\/\/kulturpedagogik.se\/?p=717","url_meta":{"origin":401,"position":5},"title":"Tema luft och rymden","author":"Maria B Hurtig","date":"27 november, 2014","format":false,"excerpt":"I tema om luft och rymden anv\u00e4nde vi oss av litteratur, experiment, samtal, skapande, spel, musik, utst\u00e4llning och film. Barnen har uppskattat \u00e4mnet och deras reflektioner syns i leken d\u00e4r de bl.a. lekt rymdf\u00e4rja och sv\u00e4vat i tyngdl\u00f6shet.","rel":"","context":"I \u201d\u00c5r 4-6\u201d","block_context":{"text":"\u00c5r 4-6","link":"https:\/\/kulturpedagogik.se\/?cat=4"},"img":{"alt_text":"","src":"https:\/\/i0.wp.com\/media1.kulturpedagogik.se\/2014\/11\/IMG_0489.jpg?fit=1200%2C900&ssl=1&resize=350%2C200","width":350,"height":200,"srcset":"https:\/\/i0.wp.com\/media1.kulturpedagogik.se\/2014\/11\/IMG_0489.jpg?fit=1200%2C900&ssl=1&resize=350%2C200 1x, https:\/\/i0.wp.com\/media1.kulturpedagogik.se\/2014\/11\/IMG_0489.jpg?fit=1200%2C900&ssl=1&resize=525%2C300 1.5x, https:\/\/i0.wp.com\/media1.kulturpedagogik.se\/2014\/11\/IMG_0489.jpg?fit=1200%2C900&ssl=1&resize=700%2C400 2x, https:\/\/i0.wp.com\/media1.kulturpedagogik.se\/2014\/11\/IMG_0489.jpg?fit=1200%2C900&ssl=1&resize=1050%2C600 3x"},"classes":[]}],"_links":{"self":[{"href":"https:\/\/kulturpedagogik.se\/index.php?rest_route=\/wp\/v2\/posts\/401","targetHints":{"allow":["GET"]}}],"collection":[{"href":"https:\/\/kulturpedagogik.se\/index.php?rest_route=\/wp\/v2\/posts"}],"about":[{"href":"https:\/\/kulturpedagogik.se\/index.php?rest_route=\/wp\/v2\/types\/post"}],"author":[{"embeddable":true,"href":"https:\/\/kulturpedagogik.se\/index.php?rest_route=\/wp\/v2\/users\/1"}],"replies":[{"embeddable":true,"href":"https:\/\/kulturpedagogik.se\/index.php?rest_route=%2Fwp%2Fv2%2Fcomments&post=401"}],"version-history":[{"count":1,"href":"https:\/\/kulturpedagogik.se\/index.php?rest_route=\/wp\/v2\/posts\/401\/revisions"}],"predecessor-version":[{"id":404,"href":"https:\/\/kulturpedagogik.se\/index.php?rest_route=\/wp\/v2\/posts\/401\/revisions\/404"}],"wp:attachment":[{"href":"https:\/\/kulturpedagogik.se\/index.php?rest_route=%2Fwp%2Fv2%2Fmedia&parent=401"}],"wp:term":[{"taxonomy":"category","embeddable":true,"href":"https:\/\/kulturpedagogik.se\/index.php?rest_route=%2Fwp%2Fv2%2Fcategories&post=401"},{"taxonomy":"post_tag","embeddable":true,"href":"https:\/\/kulturpedagogik.se\/index.php?rest_route=%2Fwp%2Fv2%2Ftags&post=401"}],"curies":[{"name":"wp","href":"https:\/\/api.w.org\/{rel}","templated":true}]}}