{"id":389,"date":"2013-04-09T18:54:26","date_gmt":"2013-04-09T18:54:26","guid":{"rendered":"http:\/\/kulturpedagogik.se\/?p=389"},"modified":"2013-04-09T19:09:51","modified_gmt":"2013-04-09T19:09:51","slug":"sprakutveckling-genom-film","status":"publish","type":"post","link":"https:\/\/kulturpedagogik.se\/?p=389","title":{"rendered":"Spr\u00e5kutveckling genom film"},"content":{"rendered":"<p>P\u00e5 Blommensbergsskolan anv\u00e4nder man sig flitigt av kuturpedagogiska grepp f\u00f6r att utveckla \u00e4mneskunskaper. H\u00e4r f\u00e5r alla elever l\u00e4ra sig flertalet kulturella uttrycksformer som exempelvis film, bild, dans, musik och drama f\u00f6r att sedan kunna utnyttja dessa i koppling till skolarbete. IKT och digitala media har ocks\u00e5 varit starkt kopplat till detta arbete sedan m\u00e5nga \u00e5r p\u00e5 skolan.<\/p>\n<p>Det kulturpedagogiska greppet skapar stolthet och gl\u00e4dje i arbetet och kan ge ringar p\u00e5 vattnet genom att dokumentationen blir tillg\u00e4nglig i en vidare krets och kan delas med familj och kamrater. H\u00e4r kan du se ett exempel p\u00e5 en redovisning om Shakespeare som eleverna p\u00e5 skolan gjort. Inspirerande, inte sant?<\/p>\n<p><object width=\"425\" height=\"350\" classid=\"clsid:d27cdb6e-ae6d-11cf-96b8-444553540000\" codebase=\"http:\/\/download.macromedia.com\/pub\/shockwave\/cabs\/flash\/swflash.cab#version=6,0,40,0\"><param name=\"wmode\" value=\"transparent\" \/><param name=\"src\" value=\"http:\/\/www.youtube.com\/v\/HpwD-ovXsTc&amp;feature=em-uploademail\" \/><\/object><\/p>\n<p>&nbsp;<\/p>\n","protected":false},"excerpt":{"rendered":"<p>P&aring; Blommensbergsskolan anv&auml;nder man sig flitigt av kuturpedagogiska grepp f&ouml;r att utveckla &auml;mneskunskaper. H&auml;r f&aring;r alla elever l&auml;ra sig flertalet kulturella uttrycksformer som exempelvis film, bild, dans, musik och drama f&ouml;r att sedan kunna utnyttja dessa i koppling till skolarbete.&hellip;<\/p>\n<p class=\"more-link-p\"><a class=\"more-link\" href=\"https:\/\/kulturpedagogik.se\/?p=389\">Read more &rarr;<\/a><\/p>\n","protected":false},"author":1,"featured_media":0,"comment_status":"open","ping_status":"open","sticky":false,"template":"","format":"standard","meta":{"jetpack_post_was_ever_published":false,"_jetpack_newsletter_access":"","_jetpack_dont_email_post_to_subs":false,"_jetpack_newsletter_tier_id":0,"_jetpack_memberships_contains_paywalled_content":false,"_jetpack_memberships_contains_paid_content":false,"footnotes":"","jetpack_publicize_message":"","jetpack_publicize_feature_enabled":true,"jetpack_social_post_already_shared":false,"jetpack_social_options":{"image_generator_settings":{"template":"highway","default_image_id":0,"font":"","enabled":false},"version":2}},"categories":[4,5,1],"tags":[28,32,27,12,33,18,21,8],"class_list":["post-389","post","type-post","status-publish","format-standard","hentry","category-ar-4-6","category-ar-7-9","category-ar-1-3","tag-bild","tag-engelska","tag-genus","tag-historia","tag-ikt","tag-interkulturalitet","tag-so","tag-teater"],"jetpack_publicize_connections":[],"jetpack_featured_media_url":"","jetpack_sharing_enabled":true,"jetpack_shortlink":"https:\/\/wp.me\/p7YLN2-6h","jetpack-related-posts":[{"id":4226,"url":"https:\/\/kulturpedagogik.se\/?p=4226","url_meta":{"origin":389,"position":0},"title":"Olikheter berikar","author":"Maria B Hurtig","date":"26 oktober, 2018","format":false,"excerpt":"I ettorna har de arbetat med att lyfta fram olikheter. Utanf\u00f6r klassrummet h\u00e4nger ett stort \"akvarium\" d\u00e4r m\u00e5nga fina fiskar simmar. Att uppmuntra synligg\u00f6rande av olikheter kallas med ett tjusigt ord f\u00f6r interkulturell pedagogik. Det syftar p\u00e5 att vi alla \u00e4r b\u00e4rare av v\u00e5r egen kultur och d\u00e5 den synligg\u00f6rs\u2026","rel":"","context":"I \u201d\u00c5r F-3\u201d","block_context":{"text":"\u00c5r F-3","link":"https:\/\/kulturpedagogik.se\/?cat=1"},"img":{"alt_text":"","src":"https:\/\/i0.wp.com\/media1.kulturpedagogik.se\/2018\/10\/img_8326.jpg?fit=1200%2C900&ssl=1&resize=350%2C200","width":350,"height":200,"srcset":"https:\/\/i0.wp.com\/media1.kulturpedagogik.se\/2018\/10\/img_8326.jpg?fit=1200%2C900&ssl=1&resize=350%2C200 1x, https:\/\/i0.wp.com\/media1.kulturpedagogik.se\/2018\/10\/img_8326.jpg?fit=1200%2C900&ssl=1&resize=525%2C300 1.5x, https:\/\/i0.wp.com\/media1.kulturpedagogik.se\/2018\/10\/img_8326.jpg?fit=1200%2C900&ssl=1&resize=700%2C400 2x, https:\/\/i0.wp.com\/media1.kulturpedagogik.se\/2018\/10\/img_8326.jpg?fit=1200%2C900&ssl=1&resize=1050%2C600 3x"},"classes":[]},{"id":3511,"url":"https:\/\/kulturpedagogik.se\/?p=3511","url_meta":{"origin":389,"position":1},"title":"Kollektiva brev och Ch\u00e4leks mums","author":"Maria B Hurtig","date":"9 mars, 2018","format":false,"excerpt":"Jag skrev nyligen om hur vi brevv\u00e4xlade med Naturskolan genom att skriva brev tillsammans p\u00e5 iPad h\u00e4r. Att arbeta med ASL (att skriva sig till l\u00e4sning) p\u00e5 det s\u00e4ttet k\u00e4ndes v\u00e4ldigt motiverande f\u00f6r eleverna. De fick en konkret mottagare att skriva till. Men det tangerade ocks\u00e5 STL (att skriva sig\u2026","rel":"","context":"I \u201d\u00c5r F-3\u201d","block_context":{"text":"\u00c5r F-3","link":"https:\/\/kulturpedagogik.se\/?cat=1"},"img":{"alt_text":"","src":"https:\/\/i0.wp.com\/media1.kulturpedagogik.se\/2018\/03\/img_7465.jpg?fit=900%2C1200&ssl=1&resize=350%2C200","width":350,"height":200,"srcset":"https:\/\/i0.wp.com\/media1.kulturpedagogik.se\/2018\/03\/img_7465.jpg?fit=900%2C1200&ssl=1&resize=350%2C200 1x, https:\/\/i0.wp.com\/media1.kulturpedagogik.se\/2018\/03\/img_7465.jpg?fit=900%2C1200&ssl=1&resize=525%2C300 1.5x, https:\/\/i0.wp.com\/media1.kulturpedagogik.se\/2018\/03\/img_7465.jpg?fit=900%2C1200&ssl=1&resize=700%2C400 2x"},"classes":[]},{"id":3483,"url":"https:\/\/kulturpedagogik.se\/?p=3483","url_meta":{"origin":389,"position":2},"title":"E-brev berikar","author":"Maria B Hurtig","date":"23 februari, 2018","format":false,"excerpt":"H\u00e4rom dagen skrev f\u00f6rskoleklassen ett gemensamt brev (e-post med text om vad de l\u00e4rt sig och bifogade teckningar) som tack efter v\u00e5rt bes\u00f6k p\u00e5 Naturskolan som jag skrivit om h\u00e4r. Idag kunde jag l\u00e4sa svaret till oss som Robert skickat p\u00e5 mejl. Och det \u00e4r p\u00e5tagligt hur sp\u00e4nnande barnen tycker\u2026","rel":"","context":"I \u201d\u00c5r F-3\u201d","block_context":{"text":"\u00c5r F-3","link":"https:\/\/kulturpedagogik.se\/?cat=1"},"img":{"alt_text":"","src":"https:\/\/i0.wp.com\/media1.kulturpedagogik.se\/2018\/02\/img_7399.jpg?fit=900%2C1200&ssl=1&resize=350%2C200","width":350,"height":200,"srcset":"https:\/\/i0.wp.com\/media1.kulturpedagogik.se\/2018\/02\/img_7399.jpg?fit=900%2C1200&ssl=1&resize=350%2C200 1x, https:\/\/i0.wp.com\/media1.kulturpedagogik.se\/2018\/02\/img_7399.jpg?fit=900%2C1200&ssl=1&resize=525%2C300 1.5x, https:\/\/i0.wp.com\/media1.kulturpedagogik.se\/2018\/02\/img_7399.jpg?fit=900%2C1200&ssl=1&resize=700%2C400 2x"},"classes":[]},{"id":3142,"url":"https:\/\/kulturpedagogik.se\/?p=3142","url_meta":{"origin":389,"position":3},"title":"Robotar assisterar","author":"Maria B Hurtig","date":"26 januari, 2018","format":false,"excerpt":"Det talas om hur robotar kan ta \u00f6ver i framtiden, s\u00e4rskilt med koppling till den digitala utvecklingen och digitaliseringen i skolan. Ibland blir jag r\u00e4dd och tycker det l\u00e5ter lite skr\u00e4mmande. Kommer vi inte att beh\u00f6vas d\u00e5? Men d\u00e5 jag jobbar med f\u00e4rdighetstr\u00e4ning av stora och sm\u00e5 bokst\u00e4ver i v\u00e5r\u2026","rel":"","context":"I \u201d\u00c5r F-3\u201d","block_context":{"text":"\u00c5r F-3","link":"https:\/\/kulturpedagogik.se\/?cat=1"},"img":{"alt_text":"","src":"https:\/\/i0.wp.com\/media1.kulturpedagogik.se\/2018\/01\/img_7258-1.jpg?fit=1200%2C900&ssl=1&resize=350%2C200","width":350,"height":200,"srcset":"https:\/\/i0.wp.com\/media1.kulturpedagogik.se\/2018\/01\/img_7258-1.jpg?fit=1200%2C900&ssl=1&resize=350%2C200 1x, https:\/\/i0.wp.com\/media1.kulturpedagogik.se\/2018\/01\/img_7258-1.jpg?fit=1200%2C900&ssl=1&resize=525%2C300 1.5x, https:\/\/i0.wp.com\/media1.kulturpedagogik.se\/2018\/01\/img_7258-1.jpg?fit=1200%2C900&ssl=1&resize=700%2C400 2x, https:\/\/i0.wp.com\/media1.kulturpedagogik.se\/2018\/01\/img_7258-1.jpg?fit=1200%2C900&ssl=1&resize=1050%2C600 3x"},"classes":[]},{"id":1740,"url":"https:\/\/kulturpedagogik.se\/?p=1740","url_meta":{"origin":389,"position":4},"title":"Skriva, rita och l\u00e4ra &#8211; n\u00e5gra tankar\u00a0","author":"Maria B Hurtig","date":"3 februari, 2017","format":false,"excerpt":"P\u00e5 onsdagarna l\u00e5ter vi eleverna i F-klassen skriva p\u00e5 i-pad. Sedan f\u00e5r de illustrera n\u00e5got ur texten. Barnen jobbar i par och hj\u00e4lper varandra med att skriva. Rita g\u00f6r de individuellt. Vi har f\u00f6rs\u00f6kt s\u00e4tta samman paren s\u00e5 att alla kan l\u00e4ra sig och lyckas. I b\u00f6rjan var det tydligt\u2026","rel":"","context":"I \u201d\u00c5r F-3\u201d","block_context":{"text":"\u00c5r F-3","link":"https:\/\/kulturpedagogik.se\/?cat=1"},"img":{"alt_text":"","src":"https:\/\/i0.wp.com\/media1.kulturpedagogik.se\/2017\/02\/img_5269-3.jpg?fit=900%2C1200&ssl=1&resize=350%2C200","width":350,"height":200,"srcset":"https:\/\/i0.wp.com\/media1.kulturpedagogik.se\/2017\/02\/img_5269-3.jpg?fit=900%2C1200&ssl=1&resize=350%2C200 1x, https:\/\/i0.wp.com\/media1.kulturpedagogik.se\/2017\/02\/img_5269-3.jpg?fit=900%2C1200&ssl=1&resize=525%2C300 1.5x, https:\/\/i0.wp.com\/media1.kulturpedagogik.se\/2017\/02\/img_5269-3.jpg?fit=900%2C1200&ssl=1&resize=700%2C400 2x"},"classes":[]},{"id":2057,"url":"https:\/\/kulturpedagogik.se\/?p=2057","url_meta":{"origin":389,"position":5},"title":"Lek och faddrar i \u00f6verg\u00e5ngar","author":"Maria B Hurtig","date":"26 april, 2017","format":false,"excerpt":"Snart \u00e4r det sommar och sedan \u00e4r det nya barn som ska b\u00f6rja i F-klassen. K\u00e4nner vi dem r\u00e4tt har de redan b\u00f6rjat fundera. Hur ska det bli? Hur g\u00f6r man d\u00e4r? Vem blir min fr\u00f6ken? Var kan man leka? \u00d6verg\u00e5ngar \u00e4r viktiga och h\u00e4r kan vi f\u00f6rs\u00f6ka underl\u00e4tta f\u00f6r\u2026","rel":"","context":"I \u201d\u00c5r F-3\u201d","block_context":{"text":"\u00c5r F-3","link":"https:\/\/kulturpedagogik.se\/?cat=1"},"img":{"alt_text":"","src":"https:\/\/i0.wp.com\/media1.kulturpedagogik.se\/2017\/04\/img_5731.jpg?resize=350%2C200","width":350,"height":200,"srcset":"https:\/\/i0.wp.com\/media1.kulturpedagogik.se\/2017\/04\/img_5731.jpg?resize=350%2C200 1x, https:\/\/i0.wp.com\/media1.kulturpedagogik.se\/2017\/04\/img_5731.jpg?resize=525%2C300 1.5x"},"classes":[]}],"_links":{"self":[{"href":"https:\/\/kulturpedagogik.se\/index.php?rest_route=\/wp\/v2\/posts\/389","targetHints":{"allow":["GET"]}}],"collection":[{"href":"https:\/\/kulturpedagogik.se\/index.php?rest_route=\/wp\/v2\/posts"}],"about":[{"href":"https:\/\/kulturpedagogik.se\/index.php?rest_route=\/wp\/v2\/types\/post"}],"author":[{"embeddable":true,"href":"https:\/\/kulturpedagogik.se\/index.php?rest_route=\/wp\/v2\/users\/1"}],"replies":[{"embeddable":true,"href":"https:\/\/kulturpedagogik.se\/index.php?rest_route=%2Fwp%2Fv2%2Fcomments&post=389"}],"version-history":[{"count":4,"href":"https:\/\/kulturpedagogik.se\/index.php?rest_route=\/wp\/v2\/posts\/389\/revisions"}],"predecessor-version":[{"id":395,"href":"https:\/\/kulturpedagogik.se\/index.php?rest_route=\/wp\/v2\/posts\/389\/revisions\/395"}],"wp:attachment":[{"href":"https:\/\/kulturpedagogik.se\/index.php?rest_route=%2Fwp%2Fv2%2Fmedia&parent=389"}],"wp:term":[{"taxonomy":"category","embeddable":true,"href":"https:\/\/kulturpedagogik.se\/index.php?rest_route=%2Fwp%2Fv2%2Fcategories&post=389"},{"taxonomy":"post_tag","embeddable":true,"href":"https:\/\/kulturpedagogik.se\/index.php?rest_route=%2Fwp%2Fv2%2Ftags&post=389"}],"curies":[{"name":"wp","href":"https:\/\/api.w.org\/{rel}","templated":true}]}}