{"id":3644,"date":"2018-03-28T18:05:09","date_gmt":"2018-03-28T18:05:09","guid":{"rendered":"http:\/\/kulturpedagogik.se\/?p=3644"},"modified":"2018-04-17T19:22:29","modified_gmt":"2018-04-17T19:22:29","slug":"tranor-i-tidningen-och-kreativa-djur","status":"publish","type":"post","link":"https:\/\/kulturpedagogik.se\/?p=3644","title":{"rendered":"Tranor i tidningen och kreativa djur"},"content":{"rendered":"<p><img data-recalc-dims=\"1\" loading=\"lazy\" decoding=\"async\" class=\"wp-image-3640 size-full\" src=\"https:\/\/i0.wp.com\/media1.kulturpedagogik.se\/2018\/03\/img_7574.jpg?resize=860%2C645\" width=\"860\" height=\"645\" srcset=\"https:\/\/i0.wp.com\/media1.kulturpedagogik.se\/2018\/03\/img_7574.jpg?w=3264&amp;ssl=1 3264w, https:\/\/i0.wp.com\/media1.kulturpedagogik.se\/2018\/03\/img_7574.jpg?resize=150%2C113&amp;ssl=1 150w, https:\/\/i0.wp.com\/media1.kulturpedagogik.se\/2018\/03\/img_7574.jpg?resize=300%2C225&amp;ssl=1 300w, https:\/\/i0.wp.com\/media1.kulturpedagogik.se\/2018\/03\/img_7574.jpg?resize=768%2C576&amp;ssl=1 768w, https:\/\/i0.wp.com\/media1.kulturpedagogik.se\/2018\/03\/img_7574.jpg?resize=1365%2C1024&amp;ssl=1 1365w, https:\/\/i0.wp.com\/media1.kulturpedagogik.se\/2018\/03\/img_7574.jpg?resize=560%2C420&amp;ssl=1 560w, https:\/\/i0.wp.com\/media1.kulturpedagogik.se\/2018\/03\/img_7574.jpg?resize=260%2C195&amp;ssl=1 260w, https:\/\/i0.wp.com\/media1.kulturpedagogik.se\/2018\/03\/img_7574.jpg?resize=160%2C120&amp;ssl=1 160w, https:\/\/i0.wp.com\/media1.kulturpedagogik.se\/2018\/03\/img_7574.jpg?w=1720 1720w, https:\/\/i0.wp.com\/media1.kulturpedagogik.se\/2018\/03\/img_7574.jpg?w=2580 2580w\" sizes=\"auto, (max-width: 860px) 100vw, 860px\" \/>Idag l\u00e4ste vi en liten artikel i Nyn\u00e4shamnsposten f\u00f6r barnen i samlingen och pratade lite om flyttf\u00e5glar och hur de kan navigera. Texten handlade om tranor som b\u00f6rjat anl\u00e4nda till v\u00e5r lokala f\u00e5gelsj\u00f6. S\u00e5 spinner vi vidare p\u00e5 v\u00e5rt tema om v\u00e5ren och vattnets kretslopp som jag skrivit om <a href=\"http:\/\/kulturpedagogik.se\/?p=3597\">h\u00e4r<\/a>. Samtidigt bekantar vi oss med den lokala pressen och vi L\u00c4SER och visar nyttan med det. <img data-recalc-dims=\"1\" loading=\"lazy\" decoding=\"async\" class=\"wp-image-3646 size-full\" src=\"https:\/\/i0.wp.com\/media1.kulturpedagogik.se\/2018\/03\/img_7576-1.jpg?resize=854%2C640\" width=\"854\" height=\"640\" srcset=\"https:\/\/i0.wp.com\/media1.kulturpedagogik.se\/2018\/03\/img_7576-1.jpg?w=854&amp;ssl=1 854w, https:\/\/i0.wp.com\/media1.kulturpedagogik.se\/2018\/03\/img_7576-1.jpg?resize=150%2C112&amp;ssl=1 150w, https:\/\/i0.wp.com\/media1.kulturpedagogik.se\/2018\/03\/img_7576-1.jpg?resize=300%2C225&amp;ssl=1 300w, https:\/\/i0.wp.com\/media1.kulturpedagogik.se\/2018\/03\/img_7576-1.jpg?resize=768%2C576&amp;ssl=1 768w, https:\/\/i0.wp.com\/media1.kulturpedagogik.se\/2018\/03\/img_7576-1.jpg?resize=560%2C420&amp;ssl=1 560w, https:\/\/i0.wp.com\/media1.kulturpedagogik.se\/2018\/03\/img_7576-1.jpg?resize=260%2C195&amp;ssl=1 260w, https:\/\/i0.wp.com\/media1.kulturpedagogik.se\/2018\/03\/img_7576-1.jpg?resize=160%2C120&amp;ssl=1 160w\" sizes=\"auto, (max-width: 854px) 100vw, 854px\" \/>H\u00e4rom dagen var det en pojke som visade en sten i samlingen som liknade en yxa. D\u00e4rf\u00f6r tittade vi idag ocks\u00e5 lite p\u00e5 en flintasten och en 3000 \u00e5r gammal spjutspets som upphittats vi samma f\u00e5gelsj\u00f6. En sj\u00f6 som vi ska bes\u00f6ka med barnen senare i v\u00e5r f\u00f6r att uppt\u00e4cka v\u00e5r n\u00e4rmilj\u00f6 (Lgr 11). Vi t\u00e4nker att vi m\u00e5ste visa barnen v\u00e5ra guldkorn i kommunen s\u00e5 att de f\u00e5r njuta av dem och l\u00e4r sig v\u00e4rna dem. <img data-recalc-dims=\"1\" loading=\"lazy\" decoding=\"async\" class=\"wp-image-3649 size-full\" src=\"https:\/\/i0.wp.com\/media1.kulturpedagogik.se\/2018\/03\/img_7581.jpg?resize=860%2C1147\" width=\"860\" height=\"1147\" srcset=\"https:\/\/i0.wp.com\/media1.kulturpedagogik.se\/2018\/03\/img_7581.jpg?w=2448&amp;ssl=1 2448w, https:\/\/i0.wp.com\/media1.kulturpedagogik.se\/2018\/03\/img_7581.jpg?resize=113%2C150&amp;ssl=1 113w, https:\/\/i0.wp.com\/media1.kulturpedagogik.se\/2018\/03\/img_7581.jpg?resize=225%2C300&amp;ssl=1 225w, https:\/\/i0.wp.com\/media1.kulturpedagogik.se\/2018\/03\/img_7581.jpg?resize=768%2C1024&amp;ssl=1 768w, https:\/\/i0.wp.com\/media1.kulturpedagogik.se\/2018\/03\/img_7581.jpg?resize=560%2C747&amp;ssl=1 560w, https:\/\/i0.wp.com\/media1.kulturpedagogik.se\/2018\/03\/img_7581.jpg?resize=260%2C347&amp;ssl=1 260w, https:\/\/i0.wp.com\/media1.kulturpedagogik.se\/2018\/03\/img_7581.jpg?resize=160%2C213&amp;ssl=1 160w, https:\/\/i0.wp.com\/media1.kulturpedagogik.se\/2018\/03\/img_7581.jpg?w=1720 1720w\" sizes=\"auto, (max-width: 860px) 100vw, 860px\" \/>Sedan tog vi oss iv\u00e4g f\u00f6r att titta p\u00e5 mimteater. Riksteatern spelade &#8221;Faunan och jag&#8221; om djur. I den fick vi sk\u00e4rsk\u00e5da djurens r\u00f6relsem\u00f6nster med humor och musik som uppskattades av barnen. Men f\u00f6rest\u00e4llningen tog ocks\u00e5 upp att vi m\u00e4nniskor ocks\u00e5 \u00e4r djur. Och d\u00e5 vi v\u00e4ntade utanf\u00f6r i v\u00e5rsolen var det p\u00e5tagligt vilket s\u00e4rdeles kreativt djur m\u00e4nniskan \u00e4r. P\u00e5 den uttj\u00e4nta tennisbanan utvecklades pl\u00f6tsligt en ny sport i solskenet d\u00e5 en skock barn b\u00f6rjade jaga en isbit tillsammans. \u00c4r det inte sinnebilden av m\u00e4nskligt liv? &#8211; kreativitet och samarbete f\u00f6r gemenskap.<\/p>\n<p><img data-recalc-dims=\"1\" loading=\"lazy\" decoding=\"async\" class=\"wp-image-3650 size-full\" src=\"https:\/\/i0.wp.com\/media1.kulturpedagogik.se\/2018\/03\/img_7579-2.jpg?resize=860%2C645\" width=\"860\" height=\"645\" srcset=\"https:\/\/i0.wp.com\/media1.kulturpedagogik.se\/2018\/03\/img_7579-2.jpg?w=3264&amp;ssl=1 3264w, https:\/\/i0.wp.com\/media1.kulturpedagogik.se\/2018\/03\/img_7579-2.jpg?resize=150%2C113&amp;ssl=1 150w, https:\/\/i0.wp.com\/media1.kulturpedagogik.se\/2018\/03\/img_7579-2.jpg?resize=300%2C225&amp;ssl=1 300w, https:\/\/i0.wp.com\/media1.kulturpedagogik.se\/2018\/03\/img_7579-2.jpg?resize=768%2C576&amp;ssl=1 768w, https:\/\/i0.wp.com\/media1.kulturpedagogik.se\/2018\/03\/img_7579-2.jpg?resize=1365%2C1024&amp;ssl=1 1365w, https:\/\/i0.wp.com\/media1.kulturpedagogik.se\/2018\/03\/img_7579-2.jpg?resize=560%2C420&amp;ssl=1 560w, https:\/\/i0.wp.com\/media1.kulturpedagogik.se\/2018\/03\/img_7579-2.jpg?resize=260%2C195&amp;ssl=1 260w, https:\/\/i0.wp.com\/media1.kulturpedagogik.se\/2018\/03\/img_7579-2.jpg?resize=160%2C120&amp;ssl=1 160w, https:\/\/i0.wp.com\/media1.kulturpedagogik.se\/2018\/03\/img_7579-2.jpg?w=1720 1720w, https:\/\/i0.wp.com\/media1.kulturpedagogik.se\/2018\/03\/img_7579-2.jpg?w=2580 2580w\" sizes=\"auto, (max-width: 860px) 100vw, 860px\" \/><\/p>\n","protected":false},"excerpt":{"rendered":"<p>Idag l&auml;ste vi en liten artikel i Nyn&auml;shamnsposten f&ouml;r barnen i samlingen och pratade lite om flyttf&aring;glar och hur de kan navigera. Texten handlade om tranor som b&ouml;rjat anl&auml;nda till v&aring;r lokala f&aring;gelsj&ouml;. S&aring; spinner vi vidare p&aring; v&aring;rt tema&hellip;<\/p>\n<p class=\"more-link-p\"><a class=\"more-link\" href=\"https:\/\/kulturpedagogik.se\/?p=3644\">Read more &rarr;<\/a><\/p>\n","protected":false},"author":1,"featured_media":3640,"comment_status":"open","ping_status":"open","sticky":false,"template":"","format":"standard","meta":{"jetpack_post_was_ever_published":false,"_jetpack_newsletter_access":"","_jetpack_dont_email_post_to_subs":false,"_jetpack_newsletter_tier_id":0,"_jetpack_memberships_contains_paywalled_content":false,"_jetpack_memberships_contains_paid_content":false,"footnotes":"","jetpack_publicize_message":"","jetpack_publicize_feature_enabled":true,"jetpack_social_post_already_shared":true,"jetpack_social_options":{"image_generator_settings":{"template":"highway","default_image_id":0,"font":"","enabled":false},"version":2}},"categories":[1],"tags":[41,36,20,13,8,37],"class_list":["post-3644","post","type-post","status-publish","format-standard","has-post-thumbnail","hentry","category-ar-1-3","tag-lek","tag-naturpedagogik","tag-no","tag-svenska","tag-teater","tag-tema"],"jetpack_publicize_connections":[],"jetpack_featured_media_url":"https:\/\/i0.wp.com\/media1.kulturpedagogik.se\/2018\/03\/img_7574.jpg?fit=3264%2C2448&ssl=1","jetpack_sharing_enabled":true,"jetpack_shortlink":"https:\/\/wp.me\/p7YLN2-WM","jetpack-related-posts":[{"id":2589,"url":"https:\/\/kulturpedagogik.se\/?p=2589","url_meta":{"origin":3644,"position":0},"title":"Bokst\u00e4ver blir ord","author":"Maria B Hurtig","date":"27 september, 2017","format":false,"excerpt":"Jag har skrivit om hur vi jobbat tematiskt med bokst\u00e4ver bl.a. h\u00e4r. N\u00e4r vi nu hunnit med n\u00e5gra stycken s\u00e5 har det blivit dags att f\u00f6rvandla dem till ord. Det gjorde vi idag med hj\u00e4lp av b\u00e5de EPA (enskilt, par, alla) och STL (skriva sig till l\u00e4sning p\u00e5 iPad). Jag\u2026","rel":"","context":"I \u201d\u00c5r F-3\u201d","block_context":{"text":"\u00c5r F-3","link":"https:\/\/kulturpedagogik.se\/?cat=1"},"img":{"alt_text":"","src":"https:\/\/i0.wp.com\/media1.kulturpedagogik.se\/2017\/09\/img_6574.jpg?fit=1200%2C900&ssl=1&resize=350%2C200","width":350,"height":200,"srcset":"https:\/\/i0.wp.com\/media1.kulturpedagogik.se\/2017\/09\/img_6574.jpg?fit=1200%2C900&ssl=1&resize=350%2C200 1x, https:\/\/i0.wp.com\/media1.kulturpedagogik.se\/2017\/09\/img_6574.jpg?fit=1200%2C900&ssl=1&resize=525%2C300 1.5x, https:\/\/i0.wp.com\/media1.kulturpedagogik.se\/2017\/09\/img_6574.jpg?fit=1200%2C900&ssl=1&resize=700%2C400 2x, https:\/\/i0.wp.com\/media1.kulturpedagogik.se\/2017\/09\/img_6574.jpg?fit=1200%2C900&ssl=1&resize=1050%2C600 3x"},"classes":[]},{"id":2571,"url":"https:\/\/kulturpedagogik.se\/?p=2571","url_meta":{"origin":3644,"position":1},"title":"Tema h\u00e4lsa &#8211; med start i skogen","author":"Maria B Hurtig","date":"26 september, 2017","format":false,"excerpt":"Att det \u00e4r h\u00e4lsosamt med utomhuspedagogik understr\u00f6ks p\u00e5 konferensen \"Ute \u00e4r inne\" som jag skrivit om h\u00e4r. I Cecilia Boldemans f\u00f6rel\u00e4sning redovisades att utomhusmilj\u00f6n kan vara h\u00e4lsobringande d\u00e5 den uppmuntrar till r\u00f6relse samtidigt som den kan bringa ro, dvs motverka stress. N\u00e5got som efterfr\u00e5gas i en stressig tid med mycket\u2026","rel":"","context":"I \u201d\u00c5r F-3\u201d","block_context":{"text":"\u00c5r F-3","link":"https:\/\/kulturpedagogik.se\/?cat=1"},"img":{"alt_text":"","src":"https:\/\/i0.wp.com\/media1.kulturpedagogik.se\/2017\/09\/img_6541.jpg?fit=1200%2C900&ssl=1&resize=350%2C200","width":350,"height":200,"srcset":"https:\/\/i0.wp.com\/media1.kulturpedagogik.se\/2017\/09\/img_6541.jpg?fit=1200%2C900&ssl=1&resize=350%2C200 1x, https:\/\/i0.wp.com\/media1.kulturpedagogik.se\/2017\/09\/img_6541.jpg?fit=1200%2C900&ssl=1&resize=525%2C300 1.5x, https:\/\/i0.wp.com\/media1.kulturpedagogik.se\/2017\/09\/img_6541.jpg?fit=1200%2C900&ssl=1&resize=700%2C400 2x, https:\/\/i0.wp.com\/media1.kulturpedagogik.se\/2017\/09\/img_6541.jpg?fit=1200%2C900&ssl=1&resize=1050%2C600 3x"},"classes":[]},{"id":2808,"url":"https:\/\/kulturpedagogik.se\/?p=2808","url_meta":{"origin":3644,"position":2},"title":"FN, faddrar och gemenskap","author":"Maria B Hurtig","date":"24 oktober, 2017","format":false,"excerpt":"Idag firade vi FN-dagen tillsammans med v\u00e5ra faddrar i \u00e5k 3 och sj\u00f6ng ihop med alla F-3. Det blev en h\u00f6gtidsstund f\u00f6r b\u00e5de stora och sm\u00e5. I F-klassen jublade barnen redan i samlingen d\u00e5 vi gick igenom dagens schema och tog upp att vi skulle tr\u00e4ffa faddrarna. D\u00e5 vi v\u00e4l\u2026","rel":"","context":"I \u201d\u00c5r F-3\u201d","block_context":{"text":"\u00c5r F-3","link":"https:\/\/kulturpedagogik.se\/?cat=1"},"img":{"alt_text":"","src":"https:\/\/i0.wp.com\/media1.kulturpedagogik.se\/2017\/10\/img_6732.jpg?fit=900%2C1200&ssl=1&resize=350%2C200","width":350,"height":200,"srcset":"https:\/\/i0.wp.com\/media1.kulturpedagogik.se\/2017\/10\/img_6732.jpg?fit=900%2C1200&ssl=1&resize=350%2C200 1x, https:\/\/i0.wp.com\/media1.kulturpedagogik.se\/2017\/10\/img_6732.jpg?fit=900%2C1200&ssl=1&resize=525%2C300 1.5x, https:\/\/i0.wp.com\/media1.kulturpedagogik.se\/2017\/10\/img_6732.jpg?fit=900%2C1200&ssl=1&resize=700%2C400 2x"},"classes":[]},{"id":2656,"url":"https:\/\/kulturpedagogik.se\/?p=2656","url_meta":{"origin":3644,"position":3},"title":"Spr\u00e5kutvecklande musik f\u00f6r alla","author":"Maria B Hurtig","date":"6 oktober, 2017","format":false,"excerpt":"I den gamla folkskolan skulle l\u00e4raren vara musikalisk och sk\u00f6tsam f\u00f6r att f\u00e5 jobb. D\u00e5 hade inte jag platsat pga bristande musikalitet \u00e4r jag r\u00e4dd. Nu f\u00f6r tiden har vi (digitala) hj\u00e4lpmedel f\u00f6r att kunna spela och sjunga i klassrummet \u00e4ven om vi inte sj\u00e4lva trakterar instrument. Det \u00e4r tur\u2026","rel":"","context":"I \u201d\u00c5r F-3\u201d","block_context":{"text":"\u00c5r F-3","link":"https:\/\/kulturpedagogik.se\/?cat=1"},"img":{"alt_text":"","src":"https:\/\/i0.wp.com\/media1.kulturpedagogik.se\/2017\/10\/img_6626.jpg?fit=1200%2C900&ssl=1&resize=350%2C200","width":350,"height":200,"srcset":"https:\/\/i0.wp.com\/media1.kulturpedagogik.se\/2017\/10\/img_6626.jpg?fit=1200%2C900&ssl=1&resize=350%2C200 1x, https:\/\/i0.wp.com\/media1.kulturpedagogik.se\/2017\/10\/img_6626.jpg?fit=1200%2C900&ssl=1&resize=525%2C300 1.5x, https:\/\/i0.wp.com\/media1.kulturpedagogik.se\/2017\/10\/img_6626.jpg?fit=1200%2C900&ssl=1&resize=700%2C400 2x, https:\/\/i0.wp.com\/media1.kulturpedagogik.se\/2017\/10\/img_6626.jpg?fit=1200%2C900&ssl=1&resize=1050%2C600 3x"},"classes":[]},{"id":2886,"url":"https:\/\/kulturpedagogik.se\/?p=2886","url_meta":{"origin":3644,"position":4},"title":"Vi b\u00f6rjar med centimeter","author":"Maria B Hurtig","date":"21 november, 2017","format":false,"excerpt":"P\u00e5 senaste tiden har vi b\u00f6rjat med att ta upp centimeter i F-klassen. Tidigare har vi pratat en hel del om meter och haft en del m\u00e4t\u00f6vningar och lekar kring det som jag skrivit om h\u00e4r. Men innan vi m\u00e4tte med meter s\u00e5 m\u00e4tte vi ocks\u00e5 med kottar som jag\u2026","rel":"","context":"I \u201d\u00c5r F-3\u201d","block_context":{"text":"\u00c5r F-3","link":"https:\/\/kulturpedagogik.se\/?cat=1"},"img":{"alt_text":"","src":"https:\/\/i0.wp.com\/media1.kulturpedagogik.se\/2017\/11\/img_6961.jpg?fit=900%2C1200&ssl=1&resize=350%2C200","width":350,"height":200,"srcset":"https:\/\/i0.wp.com\/media1.kulturpedagogik.se\/2017\/11\/img_6961.jpg?fit=900%2C1200&ssl=1&resize=350%2C200 1x, https:\/\/i0.wp.com\/media1.kulturpedagogik.se\/2017\/11\/img_6961.jpg?fit=900%2C1200&ssl=1&resize=525%2C300 1.5x, https:\/\/i0.wp.com\/media1.kulturpedagogik.se\/2017\/11\/img_6961.jpg?fit=900%2C1200&ssl=1&resize=700%2C400 2x"},"classes":[]},{"id":3432,"url":"https:\/\/kulturpedagogik.se\/?p=3432","url_meta":{"origin":3644,"position":5},"title":"Verkstad kring planeterna","author":"Maria B Hurtig","date":"9 februari, 2018","format":false,"excerpt":"Vi jobbar med tema rymden som jag skrivit om h\u00e4r. Barnen b\u00f6rjar nu f\u00e5 grepp om en hel del kring v\u00e5rt solsystem. F\u00f6r att bef\u00e4sta kunskapen och variera oss jobbade vi ig\u00e5r med att f\u00e4rgl\u00e4gga, klippa ut och klistra upp planeterna p\u00e5 en svart bakgrund. En sorts modell. Denna tillverkades\u2026","rel":"","context":"I \u201d\u00c5r F-3\u201d","block_context":{"text":"\u00c5r F-3","link":"https:\/\/kulturpedagogik.se\/?cat=1"},"img":{"alt_text":"","src":"https:\/\/i0.wp.com\/media1.kulturpedagogik.se\/2018\/02\/img_7331.jpg?fit=1200%2C900&ssl=1&resize=350%2C200","width":350,"height":200,"srcset":"https:\/\/i0.wp.com\/media1.kulturpedagogik.se\/2018\/02\/img_7331.jpg?fit=1200%2C900&ssl=1&resize=350%2C200 1x, https:\/\/i0.wp.com\/media1.kulturpedagogik.se\/2018\/02\/img_7331.jpg?fit=1200%2C900&ssl=1&resize=525%2C300 1.5x, https:\/\/i0.wp.com\/media1.kulturpedagogik.se\/2018\/02\/img_7331.jpg?fit=1200%2C900&ssl=1&resize=700%2C400 2x, https:\/\/i0.wp.com\/media1.kulturpedagogik.se\/2018\/02\/img_7331.jpg?fit=1200%2C900&ssl=1&resize=1050%2C600 3x"},"classes":[]}],"_links":{"self":[{"href":"https:\/\/kulturpedagogik.se\/index.php?rest_route=\/wp\/v2\/posts\/3644","targetHints":{"allow":["GET"]}}],"collection":[{"href":"https:\/\/kulturpedagogik.se\/index.php?rest_route=\/wp\/v2\/posts"}],"about":[{"href":"https:\/\/kulturpedagogik.se\/index.php?rest_route=\/wp\/v2\/types\/post"}],"author":[{"embeddable":true,"href":"https:\/\/kulturpedagogik.se\/index.php?rest_route=\/wp\/v2\/users\/1"}],"replies":[{"embeddable":true,"href":"https:\/\/kulturpedagogik.se\/index.php?rest_route=%2Fwp%2Fv2%2Fcomments&post=3644"}],"version-history":[{"count":4,"href":"https:\/\/kulturpedagogik.se\/index.php?rest_route=\/wp\/v2\/posts\/3644\/revisions"}],"predecessor-version":[{"id":3714,"href":"https:\/\/kulturpedagogik.se\/index.php?rest_route=\/wp\/v2\/posts\/3644\/revisions\/3714"}],"wp:featuredmedia":[{"embeddable":true,"href":"https:\/\/kulturpedagogik.se\/index.php?rest_route=\/wp\/v2\/media\/3640"}],"wp:attachment":[{"href":"https:\/\/kulturpedagogik.se\/index.php?rest_route=%2Fwp%2Fv2%2Fmedia&parent=3644"}],"wp:term":[{"taxonomy":"category","embeddable":true,"href":"https:\/\/kulturpedagogik.se\/index.php?rest_route=%2Fwp%2Fv2%2Fcategories&post=3644"},{"taxonomy":"post_tag","embeddable":true,"href":"https:\/\/kulturpedagogik.se\/index.php?rest_route=%2Fwp%2Fv2%2Ftags&post=3644"}],"curies":[{"name":"wp","href":"https:\/\/api.w.org\/{rel}","templated":true}]}}