{"id":3638,"date":"2018-03-27T11:06:08","date_gmt":"2018-03-27T11:06:08","guid":{"rendered":"http:\/\/kulturpedagogik.se\/?p=3638"},"modified":"2018-04-17T19:23:54","modified_gmt":"2018-04-17T19:23:54","slug":"pasktupp-med-egen-stil","status":"publish","type":"post","link":"https:\/\/kulturpedagogik.se\/?p=3638","title":{"rendered":"P\u00e5sktupp med egen stil"},"content":{"rendered":"<p><img data-recalc-dims=\"1\" loading=\"lazy\" decoding=\"async\" class=\"wp-image-3636 size-full\" src=\"https:\/\/i0.wp.com\/media1.kulturpedagogik.se\/2018\/03\/img_7572.jpg?resize=860%2C645\" width=\"860\" height=\"645\" srcset=\"https:\/\/i0.wp.com\/media1.kulturpedagogik.se\/2018\/03\/img_7572.jpg?w=3264&amp;ssl=1 3264w, https:\/\/i0.wp.com\/media1.kulturpedagogik.se\/2018\/03\/img_7572.jpg?resize=150%2C113&amp;ssl=1 150w, https:\/\/i0.wp.com\/media1.kulturpedagogik.se\/2018\/03\/img_7572.jpg?resize=300%2C225&amp;ssl=1 300w, https:\/\/i0.wp.com\/media1.kulturpedagogik.se\/2018\/03\/img_7572.jpg?resize=768%2C576&amp;ssl=1 768w, https:\/\/i0.wp.com\/media1.kulturpedagogik.se\/2018\/03\/img_7572.jpg?resize=1365%2C1024&amp;ssl=1 1365w, https:\/\/i0.wp.com\/media1.kulturpedagogik.se\/2018\/03\/img_7572.jpg?resize=560%2C420&amp;ssl=1 560w, https:\/\/i0.wp.com\/media1.kulturpedagogik.se\/2018\/03\/img_7572.jpg?resize=260%2C195&amp;ssl=1 260w, https:\/\/i0.wp.com\/media1.kulturpedagogik.se\/2018\/03\/img_7572.jpg?resize=160%2C120&amp;ssl=1 160w, https:\/\/i0.wp.com\/media1.kulturpedagogik.se\/2018\/03\/img_7572.jpg?w=1720 1720w, https:\/\/i0.wp.com\/media1.kulturpedagogik.se\/2018\/03\/img_7572.jpg?w=2580 2580w\" sizes=\"auto, (max-width: 860px) 100vw, 860px\" \/><\/p>\n<p>Vi har gjort en tupp tillsammans i f\u00f6rskoleklassen. En ide som jag fick ifr\u00e5n min kollega Therese Fredriksson som gjort en liknande med sin klass. Hos oss har vi anv\u00e4nt kladdkrita och vattenf\u00e4rg och d\u00e5 blir fj\u00e4drarna alldeles s\u00e4rdeles f\u00e4rggranna och olika. Processen \u00e4r n\u00e4mligen lite sv\u00e5rkontrollerad och det blir lite som det blir. Barnen blev mycket n\u00f6jda och tuppen blev grann hur som helst. <img data-recalc-dims=\"1\" loading=\"lazy\" decoding=\"async\" class=\"wp-image-3637 size-full\" src=\"https:\/\/i0.wp.com\/media1.kulturpedagogik.se\/2018\/03\/img_7573.jpg?resize=860%2C1147\" width=\"860\" height=\"1147\" srcset=\"https:\/\/i0.wp.com\/media1.kulturpedagogik.se\/2018\/03\/img_7573.jpg?w=2448&amp;ssl=1 2448w, https:\/\/i0.wp.com\/media1.kulturpedagogik.se\/2018\/03\/img_7573.jpg?resize=113%2C150&amp;ssl=1 113w, https:\/\/i0.wp.com\/media1.kulturpedagogik.se\/2018\/03\/img_7573.jpg?resize=225%2C300&amp;ssl=1 225w, https:\/\/i0.wp.com\/media1.kulturpedagogik.se\/2018\/03\/img_7573.jpg?resize=768%2C1024&amp;ssl=1 768w, https:\/\/i0.wp.com\/media1.kulturpedagogik.se\/2018\/03\/img_7573.jpg?resize=560%2C747&amp;ssl=1 560w, https:\/\/i0.wp.com\/media1.kulturpedagogik.se\/2018\/03\/img_7573.jpg?resize=260%2C347&amp;ssl=1 260w, https:\/\/i0.wp.com\/media1.kulturpedagogik.se\/2018\/03\/img_7573.jpg?resize=160%2C213&amp;ssl=1 160w, https:\/\/i0.wp.com\/media1.kulturpedagogik.se\/2018\/03\/img_7573.jpg?w=1720 1720w\" sizes=\"auto, (max-width: 860px) 100vw, 860px\" \/><\/p>\n","protected":false},"excerpt":{"rendered":"<p>Vi har gjort en tupp tillsammans i f&ouml;rskoleklassen. En ide som jag fick ifr&aring;n min kollega Therese Fredriksson som gjort en liknande med sin klass. Hos oss har vi anv&auml;nt kladdkrita och vattenf&auml;rg och d&aring; blir fj&auml;drarna alldeles s&auml;rdeles f&auml;rggranna&hellip;<\/p>\n<p class=\"more-link-p\"><a class=\"more-link\" href=\"https:\/\/kulturpedagogik.se\/?p=3638\">Read more &rarr;<\/a><\/p>\n","protected":false},"author":1,"featured_media":3636,"comment_status":"open","ping_status":"open","sticky":false,"template":"","format":"standard","meta":{"jetpack_post_was_ever_published":false,"_jetpack_newsletter_access":"","_jetpack_dont_email_post_to_subs":false,"_jetpack_newsletter_tier_id":0,"_jetpack_memberships_contains_paywalled_content":false,"_jetpack_memberships_contains_paid_content":false,"footnotes":"","jetpack_publicize_message":"","jetpack_publicize_feature_enabled":true,"jetpack_social_post_already_shared":true,"jetpack_social_options":{"image_generator_settings":{"template":"highway","default_image_id":0,"font":"","enabled":false},"version":2}},"categories":[1],"tags":[28,39,18],"class_list":["post-3638","post","type-post","status-publish","format-standard","has-post-thumbnail","hentry","category-ar-1-3","tag-bild","tag-inkluderande","tag-interkulturalitet"],"jetpack_publicize_connections":[],"jetpack_featured_media_url":"https:\/\/i0.wp.com\/media1.kulturpedagogik.se\/2018\/03\/img_7572.jpg?fit=3264%2C2448&ssl=1","jetpack_sharing_enabled":true,"jetpack_shortlink":"https:\/\/wp.me\/p7YLN2-WG","jetpack-related-posts":[{"id":754,"url":"https:\/\/kulturpedagogik.se\/?p=754","url_meta":{"origin":3638,"position":0},"title":"Klippa o klistra &#8211; bokst\u00e4ver","author":"Maria B Hurtig","date":"6 december, 2014","format":false,"excerpt":"Nu jobbat vi p\u00e5 f\u00f6rskolan som den gamle Matisse. Vi klipper och klistrar f\u00e4rgat papper. Den h\u00e4r g\u00e5ngen blev det bokst\u00e4ver.","rel":"","context":"I \u201d\u00c5r F-3\u201d","block_context":{"text":"\u00c5r F-3","link":"https:\/\/kulturpedagogik.se\/?cat=1"},"img":{"alt_text":"","src":"https:\/\/i0.wp.com\/media1.kulturpedagogik.se\/2014\/12\/IMG_2240-0.jpg?fit=1200%2C900&ssl=1&resize=350%2C200","width":350,"height":200,"srcset":"https:\/\/i0.wp.com\/media1.kulturpedagogik.se\/2014\/12\/IMG_2240-0.jpg?fit=1200%2C900&ssl=1&resize=350%2C200 1x, https:\/\/i0.wp.com\/media1.kulturpedagogik.se\/2014\/12\/IMG_2240-0.jpg?fit=1200%2C900&ssl=1&resize=525%2C300 1.5x, https:\/\/i0.wp.com\/media1.kulturpedagogik.se\/2014\/12\/IMG_2240-0.jpg?fit=1200%2C900&ssl=1&resize=700%2C400 2x, https:\/\/i0.wp.com\/media1.kulturpedagogik.se\/2014\/12\/IMG_2240-0.jpg?fit=1200%2C900&ssl=1&resize=1050%2C600 3x"},"classes":[]},{"id":4697,"url":"https:\/\/kulturpedagogik.se\/?p=4697","url_meta":{"origin":3638,"position":1},"title":"Vad \u00e4r en vad? Lyckan att lyckas i tema kroppen","author":"Maria B Hurtig","date":"18 november, 2019","format":false,"excerpt":"I den allm\u00e4nna debatten kring svensk skola talas ofta om att l\u00e4rare sysslar f\u00f6r mycket med administration och f\u00f6r lite med undervisning. S\u00e4rskilt under arbetslagsm\u00f6te kan tal om administration komma att dominera \u00e4r min erfarenhet. Det kan vara f\u00f6r\u00f6dande f\u00f6r l\u00e4rares lust och inspiration d\u00e5 de i allm\u00e4nhet brinner f\u00f6r\u2026","rel":"","context":"I \u201d\u00c5r F-3\u201d","block_context":{"text":"\u00c5r F-3","link":"https:\/\/kulturpedagogik.se\/?cat=1"},"img":{"alt_text":"","src":"https:\/\/i0.wp.com\/media1.kulturpedagogik.se\/2019\/11\/img_0873-1.jpg?fit=1200%2C900&ssl=1&resize=350%2C200","width":350,"height":200,"srcset":"https:\/\/i0.wp.com\/media1.kulturpedagogik.se\/2019\/11\/img_0873-1.jpg?fit=1200%2C900&ssl=1&resize=350%2C200 1x, https:\/\/i0.wp.com\/media1.kulturpedagogik.se\/2019\/11\/img_0873-1.jpg?fit=1200%2C900&ssl=1&resize=525%2C300 1.5x, https:\/\/i0.wp.com\/media1.kulturpedagogik.se\/2019\/11\/img_0873-1.jpg?fit=1200%2C900&ssl=1&resize=700%2C400 2x, https:\/\/i0.wp.com\/media1.kulturpedagogik.se\/2019\/11\/img_0873-1.jpg?fit=1200%2C900&ssl=1&resize=1050%2C600 3x"},"classes":[]},{"id":2994,"url":"https:\/\/kulturpedagogik.se\/?p=2994","url_meta":{"origin":3638,"position":2},"title":"Julgran som luciapyssel","author":"Maria B Hurtig","date":"18 december, 2017","format":false,"excerpt":"Varje \u00e5r efter luciat\u00e5get pysslar vi. Det har blivit tradition. I \u00e5r var luciat\u00e5get mycket fint och en pojke i f\u00f6rskoleklassen menade att han f\u00e5tt en t\u00e5r i \u00f6gat!! \u00c5rets luciapyssel blev en julgran. Vi k\u00f6pte in papperskoner och piprensare i guld och silver. Vi klippte lagom stora bitar av\u2026","rel":"","context":"I \u201d\u00c5r F-3\u201d","block_context":{"text":"\u00c5r F-3","link":"https:\/\/kulturpedagogik.se\/?cat=1"},"img":{"alt_text":"","src":"https:\/\/i0.wp.com\/media1.kulturpedagogik.se\/2017\/12\/img_7112.jpg?fit=607%2C455&ssl=1&resize=350%2C200","width":350,"height":200,"srcset":"https:\/\/i0.wp.com\/media1.kulturpedagogik.se\/2017\/12\/img_7112.jpg?fit=607%2C455&ssl=1&resize=350%2C200 1x, https:\/\/i0.wp.com\/media1.kulturpedagogik.se\/2017\/12\/img_7112.jpg?fit=607%2C455&ssl=1&resize=525%2C300 1.5x"},"classes":[]},{"id":3534,"url":"https:\/\/kulturpedagogik.se\/?p=3534","url_meta":{"origin":3638,"position":3},"title":"Sandvargen blir serie efter Bamsemodell","author":"Maria B Hurtig","date":"14 mars, 2018","format":false,"excerpt":"Vi har ett tema om serier p\u00e5 skolan den h\u00e4r veckan tillsammans med de \u00f6vriga klasserna F-3. D\u00e5 introducerar vi genren genom att tala om om hur serier fungerar och drar paralleller till film d\u00e5 ber\u00e4ttandet i de tv\u00e5 medierna har mycket gemensamt. Vi tittar p\u00e5 exempelbilder p\u00e5 ppt och\u2026","rel":"","context":"I \u201d\u00c5r F-3\u201d","block_context":{"text":"\u00c5r F-3","link":"https:\/\/kulturpedagogik.se\/?cat=1"},"img":{"alt_text":"","src":"https:\/\/i0.wp.com\/media1.kulturpedagogik.se\/2018\/03\/img_7510.jpg?fit=1200%2C900&ssl=1&resize=350%2C200","width":350,"height":200,"srcset":"https:\/\/i0.wp.com\/media1.kulturpedagogik.se\/2018\/03\/img_7510.jpg?fit=1200%2C900&ssl=1&resize=350%2C200 1x, https:\/\/i0.wp.com\/media1.kulturpedagogik.se\/2018\/03\/img_7510.jpg?fit=1200%2C900&ssl=1&resize=525%2C300 1.5x, https:\/\/i0.wp.com\/media1.kulturpedagogik.se\/2018\/03\/img_7510.jpg?fit=1200%2C900&ssl=1&resize=700%2C400 2x, https:\/\/i0.wp.com\/media1.kulturpedagogik.se\/2018\/03\/img_7510.jpg?fit=1200%2C900&ssl=1&resize=1050%2C600 3x"},"classes":[]},{"id":2057,"url":"https:\/\/kulturpedagogik.se\/?p=2057","url_meta":{"origin":3638,"position":4},"title":"Lek och faddrar i \u00f6verg\u00e5ngar","author":"Maria B Hurtig","date":"26 april, 2017","format":false,"excerpt":"Snart \u00e4r det sommar och sedan \u00e4r det nya barn som ska b\u00f6rja i F-klassen. K\u00e4nner vi dem r\u00e4tt har de redan b\u00f6rjat fundera. Hur ska det bli? Hur g\u00f6r man d\u00e4r? Vem blir min fr\u00f6ken? Var kan man leka? \u00d6verg\u00e5ngar \u00e4r viktiga och h\u00e4r kan vi f\u00f6rs\u00f6ka underl\u00e4tta f\u00f6r\u2026","rel":"","context":"I \u201d\u00c5r F-3\u201d","block_context":{"text":"\u00c5r F-3","link":"https:\/\/kulturpedagogik.se\/?cat=1"},"img":{"alt_text":"","src":"https:\/\/i0.wp.com\/media1.kulturpedagogik.se\/2017\/04\/img_5731.jpg?resize=350%2C200","width":350,"height":200,"srcset":"https:\/\/i0.wp.com\/media1.kulturpedagogik.se\/2017\/04\/img_5731.jpg?resize=350%2C200 1x, https:\/\/i0.wp.com\/media1.kulturpedagogik.se\/2017\/04\/img_5731.jpg?resize=525%2C300 1.5x"},"classes":[]},{"id":4424,"url":"https:\/\/kulturpedagogik.se\/?p=4424","url_meta":{"origin":3638,"position":5},"title":"Drama om p\u00e5sken","author":"Maria B Hurtig","date":"12 april, 2019","format":false,"excerpt":"Susanne \u00c5gren \u00e4r regiss\u00f6ren och undersk\u00f6terskan som blev l\u00e4rare. S\u00e5 h\u00e4r till P\u00e5sk har hon tagit hj\u00e4lp av sin specialkunskap och gjort ett litet kort drama med barnen i f\u00f6rsta klass f\u00f6r att gestalta de Abrahamitiska religionerna och deras p\u00e5skber\u00e4ttelser som de jobbat med i klassen. Kan ni gissa om\u2026","rel":"","context":"I \u201d\u00c5r F-3\u201d","block_context":{"text":"\u00c5r F-3","link":"https:\/\/kulturpedagogik.se\/?cat=1"},"img":{"alt_text":"","src":"https:\/\/i0.wp.com\/media1.kulturpedagogik.se\/2019\/04\/img_0196.jpg?fit=1200%2C900&ssl=1&resize=350%2C200","width":350,"height":200,"srcset":"https:\/\/i0.wp.com\/media1.kulturpedagogik.se\/2019\/04\/img_0196.jpg?fit=1200%2C900&ssl=1&resize=350%2C200 1x, https:\/\/i0.wp.com\/media1.kulturpedagogik.se\/2019\/04\/img_0196.jpg?fit=1200%2C900&ssl=1&resize=525%2C300 1.5x, https:\/\/i0.wp.com\/media1.kulturpedagogik.se\/2019\/04\/img_0196.jpg?fit=1200%2C900&ssl=1&resize=700%2C400 2x, https:\/\/i0.wp.com\/media1.kulturpedagogik.se\/2019\/04\/img_0196.jpg?fit=1200%2C900&ssl=1&resize=1050%2C600 3x"},"classes":[]}],"_links":{"self":[{"href":"https:\/\/kulturpedagogik.se\/index.php?rest_route=\/wp\/v2\/posts\/3638","targetHints":{"allow":["GET"]}}],"collection":[{"href":"https:\/\/kulturpedagogik.se\/index.php?rest_route=\/wp\/v2\/posts"}],"about":[{"href":"https:\/\/kulturpedagogik.se\/index.php?rest_route=\/wp\/v2\/types\/post"}],"author":[{"embeddable":true,"href":"https:\/\/kulturpedagogik.se\/index.php?rest_route=\/wp\/v2\/users\/1"}],"replies":[{"embeddable":true,"href":"https:\/\/kulturpedagogik.se\/index.php?rest_route=%2Fwp%2Fv2%2Fcomments&post=3638"}],"version-history":[{"count":2,"href":"https:\/\/kulturpedagogik.se\/index.php?rest_route=\/wp\/v2\/posts\/3638\/revisions"}],"predecessor-version":[{"id":3715,"href":"https:\/\/kulturpedagogik.se\/index.php?rest_route=\/wp\/v2\/posts\/3638\/revisions\/3715"}],"wp:featuredmedia":[{"embeddable":true,"href":"https:\/\/kulturpedagogik.se\/index.php?rest_route=\/wp\/v2\/media\/3636"}],"wp:attachment":[{"href":"https:\/\/kulturpedagogik.se\/index.php?rest_route=%2Fwp%2Fv2%2Fmedia&parent=3638"}],"wp:term":[{"taxonomy":"category","embeddable":true,"href":"https:\/\/kulturpedagogik.se\/index.php?rest_route=%2Fwp%2Fv2%2Fcategories&post=3638"},{"taxonomy":"post_tag","embeddable":true,"href":"https:\/\/kulturpedagogik.se\/index.php?rest_route=%2Fwp%2Fv2%2Ftags&post=3638"}],"curies":[{"name":"wp","href":"https:\/\/api.w.org\/{rel}","templated":true}]}}