{"id":363,"date":"2013-03-24T19:54:12","date_gmt":"2013-03-24T19:54:12","guid":{"rendered":"http:\/\/kulturpedagogik.se\/?p=363"},"modified":"2021-01-30T08:43:59","modified_gmt":"2021-01-30T08:43:59","slug":"fotografer-for","status":"publish","type":"post","link":"https:\/\/kulturpedagogik.se\/?p=363","title":{"rendered":"Fotografier f\u00f6r f\u00f6rkovrat skrivande"},"content":{"rendered":"<figure id=\"attachment_364\" align=\"alignleft\" width=\"270\"><a href=\"http:\/\/kulturpedagogik.se\/?attachment_id=364\" rel=\"attachment wp-att-364\"><img data-recalc-dims=\"1\" loading=\"lazy\" decoding=\"async\" src=\"https:\/\/i0.wp.com\/media1.kulturpedagogik.se\/2013\/03\/Diane-Arbus-NYC-1966.jpg?resize=270%2C300\" class=\"size-medium wp-image-364\" width=\"270\" height=\"300\" alt=\"Diane Arbus A young man in curlers at home NYC1966\" srcset=\"https:\/\/i0.wp.com\/media1.kulturpedagogik.se\/2013\/03\/Diane-Arbus-NYC-1966.jpg?resize=270%2C300&amp;ssl=1 270w, https:\/\/i0.wp.com\/media1.kulturpedagogik.se\/2013\/03\/Diane-Arbus-NYC-1966.jpg?resize=135%2C150&amp;ssl=1 135w, https:\/\/i0.wp.com\/media1.kulturpedagogik.se\/2013\/03\/Diane-Arbus-NYC-1966.jpg?resize=923%2C1024&amp;ssl=1 923w, https:\/\/i0.wp.com\/media1.kulturpedagogik.se\/2013\/03\/Diane-Arbus-NYC-1966.jpg?resize=800%2C887&amp;ssl=1 800w, https:\/\/i0.wp.com\/media1.kulturpedagogik.se\/2013\/03\/Diane-Arbus-NYC-1966.jpg?w=1720 1720w\" sizes=\"auto, (max-width: 270px) 100vw, 270px\" \/><\/a> Diane Arbus A young man in curlers at home NYC1966<\/figure>\n<p style=\"text-align: justify\">I ton\u00e5ren fascinerades jag av Christer Str\u00f6mholms bilder p\u00e5 udda existenser. Jag tapetserade mitt rum med hans svart-vita foton som p\u00e5 den tiden trycktes i tidningen ETC.<\/p>\n<p style=\"text-align: justify\">N\u00e4r jag p\u00e5 senare \u00e5r jobbade med svenska i \u00e5rskurs 8 kom det en utst\u00e4llning till Moderna Museet d\u00e4r Str\u00f6mholms bilder st\u00e4lldes ut tillsammans med alster av Diane Arbus och Lisette Model. &nbsp;Jag t\u00e4nkte att bilderna kanske skulle falla mina elever i smaken. Sj\u00e4lv skrev jag en historia inspirerad av en bild som jag l\u00e4ste f\u00f6r dem. &nbsp;Jag hade n\u00e4mligen l\u00e4st att l\u00e4rares eget skrivande uppmuntrar elever.<\/p>\n<p style=\"text-align: justify\">Vi bes\u00f6kte utst\u00e4llningen och bilderna v\u00e4ckte stort intresse. P\u00e5 Moderna museet f\u00f6rundrades personalen \u00f6ver v\u00e5ra ton\u00e5ringar som p\u00e5 hopf\u00e4llbara museistolar satt framf\u00f6r varsin bild och antecknade frenetiskt. M\u00e5let var att f\u00e5 med sig en person- och en milj\u00f6beskrivning hem. Sedan skulle de skriva en kort historia som visade hur bilden av personen hade f\u00f6r\u00e4ndrats efter att de l\u00e4rt k\u00e4nna honom\/henne.<\/p>\n<p style=\"text-align: justify\">Efter bes\u00f6ket fick barnen tillf\u00e4lle att skriva koncentrerat f\u00f6r att avsluta uppgiften under en halvdag. De som hade f\u00f6rm\u00e5gan att arbeta sj\u00e4lvst\u00e4ndigt fick m\u00f6jlighet att arbeta hemifr\u00e5n och mejla sina alster. De som beh\u00f6vde st\u00f6d fick d\u00e4rmed mer tid och uppm\u00e4rksamhet fr\u00e5n oss l\u00e4rare vid skolans datorer.<\/p>\n<p style=\"text-align: justify\">Alla elever genomf\u00f6rde denna uppgift p\u00e5 ett utm\u00e4rkt s\u00e4tt och jag vill rekommendera &nbsp;liknande fotografier f\u00f6r \u00e5ldersgruppen f\u00f6r inspirerat skrivande. Utst\u00e4llningen p\u00e5 &nbsp;Moderna har sedan l\u00e4nge st\u00e4ngt men idag kan man s\u00f6ka efter bilderna p\u00e5 Google. Sl\u00e5 bara fotografens namn f\u00f6ljt av ordet photography och Sim sala bim! D\u00e4r har du ett otal&nbsp;inspirerade&nbsp;foton att skriva om.<\/p>\n<p style=\"text-align: justify\">S\u00f6k allts\u00e5 p\u00e5 Christer Str\u00f6mholm photography, Diane Arbus photography eller Lisette Model photography.<\/p>\n<p>F\u00f6r \u00f6vrigt vill jag ocks\u00e5 rekommendera er att g\u00e5 p\u00e5 museum med eleverna. En likv\u00e4rdig skola m\u00e5ste l\u00e4ra eleverna att dra nytta av sitt kulturarv.<\/p>\n<p>Jag bifogar min uppgift och historian som jag skrev.<\/p>\n<p><a href=\"http:\/\/kulturpedagogik.se\/?attachment_id=370\" rel=\"attachment wp-att-370\">l\u00e4rarhandledning svenska+bild p\u00e5 museum<\/a><\/p>\n<p><a href=\"http:\/\/kulturpedagogik.se\/?attachment_id=371\" rel=\"attachment wp-att-371\">Min v\u00e4n Gil &#8211; en historia utifr\u00e5n Arbus<\/a><\/p>\n","protected":false},"excerpt":{"rendered":"<p>Diane Arbus A young man in curlers at home NYC1966 I ton&aring;ren fascinerades jag av Christer Str&ouml;mholms bilder p&aring; udda existenser. Jag tapetserade mitt rum med hans svart-vita foton som p&aring; den tiden trycktes i tidningen ETC. N&auml;r jag p&aring;&hellip;<\/p>\n<p class=\"more-link-p\"><a class=\"more-link\" href=\"https:\/\/kulturpedagogik.se\/?p=363\">Read more &rarr;<\/a><\/p>\n","protected":false},"author":1,"featured_media":364,"comment_status":"open","ping_status":"open","sticky":false,"template":"","format":"standard","meta":{"jetpack_post_was_ever_published":false,"_jetpack_newsletter_access":"","_jetpack_dont_email_post_to_subs":false,"_jetpack_newsletter_tier_id":0,"_jetpack_memberships_contains_paywalled_content":false,"_jetpack_memberships_contains_paid_content":false,"footnotes":"","jetpack_publicize_message":"","jetpack_publicize_feature_enabled":true,"jetpack_social_post_already_shared":false,"jetpack_social_options":{"image_generator_settings":{"template":"highway","default_image_id":0,"font":"","enabled":false},"version":2}},"categories":[5],"tags":[28,27,18,11,13],"class_list":["post-363","post","type-post","status-publish","format-standard","has-post-thumbnail","hentry","category-ar-7-9","tag-bild","tag-genus","tag-interkulturalitet","tag-litteratur","tag-svenska"],"jetpack_publicize_connections":[],"jetpack_featured_media_url":"https:\/\/i0.wp.com\/media1.kulturpedagogik.se\/2013\/03\/Diane-Arbus-NYC-1966.jpg?fit=2324%2C2576&ssl=1","jetpack_sharing_enabled":true,"jetpack_shortlink":"https:\/\/wp.me\/p7YLN2-5R","jetpack-related-posts":[{"id":6182,"url":"https:\/\/kulturpedagogik.se\/?p=6182","url_meta":{"origin":363,"position":0},"title":"Bra l\u00e4s- och skrivmetod f\u00f6r alla &#8211; Maja Witting rekommenderas","author":"Maria B Hurtig","date":"12 november, 2024","format":false,"excerpt":"Under EHT f\u00e5r jag h\u00f6ra fr\u00e5n en l\u00e4rare att en elev i \u00e5k 3 som g\u00e5r p\u00e5 min st\u00f6dundervisning med yngre elever \u00e4ntligen har b\u00f6rjat visa framf\u00f6tterna i det ordinarie klassrummet. Det \u00e4r mycket gl\u00e4djande att h\u00f6ra. L\u00e4rare ber\u00e4ttar glatt att eleven nu b\u00f6rjat skriva i klassrummet. Vad \u00e4r det\u2026","rel":"","context":"I \u201d\u00c5r F-3\u201d","block_context":{"text":"\u00c5r F-3","link":"https:\/\/kulturpedagogik.se\/?cat=1"},"img":{"alt_text":"","src":"https:\/\/i0.wp.com\/media1.kulturpedagogik.se\/2024\/11\/img_9472.jpg?fit=824%2C1100&ssl=1&resize=350%2C200","width":350,"height":200,"srcset":"https:\/\/i0.wp.com\/media1.kulturpedagogik.se\/2024\/11\/img_9472.jpg?fit=824%2C1100&ssl=1&resize=350%2C200 1x, https:\/\/i0.wp.com\/media1.kulturpedagogik.se\/2024\/11\/img_9472.jpg?fit=824%2C1100&ssl=1&resize=525%2C300 1.5x, https:\/\/i0.wp.com\/media1.kulturpedagogik.se\/2024\/11\/img_9472.jpg?fit=824%2C1100&ssl=1&resize=700%2C400 2x"},"classes":[]},{"id":6299,"url":"https:\/\/kulturpedagogik.se\/?p=6299","url_meta":{"origin":363,"position":1},"title":"M\u00e5l i st\u00f6det","author":"Maria B Hurtig","date":"4 september, 2025","format":false,"excerpt":"M\u00e5l med \u00f6vningar g\u00f6r undervisningen explicit. I \u00e5rets f\u00f6rsta kollegiala l\u00e4rande best\u00e4mde vi att bli mer tydliga med m\u00e5l f\u00f6r varje lektion i kollegiet. Att vara tydlig och bryta ner undervisningen i bitar kan g\u00f6ra mycket f\u00f6r att \u00f6ka f\u00f6rst\u00e5elsen hos eleverna. Den kognitiva belastning minskas d\u00e5 vi serverar sm\u00e5\u2026","rel":"","context":"I \u201d\u00c5r F-3\u201d","block_context":{"text":"\u00c5r F-3","link":"https:\/\/kulturpedagogik.se\/?cat=1"},"img":{"alt_text":"","src":"https:\/\/i0.wp.com\/media1.kulturpedagogik.se\/2025\/09\/img_0611.jpg?fit=1100%2C918&ssl=1&resize=350%2C200","width":350,"height":200,"srcset":"https:\/\/i0.wp.com\/media1.kulturpedagogik.se\/2025\/09\/img_0611.jpg?fit=1100%2C918&ssl=1&resize=350%2C200 1x, https:\/\/i0.wp.com\/media1.kulturpedagogik.se\/2025\/09\/img_0611.jpg?fit=1100%2C918&ssl=1&resize=525%2C300 1.5x, https:\/\/i0.wp.com\/media1.kulturpedagogik.se\/2025\/09\/img_0611.jpg?fit=1100%2C918&ssl=1&resize=700%2C400 2x, https:\/\/i0.wp.com\/media1.kulturpedagogik.se\/2025\/09\/img_0611.jpg?fit=1100%2C918&ssl=1&resize=1050%2C600 3x"},"classes":[]},{"id":1656,"url":"https:\/\/kulturpedagogik.se\/?p=1656","url_meta":{"origin":363,"position":2},"title":"Br\u00e5k i F-klassen","author":"Maria B Hurtig","date":"18 januari, 2017","format":false,"excerpt":"Jag har tidigare skrivit om hur vi varierar samlingen med hj\u00e4lp av cirkeldiagram h\u00e4r. S\u00e5 kontrollerar vi n\u00e4rvaron om mornarna genom att alla barn f\u00e5r placera in en t\u00e5rtbit i diagrammet. P\u00e5 detta s\u00e4tt f\u00e5r de tr\u00e4na p\u00e5 att l\u00e4sa varandras namn och bekanta sig med diagram samt diskutera kring\u2026","rel":"","context":"I \u201d\u00c5r F-3\u201d","block_context":{"text":"\u00c5r F-3","link":"https:\/\/kulturpedagogik.se\/?cat=1"},"img":{"alt_text":"","src":"https:\/\/i0.wp.com\/media1.kulturpedagogik.se\/2017\/01\/img_5193.jpg?fit=1200%2C900&ssl=1&resize=350%2C200","width":350,"height":200,"srcset":"https:\/\/i0.wp.com\/media1.kulturpedagogik.se\/2017\/01\/img_5193.jpg?fit=1200%2C900&ssl=1&resize=350%2C200 1x, https:\/\/i0.wp.com\/media1.kulturpedagogik.se\/2017\/01\/img_5193.jpg?fit=1200%2C900&ssl=1&resize=525%2C300 1.5x, https:\/\/i0.wp.com\/media1.kulturpedagogik.se\/2017\/01\/img_5193.jpg?fit=1200%2C900&ssl=1&resize=700%2C400 2x, https:\/\/i0.wp.com\/media1.kulturpedagogik.se\/2017\/01\/img_5193.jpg?fit=1200%2C900&ssl=1&resize=1050%2C600 3x"},"classes":[]},{"id":6260,"url":"https:\/\/kulturpedagogik.se\/?p=6260","url_meta":{"origin":363,"position":3},"title":"Idrottsda\u2019 med SVA och ett hj\u00e4rta som sjunger","author":"Maria B Hurtig","date":"16 maj, 2025","format":false,"excerpt":"Hur vi kan st\u00f6dja alla elever att l\u00e4ra sig l\u00e4sa \u00e4r en viktig fr\u00e5ga som m\u00e5nga funderar \u00f6ver i dessa dagar. L\u00e4skrisen \u00e4r \u00e4mnet p\u00e5 allas l\u00e4ppar varf\u00f6r l\u00e4roplanen skrivs om f\u00f6r att f\u00f6rb\u00e4ttra den tidiga l\u00e4sundervisningen. Men en grupp som fortfarande faller mellan stolarna \u00e4r elever med svenska som\u2026","rel":"","context":"I \u201d\u00c5r F-3\u201d","block_context":{"text":"\u00c5r F-3","link":"https:\/\/kulturpedagogik.se\/?cat=1"},"img":{"alt_text":"","src":"https:\/\/i0.wp.com\/media1.kulturpedagogik.se\/2025\/05\/img_0194.jpg?fit=900%2C1200&ssl=1&resize=350%2C200","width":350,"height":200,"srcset":"https:\/\/i0.wp.com\/media1.kulturpedagogik.se\/2025\/05\/img_0194.jpg?fit=900%2C1200&ssl=1&resize=350%2C200 1x, https:\/\/i0.wp.com\/media1.kulturpedagogik.se\/2025\/05\/img_0194.jpg?fit=900%2C1200&ssl=1&resize=525%2C300 1.5x, https:\/\/i0.wp.com\/media1.kulturpedagogik.se\/2025\/05\/img_0194.jpg?fit=900%2C1200&ssl=1&resize=700%2C400 2x"},"classes":[]},{"id":668,"url":"https:\/\/kulturpedagogik.se\/?p=668","url_meta":{"origin":363,"position":4},"title":"Drama och musik f\u00f6r demokrati &#8211; arbete mot mobbing","author":"Maria B Hurtig","date":"14 september, 2014","format":"video","excerpt":"P\u00e5 skolavslutningen har vi en cabar\u00e9t vart tredje \u00e5r. D\u00e5 finns det utrymme att jobba lite mer med drama och musik f\u00f6r b\u00e5de l\u00e4rare och elever. I \u00e5r jobbade jag tillsammans med n\u00e5gra elever fram ett litet drama som handlar om demokrati och medbest\u00e4mmande. Barnen hade under terminen stiftat bekantskap\u2026","rel":"","context":"I \u201d\u00c5r 4-6\u201d","block_context":{"text":"\u00c5r 4-6","link":"https:\/\/kulturpedagogik.se\/?cat=4"},"img":{"alt_text":"","src":"","width":0,"height":0},"classes":[]},{"id":5553,"url":"https:\/\/kulturpedagogik.se\/?p=5553","url_meta":{"origin":363,"position":5},"title":"Efter klimax","author":"Maria B Hurtig","date":"26 maj, 2022","format":false,"excerpt":"Idag \u00e4r jag en lycklig l\u00e4rare. Det \u00e4r inte varje dag. Jag har mina m\u00f6rka stunder. Det g\u00e5r upp och det g\u00e5r ner. S\u00e4rskilt i maj. I en slimmad skola ers\u00e4tts inte alltid fr\u00e5nvarande kollegor och d\u00e5 \u00f6kar pressen. Stress g\u00f6r n\u00e5got med en m\u00e4nniska. F\u00f6r mig kan det b\u00f6rjar\u2026","rel":"","context":"I \u201d\u00c5r 4-6\u201d","block_context":{"text":"\u00c5r 4-6","link":"https:\/\/kulturpedagogik.se\/?cat=4"},"img":{"alt_text":"","src":"https:\/\/i0.wp.com\/media1.kulturpedagogik.se\/2022\/05\/img_4633-scaled.jpg?resize=350%2C200&ssl=1","width":350,"height":200,"srcset":"https:\/\/i0.wp.com\/media1.kulturpedagogik.se\/2022\/05\/img_4633-scaled.jpg?resize=350%2C200&ssl=1 1x, https:\/\/i0.wp.com\/media1.kulturpedagogik.se\/2022\/05\/img_4633-scaled.jpg?resize=525%2C300&ssl=1 1.5x, https:\/\/i0.wp.com\/media1.kulturpedagogik.se\/2022\/05\/img_4633-scaled.jpg?resize=700%2C400&ssl=1 2x, https:\/\/i0.wp.com\/media1.kulturpedagogik.se\/2022\/05\/img_4633-scaled.jpg?resize=1050%2C600&ssl=1 3x, https:\/\/i0.wp.com\/media1.kulturpedagogik.se\/2022\/05\/img_4633-scaled.jpg?resize=1400%2C800&ssl=1 4x"},"classes":[]}],"_links":{"self":[{"href":"https:\/\/kulturpedagogik.se\/index.php?rest_route=\/wp\/v2\/posts\/363","targetHints":{"allow":["GET"]}}],"collection":[{"href":"https:\/\/kulturpedagogik.se\/index.php?rest_route=\/wp\/v2\/posts"}],"about":[{"href":"https:\/\/kulturpedagogik.se\/index.php?rest_route=\/wp\/v2\/types\/post"}],"author":[{"embeddable":true,"href":"https:\/\/kulturpedagogik.se\/index.php?rest_route=\/wp\/v2\/users\/1"}],"replies":[{"embeddable":true,"href":"https:\/\/kulturpedagogik.se\/index.php?rest_route=%2Fwp%2Fv2%2Fcomments&post=363"}],"version-history":[{"count":12,"href":"https:\/\/kulturpedagogik.se\/index.php?rest_route=\/wp\/v2\/posts\/363\/revisions"}],"predecessor-version":[{"id":5223,"href":"https:\/\/kulturpedagogik.se\/index.php?rest_route=\/wp\/v2\/posts\/363\/revisions\/5223"}],"wp:featuredmedia":[{"embeddable":true,"href":"https:\/\/kulturpedagogik.se\/index.php?rest_route=\/wp\/v2\/media\/364"}],"wp:attachment":[{"href":"https:\/\/kulturpedagogik.se\/index.php?rest_route=%2Fwp%2Fv2%2Fmedia&parent=363"}],"wp:term":[{"taxonomy":"category","embeddable":true,"href":"https:\/\/kulturpedagogik.se\/index.php?rest_route=%2Fwp%2Fv2%2Fcategories&post=363"},{"taxonomy":"post_tag","embeddable":true,"href":"https:\/\/kulturpedagogik.se\/index.php?rest_route=%2Fwp%2Fv2%2Ftags&post=363"}],"curies":[{"name":"wp","href":"https:\/\/api.w.org\/{rel}","templated":true}]}}