{"id":351,"date":"2013-03-19T08:44:27","date_gmt":"2013-03-19T08:44:27","guid":{"rendered":"http:\/\/kulturpedagogik.se\/?p=351"},"modified":"2013-03-24T16:38:03","modified_gmt":"2013-03-24T16:38:03","slug":"den-bla-planeten","status":"publish","type":"post","link":"https:\/\/kulturpedagogik.se\/?p=351","title":{"rendered":"Den bl\u00e5 planeten"},"content":{"rendered":"<div style=\"text-align: justify;\" align=\"left\"><a href=\"http:\/\/kulturpedagogik.se\/?attachment_id=353\" rel=\"attachment wp-att-353\"><img data-recalc-dims=\"1\" loading=\"lazy\" decoding=\"async\" class=\"alignleft size-medium wp-image-353\" alt=\"bild\" src=\"https:\/\/i0.wp.com\/media1.kulturpedagogik.se\/2013\/03\/bild.jpg?resize=225%2C300\" width=\"225\" height=\"300\" srcset=\"https:\/\/i0.wp.com\/media1.kulturpedagogik.se\/2013\/03\/bild.jpg?resize=225%2C300&amp;ssl=1 225w, https:\/\/i0.wp.com\/media1.kulturpedagogik.se\/2013\/03\/bild.jpg?resize=112%2C150&amp;ssl=1 112w, https:\/\/i0.wp.com\/media1.kulturpedagogik.se\/2013\/03\/bild.jpg?w=480&amp;ssl=1 480w\" sizes=\"auto, (max-width: 225px) 100vw, 225px\" \/><\/a>Det finns m\u00e5nga m\u00e5l i Lgr 11 som landar i kunskaper om v\u00e5r jord. P\u00e5 v\u00e5r skola har vi studerat v\u00e4rldsdelarna i \u00e5rskurs f-1. I anslutning till detta arbete har vi tillverkat v\u00e5r planet i papier-march\u00e9.<\/div>\n<div style=\"text-align: justify;\" align=\"left\"><\/div>\n<div style=\"text-align: justify;\" align=\"left\"><\/div>\n<div style=\"text-align: justify;\" align=\"left\">Att jobba praktiskt och teoretiskt parallellt gynnar elevernas l\u00e4rande. Att sedan kunna ta hem sin planet och h\u00e4nga upp den hemma kan leda vidare till mer samtal kring \u00e4mnet.<\/div>\n","protected":false},"excerpt":{"rendered":"<p>Det finns m&aring;nga m&aring;l i Lgr 11 som landar i kunskaper om v&aring;r jord. P&aring; v&aring;r skola har vi studerat v&auml;rldsdelarna i &aring;rskurs f-1. I anslutning till detta arbete har vi tillverkat v&aring;r planet i papier-march&eacute;. Att jobba praktiskt och&hellip;<\/p>\n<p class=\"more-link-p\"><a class=\"more-link\" href=\"https:\/\/kulturpedagogik.se\/?p=351\">Read more &rarr;<\/a><\/p>\n","protected":false},"author":1,"featured_media":353,"comment_status":"open","ping_status":"open","sticky":false,"template":"","format":"standard","meta":{"jetpack_post_was_ever_published":false,"_jetpack_newsletter_access":"","_jetpack_dont_email_post_to_subs":false,"_jetpack_newsletter_tier_id":0,"_jetpack_memberships_contains_paywalled_content":false,"_jetpack_memberships_contains_paid_content":false,"footnotes":"","jetpack_publicize_message":"","jetpack_publicize_feature_enabled":true,"jetpack_social_post_already_shared":false,"jetpack_social_options":{"image_generator_settings":{"template":"highway","default_image_id":0,"font":"","enabled":false},"version":2}},"categories":[1],"tags":[],"class_list":["post-351","post","type-post","status-publish","format-standard","has-post-thumbnail","hentry","category-ar-1-3"],"jetpack_publicize_connections":[],"jetpack_featured_media_url":"https:\/\/i0.wp.com\/media1.kulturpedagogik.se\/2013\/03\/bild.jpg?fit=480%2C640&ssl=1","jetpack_sharing_enabled":true,"jetpack_shortlink":"https:\/\/wp.me\/p7YLN2-5F","jetpack-related-posts":[{"id":5858,"url":"https:\/\/kulturpedagogik.se\/?p=5858","url_meta":{"origin":351,"position":0},"title":"F\u00f6rr och nu &#8211; Elsa Beskow, naturen och m\u00e5ngfalden","author":"Maria B Hurtig","date":"26 mars, 2023","format":false,"excerpt":"Vi brukar ha litter\u00e4ra teman p\u00e5 skolan med j\u00e4mna mellanrum. I \u00e5r arbetar vi med Elsa Beskow och l\u00e4rarna knyter detta till ett tema om f\u00f6rr och nu. Beskow sj\u00e4lv var utbildad bildl\u00e4rare fr\u00e5n Konstfack och mycket av vad hon skrivit och ritat har pedagogiska ambitioner f\u00f6r barn i skol\u00e5ldern.\u2026","rel":"","context":"I \u201d\u00c5r F-3\u201d","block_context":{"text":"\u00c5r F-3","link":"https:\/\/kulturpedagogik.se\/?cat=1"},"img":{"alt_text":"","src":"https:\/\/i0.wp.com\/media1.kulturpedagogik.se\/2023\/03\/img_6260.jpg?fit=458%2C599&ssl=1&resize=350%2C200","width":350,"height":200},"classes":[]},{"id":2057,"url":"https:\/\/kulturpedagogik.se\/?p=2057","url_meta":{"origin":351,"position":1},"title":"Lek och faddrar i \u00f6verg\u00e5ngar","author":"Maria B Hurtig","date":"26 april, 2017","format":false,"excerpt":"Snart \u00e4r det sommar och sedan \u00e4r det nya barn som ska b\u00f6rja i F-klassen. K\u00e4nner vi dem r\u00e4tt har de redan b\u00f6rjat fundera. Hur ska det bli? Hur g\u00f6r man d\u00e4r? Vem blir min fr\u00f6ken? Var kan man leka? \u00d6verg\u00e5ngar \u00e4r viktiga och h\u00e4r kan vi f\u00f6rs\u00f6ka underl\u00e4tta f\u00f6r\u2026","rel":"","context":"I \u201d\u00c5r F-3\u201d","block_context":{"text":"\u00c5r F-3","link":"https:\/\/kulturpedagogik.se\/?cat=1"},"img":{"alt_text":"","src":"https:\/\/i0.wp.com\/media1.kulturpedagogik.se\/2017\/04\/img_5731.jpg?resize=350%2C200","width":350,"height":200,"srcset":"https:\/\/i0.wp.com\/media1.kulturpedagogik.se\/2017\/04\/img_5731.jpg?resize=350%2C200 1x, https:\/\/i0.wp.com\/media1.kulturpedagogik.se\/2017\/04\/img_5731.jpg?resize=525%2C300 1.5x"},"classes":[]},{"id":4119,"url":"https:\/\/kulturpedagogik.se\/?p=4119","url_meta":{"origin":351,"position":2},"title":"Mjuka \u00f6verg\u00e5ngar p\u00e5 &#8221;Gl\u00e4djen&#8221; och &#8221;Lyckan&#8221;","author":"Maria B Hurtig","date":"3 oktober, 2018","format":false,"excerpt":"I v\u00e5r skola k\u00e4nns det att vi har ett tajt samarbete med de l\u00e4rare som tar \u00f6ver v\u00e5ra barn fr\u00e5n f\u00f6rskoleklass till \u00e5rskurs ett. V\u00e5ra klassrum ligger v\u00e4gg i v\u00e4gg och h\u00e4r finns goda m\u00f6jligheter f\u00f6r oss att bolla olika fr\u00e5gor tillsammans f\u00f6r att skapa de b\u00e4sta f\u00f6ruts\u00e4ttningarna f\u00f6r barnen.\u2026","rel":"","context":"I \u201d\u00c5r F-3\u201d","block_context":{"text":"\u00c5r F-3","link":"https:\/\/kulturpedagogik.se\/?cat=1"},"img":{"alt_text":"","src":"https:\/\/i0.wp.com\/media1.kulturpedagogik.se\/2017\/09\/img_6450.jpg?fit=1200%2C900&ssl=1&resize=350%2C200","width":350,"height":200,"srcset":"https:\/\/i0.wp.com\/media1.kulturpedagogik.se\/2017\/09\/img_6450.jpg?fit=1200%2C900&ssl=1&resize=350%2C200 1x, https:\/\/i0.wp.com\/media1.kulturpedagogik.se\/2017\/09\/img_6450.jpg?fit=1200%2C900&ssl=1&resize=525%2C300 1.5x, https:\/\/i0.wp.com\/media1.kulturpedagogik.se\/2017\/09\/img_6450.jpg?fit=1200%2C900&ssl=1&resize=700%2C400 2x, https:\/\/i0.wp.com\/media1.kulturpedagogik.se\/2017\/09\/img_6450.jpg?fit=1200%2C900&ssl=1&resize=1050%2C600 3x"},"classes":[]},{"id":2808,"url":"https:\/\/kulturpedagogik.se\/?p=2808","url_meta":{"origin":351,"position":3},"title":"FN, faddrar och gemenskap","author":"Maria B Hurtig","date":"24 oktober, 2017","format":false,"excerpt":"Idag firade vi FN-dagen tillsammans med v\u00e5ra faddrar i \u00e5k 3 och sj\u00f6ng ihop med alla F-3. Det blev en h\u00f6gtidsstund f\u00f6r b\u00e5de stora och sm\u00e5. I F-klassen jublade barnen redan i samlingen d\u00e5 vi gick igenom dagens schema och tog upp att vi skulle tr\u00e4ffa faddrarna. D\u00e5 vi v\u00e4l\u2026","rel":"","context":"I \u201d\u00c5r F-3\u201d","block_context":{"text":"\u00c5r F-3","link":"https:\/\/kulturpedagogik.se\/?cat=1"},"img":{"alt_text":"","src":"https:\/\/i0.wp.com\/media1.kulturpedagogik.se\/2017\/10\/img_6732.jpg?fit=900%2C1200&ssl=1&resize=350%2C200","width":350,"height":200,"srcset":"https:\/\/i0.wp.com\/media1.kulturpedagogik.se\/2017\/10\/img_6732.jpg?fit=900%2C1200&ssl=1&resize=350%2C200 1x, https:\/\/i0.wp.com\/media1.kulturpedagogik.se\/2017\/10\/img_6732.jpg?fit=900%2C1200&ssl=1&resize=525%2C300 1.5x, https:\/\/i0.wp.com\/media1.kulturpedagogik.se\/2017\/10\/img_6732.jpg?fit=900%2C1200&ssl=1&resize=700%2C400 2x"},"classes":[]},{"id":3167,"url":"https:\/\/kulturpedagogik.se\/?p=3167","url_meta":{"origin":351,"position":4},"title":"Lek och programmering 1.0","author":"Maria B Hurtig","date":"3 februari, 2018","format":false,"excerpt":"Jag har tidigare skrivit om hur vi jobbar med lek f\u00f6r att utmana barnen i f\u00f6rskoleklassen och samtidigt l\u00e4ra k\u00e4nna olika klasskamrater h\u00e4r. Den h\u00e4r veckan introducerade jag programmering som ett moment i den l\u00e4rande leken. Det gick till s\u00e5 att vi sysselsatte alla barn genom att dela ut byggmaterial,\u2026","rel":"","context":"I \u201d\u00c5r F-3\u201d","block_context":{"text":"\u00c5r F-3","link":"https:\/\/kulturpedagogik.se\/?cat=1"},"img":{"alt_text":"","src":"https:\/\/i0.wp.com\/media1.kulturpedagogik.se\/2018\/02\/img_7289.jpg?fit=1200%2C900&ssl=1&resize=350%2C200","width":350,"height":200,"srcset":"https:\/\/i0.wp.com\/media1.kulturpedagogik.se\/2018\/02\/img_7289.jpg?fit=1200%2C900&ssl=1&resize=350%2C200 1x, https:\/\/i0.wp.com\/media1.kulturpedagogik.se\/2018\/02\/img_7289.jpg?fit=1200%2C900&ssl=1&resize=525%2C300 1.5x, https:\/\/i0.wp.com\/media1.kulturpedagogik.se\/2018\/02\/img_7289.jpg?fit=1200%2C900&ssl=1&resize=700%2C400 2x, https:\/\/i0.wp.com\/media1.kulturpedagogik.se\/2018\/02\/img_7289.jpg?fit=1200%2C900&ssl=1&resize=1050%2C600 3x"},"classes":[]},{"id":4020,"url":"https:\/\/kulturpedagogik.se\/?p=4020","url_meta":{"origin":351,"position":5},"title":"Skoj p\u00e5 allvar med Pippi-drama i skolstarten","author":"Maria B Hurtig","date":"21 augusti, 2018","format":false,"excerpt":"Idag var det skolstart och vi samlades utomhus f\u00f6r upprop med alla elever och f\u00f6r\u00e4ldrar F-3. Solen sken och himlen var bl\u00e5 precis som man kan \u00f6nska. Efter att vi g\u00e5tt runt och minglat lite och bl\u00e5st s\u00e5pbubblor till pianomusik hade vi l\u00e4rare f\u00f6rberett en liten sketch p\u00e5 tema Astrid\u2026","rel":"","context":"I \u201d\u00c5r F-3\u201d","block_context":{"text":"\u00c5r F-3","link":"https:\/\/kulturpedagogik.se\/?cat=1"},"img":{"alt_text":"","src":"https:\/\/i0.wp.com\/media1.kulturpedagogik.se\/2018\/08\/img_8156-2464687842-1535027033308.jpg?fit=599%2C323&ssl=1&resize=350%2C200","width":350,"height":200,"srcset":"https:\/\/i0.wp.com\/media1.kulturpedagogik.se\/2018\/08\/img_8156-2464687842-1535027033308.jpg?fit=599%2C323&ssl=1&resize=350%2C200 1x, https:\/\/i0.wp.com\/media1.kulturpedagogik.se\/2018\/08\/img_8156-2464687842-1535027033308.jpg?fit=599%2C323&ssl=1&resize=525%2C300 1.5x"},"classes":[]}],"_links":{"self":[{"href":"https:\/\/kulturpedagogik.se\/index.php?rest_route=\/wp\/v2\/posts\/351","targetHints":{"allow":["GET"]}}],"collection":[{"href":"https:\/\/kulturpedagogik.se\/index.php?rest_route=\/wp\/v2\/posts"}],"about":[{"href":"https:\/\/kulturpedagogik.se\/index.php?rest_route=\/wp\/v2\/types\/post"}],"author":[{"embeddable":true,"href":"https:\/\/kulturpedagogik.se\/index.php?rest_route=\/wp\/v2\/users\/1"}],"replies":[{"embeddable":true,"href":"https:\/\/kulturpedagogik.se\/index.php?rest_route=%2Fwp%2Fv2%2Fcomments&post=351"}],"version-history":[{"count":4,"href":"https:\/\/kulturpedagogik.se\/index.php?rest_route=\/wp\/v2\/posts\/351\/revisions"}],"predecessor-version":[{"id":357,"href":"https:\/\/kulturpedagogik.se\/index.php?rest_route=\/wp\/v2\/posts\/351\/revisions\/357"}],"wp:featuredmedia":[{"embeddable":true,"href":"https:\/\/kulturpedagogik.se\/index.php?rest_route=\/wp\/v2\/media\/353"}],"wp:attachment":[{"href":"https:\/\/kulturpedagogik.se\/index.php?rest_route=%2Fwp%2Fv2%2Fmedia&parent=351"}],"wp:term":[{"taxonomy":"category","embeddable":true,"href":"https:\/\/kulturpedagogik.se\/index.php?rest_route=%2Fwp%2Fv2%2Fcategories&post=351"},{"taxonomy":"post_tag","embeddable":true,"href":"https:\/\/kulturpedagogik.se\/index.php?rest_route=%2Fwp%2Fv2%2Ftags&post=351"}],"curies":[{"name":"wp","href":"https:\/\/api.w.org\/{rel}","templated":true}]}}