{"id":3462,"date":"2018-02-14T17:03:58","date_gmt":"2018-02-14T17:03:58","guid":{"rendered":"http:\/\/kulturpedagogik.se\/?p=3462"},"modified":"2018-03-26T20:41:04","modified_gmt":"2018-03-26T20:41:04","slug":"alla-hjartan-pa-svanis","status":"publish","type":"post","link":"https:\/\/kulturpedagogik.se\/?p=3462","title":{"rendered":"Alla hj\u00e4rtan p\u00e5 Svanis"},"content":{"rendered":"<p><img data-recalc-dims=\"1\" loading=\"lazy\" decoding=\"async\" class=\"wp-image-3461 size-full\" src=\"https:\/\/i0.wp.com\/media1.kulturpedagogik.se\/2018\/02\/img_7357.jpg?resize=860%2C645\" width=\"860\" height=\"645\" srcset=\"https:\/\/i0.wp.com\/media1.kulturpedagogik.se\/2018\/02\/img_7357.jpg?w=3264&amp;ssl=1 3264w, https:\/\/i0.wp.com\/media1.kulturpedagogik.se\/2018\/02\/img_7357.jpg?resize=150%2C113&amp;ssl=1 150w, https:\/\/i0.wp.com\/media1.kulturpedagogik.se\/2018\/02\/img_7357.jpg?resize=300%2C225&amp;ssl=1 300w, https:\/\/i0.wp.com\/media1.kulturpedagogik.se\/2018\/02\/img_7357.jpg?resize=768%2C576&amp;ssl=1 768w, https:\/\/i0.wp.com\/media1.kulturpedagogik.se\/2018\/02\/img_7357.jpg?resize=1365%2C1024&amp;ssl=1 1365w, https:\/\/i0.wp.com\/media1.kulturpedagogik.se\/2018\/02\/img_7357.jpg?resize=560%2C420&amp;ssl=1 560w, https:\/\/i0.wp.com\/media1.kulturpedagogik.se\/2018\/02\/img_7357.jpg?resize=260%2C195&amp;ssl=1 260w, https:\/\/i0.wp.com\/media1.kulturpedagogik.se\/2018\/02\/img_7357.jpg?resize=160%2C120&amp;ssl=1 160w, https:\/\/i0.wp.com\/media1.kulturpedagogik.se\/2018\/02\/img_7357.jpg?w=1720 1720w, https:\/\/i0.wp.com\/media1.kulturpedagogik.se\/2018\/02\/img_7357.jpg?w=2580 2580w\" sizes=\"auto, (max-width: 860px) 100vw, 860px\" \/>Idag har vi firat Alla hj\u00e4rtans dag p\u00e5 &#8221;Svanis&#8221;. Det g\u00f6r vi med s\u00e5ng och musik alla i F-3 tillsammans. V\u00e5r &#8221;Kulturgeneral&#8221; Kristina Skafvenstedt var f\u00f6rst\u00e5s p\u00e5 plats och ledde <a href=\"http:\/\/kulturpedagogik.se\/?p=1788#\">s\u00e5ngen<\/a>. Vi sj\u00f6ng hennes egen l\u00e5t Alla hj\u00e4rtans dag. Men ocks\u00e5 \u00c4ppelmelodin av Lollo Asplund, Du \u00e4r min b\u00e4sta kompis ur S\u00e5ngskatten och Evert Taubes \u00c4nglamark f\u00f6r v\u00e5r k\u00e4rlek till naturen och jorden. Barnen hade f\u00e5tt tr\u00e4na innan och sj\u00f6ng s\u00e5 fint. Kristina hade f\u00f6rst\u00e5s b\u00e5de text och bildst\u00f6d till s\u00e5ngen, kompade p\u00e5 gitarr och satte in firandet i ett sammanhang f\u00f6r barnens f\u00f6rst\u00e5else. Hon pratade b\u00e5de om historiska r\u00f6tter och mer nutida dilemman kring Valentines day. <img data-recalc-dims=\"1\" loading=\"lazy\" decoding=\"async\" class=\"wp-image-3464 size-full\" src=\"https:\/\/i0.wp.com\/media1.kulturpedagogik.se\/2018\/02\/img_7361.jpg?resize=860%2C645\" width=\"860\" height=\"645\" srcset=\"https:\/\/i0.wp.com\/media1.kulturpedagogik.se\/2018\/02\/img_7361.jpg?w=3264&amp;ssl=1 3264w, https:\/\/i0.wp.com\/media1.kulturpedagogik.se\/2018\/02\/img_7361.jpg?resize=150%2C113&amp;ssl=1 150w, https:\/\/i0.wp.com\/media1.kulturpedagogik.se\/2018\/02\/img_7361.jpg?resize=300%2C225&amp;ssl=1 300w, https:\/\/i0.wp.com\/media1.kulturpedagogik.se\/2018\/02\/img_7361.jpg?resize=768%2C576&amp;ssl=1 768w, https:\/\/i0.wp.com\/media1.kulturpedagogik.se\/2018\/02\/img_7361.jpg?resize=1365%2C1024&amp;ssl=1 1365w, https:\/\/i0.wp.com\/media1.kulturpedagogik.se\/2018\/02\/img_7361.jpg?resize=560%2C420&amp;ssl=1 560w, https:\/\/i0.wp.com\/media1.kulturpedagogik.se\/2018\/02\/img_7361.jpg?resize=260%2C195&amp;ssl=1 260w, https:\/\/i0.wp.com\/media1.kulturpedagogik.se\/2018\/02\/img_7361.jpg?resize=160%2C120&amp;ssl=1 160w, https:\/\/i0.wp.com\/media1.kulturpedagogik.se\/2018\/02\/img_7361.jpg?w=1720 1720w, https:\/\/i0.wp.com\/media1.kulturpedagogik.se\/2018\/02\/img_7361.jpg?w=2580 2580w\" sizes=\"auto, (max-width: 860px) 100vw, 860px\" \/><\/p>\n<p>Eleverna uppskattar mycket att f\u00e5 fira traditioner tillsammans. Det \u00e4r festligt tycker de och alldeles s\u00e4rskilt roligt att tr\u00e4ffa faddrar. Vi odlar deras relation till faddrarna f\u00f6r att st\u00e4rka en k\u00e4nsla av delaktighet och inkludering f\u00f6r alla.<\/p>\n<p>En annan detalj i firandet som vi fick se idag var den nya &#8221;installationen&#8221; p\u00e5 v\u00e4ggen i elevhallen som ettornas fr\u00f6knar gjort. Av de hj\u00e4rtan som vi skrivit k\u00e4rleksfulla budskap p\u00e5 i f\u00f6rra veckan hade de nu skrivit en egen text tillsammans. Det blev vackert d\u00e5 \u00e5rskurserna anv\u00e4nt olika f\u00e4rger\/nyanser som nu blandades &#8211; lite som ett skimmer. Och uppgiften var en lagom utmaning i f\u00f6rskoleklassen. Barnen fick rita och klippa ut ett hj\u00e4rta samt skriva n\u00e5got k\u00e4rleksfullt. N\u00e5got barn kom med det fina budskapet: Ska vi leka?<\/p>\n","protected":false},"excerpt":{"rendered":"<p>Idag har vi firat Alla hj&auml;rtans dag p&aring; &rdquo;Svanis&rdquo;. Det g&ouml;r vi med s&aring;ng och musik alla i F-3 tillsammans. V&aring;r &rdquo;Kulturgeneral&rdquo; Kristina Skafvenstedt var f&ouml;rst&aring;s p&aring; plats och ledde s&aring;ngen. Vi sj&ouml;ng hennes egen l&aring;t Alla hj&auml;rtans dag. Men&hellip;<\/p>\n<p class=\"more-link-p\"><a class=\"more-link\" href=\"https:\/\/kulturpedagogik.se\/?p=3462\">Read more &rarr;<\/a><\/p>\n","protected":false},"author":1,"featured_media":3461,"comment_status":"open","ping_status":"open","sticky":false,"template":"","format":"standard","meta":{"jetpack_post_was_ever_published":false,"_jetpack_newsletter_access":"","_jetpack_dont_email_post_to_subs":false,"_jetpack_newsletter_tier_id":0,"_jetpack_memberships_contains_paywalled_content":false,"_jetpack_memberships_contains_paid_content":false,"footnotes":"","jetpack_publicize_message":"","jetpack_publicize_feature_enabled":true,"jetpack_social_post_already_shared":true,"jetpack_social_options":{"image_generator_settings":{"template":"highway","default_image_id":0,"font":"","enabled":false},"version":2}},"categories":[1],"tags":[28,46,12,39,7,42],"class_list":["post-3462","post","type-post","status-publish","format-standard","has-post-thumbnail","hentry","category-ar-1-3","tag-bild","tag-faddrar","tag-historia","tag-inkluderande","tag-musik","tag-skolkultur"],"jetpack_publicize_connections":[],"jetpack_featured_media_url":"https:\/\/i0.wp.com\/media1.kulturpedagogik.se\/2018\/02\/img_7357.jpg?fit=3264%2C2448&ssl=1","jetpack_sharing_enabled":true,"jetpack_shortlink":"https:\/\/wp.me\/p7YLN2-TQ","jetpack-related-posts":[{"id":1788,"url":"https:\/\/kulturpedagogik.se\/?p=1788","url_meta":{"origin":3462,"position":0},"title":"Alla hj\u00e4rtans s\u00e5ng och &#8221;happening&#8221;","author":"Maria B Hurtig","date":"14 februari, 2017","format":false,"excerpt":"Alla hj\u00e4rtans dag \u00e4r visserligen en ganska ny tradition p\u00e5 v\u00e5ra br\u00e4ddgrader. Och man kan tycka att det \u00e4r kommersiellt. \u00a0Men ett budskap om k\u00e4rlek k\u00e4nns synd att missa i skolans v\u00e4rld. Man ska inte underskatta traditionernas f\u00f6rm\u00e5ga att bygga kultur och understryka vissa v\u00e4rden. S\u00e5 p\u00e5 \"Svanis\" har vi\u2026","rel":"","context":"I \u201d\u00c5r F-3\u201d","block_context":{"text":"\u00c5r F-3","link":"https:\/\/kulturpedagogik.se\/?cat=1"},"img":{"alt_text":"","src":"https:\/\/i0.wp.com\/media1.kulturpedagogik.se\/2017\/02\/img_5332-1.jpg?fit=900%2C1200&ssl=1&resize=350%2C200","width":350,"height":200,"srcset":"https:\/\/i0.wp.com\/media1.kulturpedagogik.se\/2017\/02\/img_5332-1.jpg?fit=900%2C1200&ssl=1&resize=350%2C200 1x, https:\/\/i0.wp.com\/media1.kulturpedagogik.se\/2017\/02\/img_5332-1.jpg?fit=900%2C1200&ssl=1&resize=525%2C300 1.5x, https:\/\/i0.wp.com\/media1.kulturpedagogik.se\/2017\/02\/img_5332-1.jpg?fit=900%2C1200&ssl=1&resize=700%2C400 2x"},"classes":[]},{"id":2656,"url":"https:\/\/kulturpedagogik.se\/?p=2656","url_meta":{"origin":3462,"position":1},"title":"Spr\u00e5kutvecklande musik f\u00f6r alla","author":"Maria B Hurtig","date":"6 oktober, 2017","format":false,"excerpt":"I den gamla folkskolan skulle l\u00e4raren vara musikalisk och sk\u00f6tsam f\u00f6r att f\u00e5 jobb. D\u00e5 hade inte jag platsat pga bristande musikalitet \u00e4r jag r\u00e4dd. Nu f\u00f6r tiden har vi (digitala) hj\u00e4lpmedel f\u00f6r att kunna spela och sjunga i klassrummet \u00e4ven om vi inte sj\u00e4lva trakterar instrument. Det \u00e4r tur\u2026","rel":"","context":"I \u201d\u00c5r F-3\u201d","block_context":{"text":"\u00c5r F-3","link":"https:\/\/kulturpedagogik.se\/?cat=1"},"img":{"alt_text":"","src":"https:\/\/i0.wp.com\/media1.kulturpedagogik.se\/2017\/10\/img_6626.jpg?fit=1200%2C900&ssl=1&resize=350%2C200","width":350,"height":200,"srcset":"https:\/\/i0.wp.com\/media1.kulturpedagogik.se\/2017\/10\/img_6626.jpg?fit=1200%2C900&ssl=1&resize=350%2C200 1x, https:\/\/i0.wp.com\/media1.kulturpedagogik.se\/2017\/10\/img_6626.jpg?fit=1200%2C900&ssl=1&resize=525%2C300 1.5x, https:\/\/i0.wp.com\/media1.kulturpedagogik.se\/2017\/10\/img_6626.jpg?fit=1200%2C900&ssl=1&resize=700%2C400 2x, https:\/\/i0.wp.com\/media1.kulturpedagogik.se\/2017\/10\/img_6626.jpg?fit=1200%2C900&ssl=1&resize=1050%2C600 3x"},"classes":[]},{"id":2808,"url":"https:\/\/kulturpedagogik.se\/?p=2808","url_meta":{"origin":3462,"position":2},"title":"FN, faddrar och gemenskap","author":"Maria B Hurtig","date":"24 oktober, 2017","format":false,"excerpt":"Idag firade vi FN-dagen tillsammans med v\u00e5ra faddrar i \u00e5k 3 och sj\u00f6ng ihop med alla F-3. Det blev en h\u00f6gtidsstund f\u00f6r b\u00e5de stora och sm\u00e5. I F-klassen jublade barnen redan i samlingen d\u00e5 vi gick igenom dagens schema och tog upp att vi skulle tr\u00e4ffa faddrarna. D\u00e5 vi v\u00e4l\u2026","rel":"","context":"I \u201d\u00c5r F-3\u201d","block_context":{"text":"\u00c5r F-3","link":"https:\/\/kulturpedagogik.se\/?cat=1"},"img":{"alt_text":"","src":"https:\/\/i0.wp.com\/media1.kulturpedagogik.se\/2017\/10\/img_6732.jpg?fit=900%2C1200&ssl=1&resize=350%2C200","width":350,"height":200,"srcset":"https:\/\/i0.wp.com\/media1.kulturpedagogik.se\/2017\/10\/img_6732.jpg?fit=900%2C1200&ssl=1&resize=350%2C200 1x, https:\/\/i0.wp.com\/media1.kulturpedagogik.se\/2017\/10\/img_6732.jpg?fit=900%2C1200&ssl=1&resize=525%2C300 1.5x, https:\/\/i0.wp.com\/media1.kulturpedagogik.se\/2017\/10\/img_6732.jpg?fit=900%2C1200&ssl=1&resize=700%2C400 2x"},"classes":[]},{"id":3047,"url":"https:\/\/kulturpedagogik.se\/?p=3047","url_meta":{"origin":3462,"position":3},"title":"Plundring och demokrati med faddrar","author":"Maria B Hurtig","date":"12 januari, 2018","format":false,"excerpt":"Idag hade vi julgransplundring f\u00f6r klasserna F-3 p\u00e5 Svandammsskolan. Det \u00e4r egentligen ett eldprov att organisera s\u00e5dan dans och s\u00e5ng f\u00f6r 250 elever i en gymnastiksal. Nu f\u00e5r man verkligen ett kvitto p\u00e5 hur arbetet g\u00e5r med inkludering, delaktighet och motivation i grupperna. Idag fick faddrar och fadderbarn g\u00e5 tillsammans\u2026","rel":"","context":"I \u201d\u00c5r 4-6\u201d","block_context":{"text":"\u00c5r 4-6","link":"https:\/\/kulturpedagogik.se\/?cat=4"},"img":{"alt_text":"","src":"https:\/\/i0.wp.com\/media1.kulturpedagogik.se\/2018\/01\/img_7199.jpg?fit=720%2C960&ssl=1&resize=350%2C200","width":350,"height":200,"srcset":"https:\/\/i0.wp.com\/media1.kulturpedagogik.se\/2018\/01\/img_7199.jpg?fit=720%2C960&ssl=1&resize=350%2C200 1x, https:\/\/i0.wp.com\/media1.kulturpedagogik.se\/2018\/01\/img_7199.jpg?fit=720%2C960&ssl=1&resize=525%2C300 1.5x, https:\/\/i0.wp.com\/media1.kulturpedagogik.se\/2018\/01\/img_7199.jpg?fit=720%2C960&ssl=1&resize=700%2C400 2x"},"classes":[]},{"id":3138,"url":"https:\/\/kulturpedagogik.se\/?p=3138","url_meta":{"origin":3462,"position":4},"title":"S\u00e5ngsamling med parallellen","author":"Maria B Hurtig","date":"26 januari, 2018","format":false,"excerpt":"Idag hade vi s\u00e5ngsamling med v\u00e5r parallellklass. Det \u00e4r festligt att tr\u00e4ffas f\u00f6r att sjunga tillsammans. Ibland blir det till och med lite r\u00f6relser och dans. Vi brukar f\u00f6rbereda tv\u00e5 l\u00e5tar var som vi sedan sjunger f\u00f6r varandra och tr\u00e4nar p\u00e5 tillsammans. F\u00f6r att underl\u00e4tta anv\u00e4nder vi ofta bildst\u00f6d antingen\u2026","rel":"","context":"I \u201d\u00c5r F-3\u201d","block_context":{"text":"\u00c5r F-3","link":"https:\/\/kulturpedagogik.se\/?cat=1"},"img":{"alt_text":"","src":"https:\/\/i0.wp.com\/media1.kulturpedagogik.se\/2018\/01\/img_7256.jpg?fit=1200%2C900&ssl=1&resize=350%2C200","width":350,"height":200,"srcset":"https:\/\/i0.wp.com\/media1.kulturpedagogik.se\/2018\/01\/img_7256.jpg?fit=1200%2C900&ssl=1&resize=350%2C200 1x, https:\/\/i0.wp.com\/media1.kulturpedagogik.se\/2018\/01\/img_7256.jpg?fit=1200%2C900&ssl=1&resize=525%2C300 1.5x, https:\/\/i0.wp.com\/media1.kulturpedagogik.se\/2018\/01\/img_7256.jpg?fit=1200%2C900&ssl=1&resize=700%2C400 2x, https:\/\/i0.wp.com\/media1.kulturpedagogik.se\/2018\/01\/img_7256.jpg?fit=1200%2C900&ssl=1&resize=1050%2C600 3x"},"classes":[]},{"id":1185,"url":"https:\/\/kulturpedagogik.se\/?p=1185","url_meta":{"origin":3462,"position":5},"title":"Geometri f\u00f6r delaktighet","author":"Maria B Hurtig","date":"6 oktober, 2016","format":false,"excerpt":"Det \u00e4r kulturvecka i Nyn\u00e4shamn och f\u00f6r att uppm\u00e4rksamma detta invigde vi idag ett gemensamt konstverk skapat av barnen i F-3 p\u00e5 Svandammsskolan. Var och en hade f\u00e5tt i uppgift att g\u00f6ra en geometrisk form med m\u00e5lad yta eller bara urklippt ur f\u00e4rgad kartong. De tillverkades i klassrummen och sedan\u2026","rel":"","context":"I \u201d\u00c5r F-3\u201d","block_context":{"text":"\u00c5r F-3","link":"https:\/\/kulturpedagogik.se\/?cat=1"},"img":{"alt_text":"","src":"https:\/\/i0.wp.com\/media1.kulturpedagogik.se\/2016\/10\/img_4589-1.jpg?fit=1200%2C900&ssl=1&resize=350%2C200","width":350,"height":200,"srcset":"https:\/\/i0.wp.com\/media1.kulturpedagogik.se\/2016\/10\/img_4589-1.jpg?fit=1200%2C900&ssl=1&resize=350%2C200 1x, https:\/\/i0.wp.com\/media1.kulturpedagogik.se\/2016\/10\/img_4589-1.jpg?fit=1200%2C900&ssl=1&resize=525%2C300 1.5x, https:\/\/i0.wp.com\/media1.kulturpedagogik.se\/2016\/10\/img_4589-1.jpg?fit=1200%2C900&ssl=1&resize=700%2C400 2x, https:\/\/i0.wp.com\/media1.kulturpedagogik.se\/2016\/10\/img_4589-1.jpg?fit=1200%2C900&ssl=1&resize=1050%2C600 3x"},"classes":[]}],"_links":{"self":[{"href":"https:\/\/kulturpedagogik.se\/index.php?rest_route=\/wp\/v2\/posts\/3462","targetHints":{"allow":["GET"]}}],"collection":[{"href":"https:\/\/kulturpedagogik.se\/index.php?rest_route=\/wp\/v2\/posts"}],"about":[{"href":"https:\/\/kulturpedagogik.se\/index.php?rest_route=\/wp\/v2\/types\/post"}],"author":[{"embeddable":true,"href":"https:\/\/kulturpedagogik.se\/index.php?rest_route=\/wp\/v2\/users\/1"}],"replies":[{"embeddable":true,"href":"https:\/\/kulturpedagogik.se\/index.php?rest_route=%2Fwp%2Fv2%2Fcomments&post=3462"}],"version-history":[{"count":7,"href":"https:\/\/kulturpedagogik.se\/index.php?rest_route=\/wp\/v2\/posts\/3462\/revisions"}],"predecessor-version":[{"id":3632,"href":"https:\/\/kulturpedagogik.se\/index.php?rest_route=\/wp\/v2\/posts\/3462\/revisions\/3632"}],"wp:featuredmedia":[{"embeddable":true,"href":"https:\/\/kulturpedagogik.se\/index.php?rest_route=\/wp\/v2\/media\/3461"}],"wp:attachment":[{"href":"https:\/\/kulturpedagogik.se\/index.php?rest_route=%2Fwp%2Fv2%2Fmedia&parent=3462"}],"wp:term":[{"taxonomy":"category","embeddable":true,"href":"https:\/\/kulturpedagogik.se\/index.php?rest_route=%2Fwp%2Fv2%2Fcategories&post=3462"},{"taxonomy":"post_tag","embeddable":true,"href":"https:\/\/kulturpedagogik.se\/index.php?rest_route=%2Fwp%2Fv2%2Ftags&post=3462"}],"curies":[{"name":"wp","href":"https:\/\/api.w.org\/{rel}","templated":true}]}}