{"id":3159,"date":"2018-02-01T13:14:40","date_gmt":"2018-02-01T13:14:40","guid":{"rendered":"http:\/\/kulturpedagogik.se\/?p=3159"},"modified":"2018-02-03T11:43:42","modified_gmt":"2018-02-03T11:43:42","slug":"sexaringar-soker-sitt-spar","status":"publish","type":"post","link":"https:\/\/kulturpedagogik.se\/?p=3159","title":{"rendered":"Sex\u00e5ringar s\u00f6ker sitt sp\u00e5r"},"content":{"rendered":"<p><img data-recalc-dims=\"1\" loading=\"lazy\" decoding=\"async\" class=\"wp-image-3158 size-full\" src=\"https:\/\/i0.wp.com\/media1.kulturpedagogik.se\/2018\/02\/img_7281.jpg?resize=860%2C645\" width=\"860\" height=\"645\" srcset=\"https:\/\/i0.wp.com\/media1.kulturpedagogik.se\/2018\/02\/img_7281.jpg?w=3264&amp;ssl=1 3264w, https:\/\/i0.wp.com\/media1.kulturpedagogik.se\/2018\/02\/img_7281.jpg?resize=150%2C113&amp;ssl=1 150w, https:\/\/i0.wp.com\/media1.kulturpedagogik.se\/2018\/02\/img_7281.jpg?resize=300%2C225&amp;ssl=1 300w, https:\/\/i0.wp.com\/media1.kulturpedagogik.se\/2018\/02\/img_7281.jpg?resize=768%2C576&amp;ssl=1 768w, https:\/\/i0.wp.com\/media1.kulturpedagogik.se\/2018\/02\/img_7281.jpg?resize=1365%2C1024&amp;ssl=1 1365w, https:\/\/i0.wp.com\/media1.kulturpedagogik.se\/2018\/02\/img_7281.jpg?w=1720 1720w, https:\/\/i0.wp.com\/media1.kulturpedagogik.se\/2018\/02\/img_7281.jpg?w=2580 2580w\" sizes=\"auto, (max-width: 860px) 100vw, 860px\" \/> Det \u00e4r en ynnest att f\u00e5 undervisa sex\u00e5ringar d\u00e5 deras kunskapst\u00f6rst \u00e4r stor och viljan att \u00f6va likas\u00e5. Idag observerade jag att n\u00e5gra barn h\u00e4rmat mina teckningar p\u00e5 tavlan. Jag ritade d\u00e4r ett antal illustrationer h\u00e4rom dagen d\u00e5 vi sjunger en s\u00e5ng p\u00e5 engelska och beh\u00f6ver anv\u00e4nda bildst\u00f6d. Nu hade barnen i leken h\u00e4rmat alla teckningarna. Det \u00e4r kul att notera barnens egen inre motivation att l\u00e4ra. Det v\u00e4rmer ett l\u00e4rarhj\u00e4rta.<\/p>\n","protected":false},"excerpt":{"rendered":"<p>Det &auml;r en ynnest att f&aring; undervisa sex&aring;ringar d&aring; deras kunskapst&ouml;rst &auml;r stor och viljan att &ouml;va likas&aring;. Idag observerade jag att n&aring;gra barn h&auml;rmat mina teckningar p&aring; tavlan. Jag ritade d&auml;r ett antal illustrationer h&auml;rom dagen d&aring; vi sjunger&hellip;<\/p>\n<p class=\"more-link-p\"><a class=\"more-link\" href=\"https:\/\/kulturpedagogik.se\/?p=3159\">Read more &rarr;<\/a><\/p>\n","protected":false},"author":1,"featured_media":3158,"comment_status":"open","ping_status":"open","sticky":false,"template":"","format":"standard","meta":{"jetpack_post_was_ever_published":false,"_jetpack_newsletter_access":"","_jetpack_dont_email_post_to_subs":false,"_jetpack_newsletter_tier_id":0,"_jetpack_memberships_contains_paywalled_content":false,"_jetpack_memberships_contains_paid_content":false,"footnotes":"","jetpack_publicize_message":"","jetpack_publicize_feature_enabled":true,"jetpack_social_post_already_shared":true,"jetpack_social_options":{"image_generator_settings":{"template":"highway","default_image_id":0,"font":"","enabled":false},"version":2}},"categories":[1],"tags":[28,39,41,42,13],"class_list":["post-3159","post","type-post","status-publish","format-standard","has-post-thumbnail","hentry","category-ar-1-3","tag-bild","tag-inkluderande","tag-lek","tag-skolkultur","tag-svenska"],"jetpack_publicize_connections":[],"jetpack_featured_media_url":"https:\/\/i0.wp.com\/media1.kulturpedagogik.se\/2018\/02\/img_7281.jpg?fit=3264%2C2448&ssl=1","jetpack_sharing_enabled":true,"jetpack_shortlink":"https:\/\/wp.me\/p7YLN2-OX","jetpack-related-posts":[{"id":5431,"url":"https:\/\/kulturpedagogik.se\/?p=5431","url_meta":{"origin":3159,"position":0},"title":"Utveckla och f\u00f6rb\u00e4ttra undervisningen","author":"Maria B Hurtig","date":"7 december, 2021","format":false,"excerpt":"F\u00f6rra \u00e5ret bloggade jag om hur en kollega Gunnilla i \u00e5k 1 inspirerade l\u00e4rarna i f\u00f6rskoleklassen att l\u00e5ta eleverna skriva utifr\u00e5n illustrationer av Elsa Beskow h\u00e4r. Det var ett lyckat grepp och d\u00e4rf\u00f6r tar l\u00e4rarna i F nu upp igen denna vinter och utvecklar samtidigt och f\u00f6rb\u00e4ttrar kvalitet. Sn\u00f6bollskrig appellerar\u2026","rel":"","context":"I \u201d\u00c5r F-3\u201d","block_context":{"text":"\u00c5r F-3","link":"https:\/\/kulturpedagogik.se\/?cat=1"},"img":{"alt_text":"","src":"https:\/\/i0.wp.com\/media1.kulturpedagogik.se\/2021\/12\/img_3914-scaled.jpg?fit=900%2C1200&ssl=1&resize=350%2C200","width":350,"height":200,"srcset":"https:\/\/i0.wp.com\/media1.kulturpedagogik.se\/2021\/12\/img_3914-scaled.jpg?fit=900%2C1200&ssl=1&resize=350%2C200 1x, https:\/\/i0.wp.com\/media1.kulturpedagogik.se\/2021\/12\/img_3914-scaled.jpg?fit=900%2C1200&ssl=1&resize=525%2C300 1.5x, https:\/\/i0.wp.com\/media1.kulturpedagogik.se\/2021\/12\/img_3914-scaled.jpg?fit=900%2C1200&ssl=1&resize=700%2C400 2x"},"classes":[]},{"id":4847,"url":"https:\/\/kulturpedagogik.se\/?p=4847","url_meta":{"origin":3159,"position":1},"title":"Rymden och BIG bang &#8211; att resa i socker och salt","author":"Maria B Hurtig","date":"3 februari, 2020","format":false,"excerpt":"I v\u00e5ra f\u00f6rskoleklasser har man b\u00f6rjat jobba med ett tema om BIG Bang och rymden. Det gl\u00e4der mig mycket d\u00e5 tematiskt arbete i allm\u00e4nhet bidrar till att alla elever blir engagerade och hinner med att l\u00e4ra sig och utvecklas \u00e4r min erfarenhet. Inte minst pojkarna i f\u00f6rskoleklass brukar spinna ig\u00e5ng\u2026","rel":"","context":"I \u201d\u00c5r F-3\u201d","block_context":{"text":"\u00c5r F-3","link":"https:\/\/kulturpedagogik.se\/?cat=1"},"img":{"alt_text":"","src":"https:\/\/i0.wp.com\/media1.kulturpedagogik.se\/2020\/02\/img_1218.jpg?fit=1200%2C900&ssl=1&resize=350%2C200","width":350,"height":200,"srcset":"https:\/\/i0.wp.com\/media1.kulturpedagogik.se\/2020\/02\/img_1218.jpg?fit=1200%2C900&ssl=1&resize=350%2C200 1x, https:\/\/i0.wp.com\/media1.kulturpedagogik.se\/2020\/02\/img_1218.jpg?fit=1200%2C900&ssl=1&resize=525%2C300 1.5x, https:\/\/i0.wp.com\/media1.kulturpedagogik.se\/2020\/02\/img_1218.jpg?fit=1200%2C900&ssl=1&resize=700%2C400 2x, https:\/\/i0.wp.com\/media1.kulturpedagogik.se\/2020\/02\/img_1218.jpg?fit=1200%2C900&ssl=1&resize=1050%2C600 3x"},"classes":[]},{"id":1131,"url":"https:\/\/kulturpedagogik.se\/?p=1131","url_meta":{"origin":3159,"position":2},"title":"T\u00e4nkandets pedagogik","author":"Maria B Hurtig","date":"12 september, 2016","format":false,"excerpt":"Idag var vi i skogen med v\u00e5ra sex\u00e5ringar. Det var bara andra g\u00e5ngen som vi var d\u00e4r tillsammans och de verkade m\u00e5ttligt engagerade d\u00e5 vi skulle leka Brasses lek med skogsmaterial. S\u00e4kert satt de och dr\u00f6mde om att forts\u00e4tta med sina kojbyggen. De kom trots detta med m\u00e5nga bra tankar\u2026","rel":"","context":"I \u201d\u00c5r F-3\u201d","block_context":{"text":"\u00c5r F-3","link":"https:\/\/kulturpedagogik.se\/?cat=1"},"img":{"alt_text":"","src":"https:\/\/i0.wp.com\/media1.kulturpedagogik.se\/2016\/09\/img_4426-1.jpg?resize=350%2C200","width":350,"height":200,"srcset":"https:\/\/i0.wp.com\/media1.kulturpedagogik.se\/2016\/09\/img_4426-1.jpg?resize=350%2C200 1x, https:\/\/i0.wp.com\/media1.kulturpedagogik.se\/2016\/09\/img_4426-1.jpg?resize=525%2C300 1.5x, https:\/\/i0.wp.com\/media1.kulturpedagogik.se\/2016\/09\/img_4426-1.jpg?resize=700%2C400 2x, https:\/\/i0.wp.com\/media1.kulturpedagogik.se\/2016\/09\/img_4426-1.jpg?resize=1050%2C600 3x, https:\/\/i0.wp.com\/media1.kulturpedagogik.se\/2016\/09\/img_4426-1.jpg?resize=1400%2C800 4x"},"classes":[]},{"id":2724,"url":"https:\/\/kulturpedagogik.se\/?p=2724","url_meta":{"origin":3159,"position":3},"title":"Kroppen och h\u00e4lsa med skelett och STL","author":"Maria B Hurtig","date":"12 oktober, 2017","format":false,"excerpt":"Vi hade nyligen tema h\u00e4lsa som jag skrivit om h\u00e4r. I samband med det har vi hunnit tala en del om kroppen och viktiga organ. Vi har ocks\u00e5 haft ett benbrott i klassen, d\u00e5 ett barn gjorde sig illa p\u00e5 en lekplats. Nu spinner vi vidare genom att f\u00f6revisa skolans\u2026","rel":"","context":"I \u201d\u00c5r F-3\u201d","block_context":{"text":"\u00c5r F-3","link":"https:\/\/kulturpedagogik.se\/?cat=1"},"img":{"alt_text":"","src":"https:\/\/i0.wp.com\/media1.kulturpedagogik.se\/2017\/10\/img_6666.jpg?fit=900%2C1200&ssl=1&resize=350%2C200","width":350,"height":200,"srcset":"https:\/\/i0.wp.com\/media1.kulturpedagogik.se\/2017\/10\/img_6666.jpg?fit=900%2C1200&ssl=1&resize=350%2C200 1x, https:\/\/i0.wp.com\/media1.kulturpedagogik.se\/2017\/10\/img_6666.jpg?fit=900%2C1200&ssl=1&resize=525%2C300 1.5x, https:\/\/i0.wp.com\/media1.kulturpedagogik.se\/2017\/10\/img_6666.jpg?fit=900%2C1200&ssl=1&resize=700%2C400 2x"},"classes":[]},{"id":4564,"url":"https:\/\/kulturpedagogik.se\/?p=4564","url_meta":{"origin":3159,"position":4},"title":"H\u00e4ngslen, livrem och demokrati","author":"Maria B Hurtig","date":"12 september, 2019","format":false,"excerpt":"Nyligen b\u00f6rjade ett antal sex\u00e5ringar i skolan. Att de \u00e4r fulla av f\u00f6rv\u00e4ntningar kan vi r\u00e4kna med men det \u00e4r inte givet att vi i skolan tar reda p\u00e5 vad de faktiskt hoppas f\u00e5 l\u00e4ra sig. D\u00e4rf\u00f6r blev jag mycket glad att finna tecken p\u00e5 s\u00e5dana samtal d\u00e5 jag s\u00e5g\u2026","rel":"","context":"I \u201d\u00c5r F-3\u201d","block_context":{"text":"\u00c5r F-3","link":"https:\/\/kulturpedagogik.se\/?cat=1"},"img":{"alt_text":"","src":"https:\/\/i0.wp.com\/media1.kulturpedagogik.se\/2019\/09\/img_0681-1.jpg?fit=1200%2C900&ssl=1&resize=350%2C200","width":350,"height":200,"srcset":"https:\/\/i0.wp.com\/media1.kulturpedagogik.se\/2019\/09\/img_0681-1.jpg?fit=1200%2C900&ssl=1&resize=350%2C200 1x, https:\/\/i0.wp.com\/media1.kulturpedagogik.se\/2019\/09\/img_0681-1.jpg?fit=1200%2C900&ssl=1&resize=525%2C300 1.5x, https:\/\/i0.wp.com\/media1.kulturpedagogik.se\/2019\/09\/img_0681-1.jpg?fit=1200%2C900&ssl=1&resize=700%2C400 2x, https:\/\/i0.wp.com\/media1.kulturpedagogik.se\/2019\/09\/img_0681-1.jpg?fit=1200%2C900&ssl=1&resize=1050%2C600 3x"},"classes":[]},{"id":3597,"url":"https:\/\/kulturpedagogik.se\/?p=3597","url_meta":{"origin":3159,"position":5},"title":"Tema v\u00e5ren och vattnets kretslopp","author":"Maria B Hurtig","date":"26 mars, 2018","format":false,"excerpt":"Den h\u00e4r veckan har det b\u00f6rjat t\u00f6a ordentligt. Nu passar det mycket bra att p\u00e5b\u00f6rja ett tema om v\u00e5ren och vattnets kretslopp genom att l\u00e4sa Olles skidf\u00e4rd av Elsa Beskow. I f\u00f6rskoleklassen blev eleverna som trollbundna av historien. Jag tror det h\u00e4nger samman med att den \u00e4r aktuell f\u00f6r dem\u2026","rel":"","context":"I \u201d\u00c5r F-3\u201d","block_context":{"text":"\u00c5r F-3","link":"https:\/\/kulturpedagogik.se\/?cat=1"},"img":{"alt_text":"","src":"https:\/\/i0.wp.com\/media1.kulturpedagogik.se\/2018\/03\/img_7568.jpg?resize=350%2C200","width":350,"height":200},"classes":[]}],"_links":{"self":[{"href":"https:\/\/kulturpedagogik.se\/index.php?rest_route=\/wp\/v2\/posts\/3159","targetHints":{"allow":["GET"]}}],"collection":[{"href":"https:\/\/kulturpedagogik.se\/index.php?rest_route=\/wp\/v2\/posts"}],"about":[{"href":"https:\/\/kulturpedagogik.se\/index.php?rest_route=\/wp\/v2\/types\/post"}],"author":[{"embeddable":true,"href":"https:\/\/kulturpedagogik.se\/index.php?rest_route=\/wp\/v2\/users\/1"}],"replies":[{"embeddable":true,"href":"https:\/\/kulturpedagogik.se\/index.php?rest_route=%2Fwp%2Fv2%2Fcomments&post=3159"}],"version-history":[{"count":1,"href":"https:\/\/kulturpedagogik.se\/index.php?rest_route=\/wp\/v2\/posts\/3159\/revisions"}],"predecessor-version":[{"id":3202,"href":"https:\/\/kulturpedagogik.se\/index.php?rest_route=\/wp\/v2\/posts\/3159\/revisions\/3202"}],"wp:featuredmedia":[{"embeddable":true,"href":"https:\/\/kulturpedagogik.se\/index.php?rest_route=\/wp\/v2\/media\/3158"}],"wp:attachment":[{"href":"https:\/\/kulturpedagogik.se\/index.php?rest_route=%2Fwp%2Fv2%2Fmedia&parent=3159"}],"wp:term":[{"taxonomy":"category","embeddable":true,"href":"https:\/\/kulturpedagogik.se\/index.php?rest_route=%2Fwp%2Fv2%2Fcategories&post=3159"},{"taxonomy":"post_tag","embeddable":true,"href":"https:\/\/kulturpedagogik.se\/index.php?rest_route=%2Fwp%2Fv2%2Ftags&post=3159"}],"curies":[{"name":"wp","href":"https:\/\/api.w.org\/{rel}","templated":true}]}}