{"id":3020,"date":"2018-01-09T06:43:26","date_gmt":"2018-01-09T06:43:26","guid":{"rendered":"http:\/\/kulturpedagogik.se\/?p=3020"},"modified":"2018-01-16T19:11:21","modified_gmt":"2018-01-16T19:11:21","slug":"nyarsraketer","status":"publish","type":"post","link":"https:\/\/kulturpedagogik.se\/?p=3020","title":{"rendered":"Ny\u00e5rsraketer"},"content":{"rendered":"<p><img data-recalc-dims=\"1\" loading=\"lazy\" decoding=\"async\" class=\"wp-image-3019 size-full\" src=\"https:\/\/i0.wp.com\/media1.kulturpedagogik.se\/2018\/01\/img_7180.jpg?resize=860%2C645\" width=\"860\" height=\"645\" srcset=\"https:\/\/i0.wp.com\/media1.kulturpedagogik.se\/2018\/01\/img_7180.jpg?w=3264&amp;ssl=1 3264w, https:\/\/i0.wp.com\/media1.kulturpedagogik.se\/2018\/01\/img_7180.jpg?resize=150%2C113&amp;ssl=1 150w, https:\/\/i0.wp.com\/media1.kulturpedagogik.se\/2018\/01\/img_7180.jpg?resize=300%2C225&amp;ssl=1 300w, https:\/\/i0.wp.com\/media1.kulturpedagogik.se\/2018\/01\/img_7180.jpg?resize=768%2C576&amp;ssl=1 768w, https:\/\/i0.wp.com\/media1.kulturpedagogik.se\/2018\/01\/img_7180.jpg?resize=1365%2C1024&amp;ssl=1 1365w, https:\/\/i0.wp.com\/media1.kulturpedagogik.se\/2018\/01\/img_7180.jpg?resize=800%2C600&amp;ssl=1 800w, https:\/\/i0.wp.com\/media1.kulturpedagogik.se\/2018\/01\/img_7180.jpg?w=1720 1720w, https:\/\/i0.wp.com\/media1.kulturpedagogik.se\/2018\/01\/img_7180.jpg?w=2580 2580w\" sizes=\"auto, (max-width: 860px) 100vw, 860px\" \/><\/p>\n<p>Vi t\u00e4nker g\u00f6ra ny\u00e5rsraketer i f\u00f6rskoleklassen. Meningen \u00e4r att varje barn ska skriva n\u00e5got som de vill utveckla under det nya \u00e5ret.<\/p>\n<ul>\n<li>Vi jobbar p\u00e5 en svart A5. Skriv namn bakp\u00e5 eller i h\u00f6ger h\u00f6rn.<\/li>\n<li>Vi skriver vad vi vill utveckla p\u00e5 f\u00e4rgat papper. (Jag brukar f\u00f6rbereda s\u00e5 att det finns sm\u00e5 papper att ta f\u00f6r att minska svinnet.)<\/li>\n<li>Vi klipper runt det skrivna ut raketens ovala eller cirkul\u00e4ra mitt i det f\u00e4rgade pappret.<\/li>\n<li>Vi limmar den f\u00f6rsta ovalen p\u00e5 ett papper av annan f\u00e4rg och klipper d\u00e4refter runt ovalen s\u00e5 den f\u00e5r en ram.<\/li>\n<li>Ovalen med sin f\u00e4rgade ram f\u00e4sts p\u00e5 det svarta underlaget.<\/li>\n<li>Vi m\u00e5lar med lim f\u00f6r att skapa explosionen.<\/li>\n<li>Vi h\u00e4ller p\u00e5 salt p\u00e5 limmet.<\/li>\n<li>Vi f\u00e4rgl\u00e4gger saltet med vattenf\u00e4rg.<\/li>\n<\/ul>\n","protected":false},"excerpt":{"rendered":"<p>Vi t&auml;nker g&ouml;ra ny&aring;rsraketer i f&ouml;rskoleklassen. Meningen &auml;r att varje barn ska skriva n&aring;got som de vill utveckla under det nya &aring;ret. Vi jobbar p&aring; en svart A5. Skriv namn bakp&aring; eller i h&ouml;ger h&ouml;rn. Vi skriver vad vi vill&hellip;<\/p>\n<p class=\"more-link-p\"><a class=\"more-link\" href=\"https:\/\/kulturpedagogik.se\/?p=3020\">Read more &rarr;<\/a><\/p>\n","protected":false},"author":1,"featured_media":0,"comment_status":"open","ping_status":"open","sticky":false,"template":"","format":"standard","meta":{"jetpack_post_was_ever_published":false,"_jetpack_newsletter_access":"","_jetpack_dont_email_post_to_subs":false,"_jetpack_newsletter_tier_id":0,"_jetpack_memberships_contains_paywalled_content":false,"_jetpack_memberships_contains_paid_content":false,"footnotes":"","jetpack_publicize_message":"","jetpack_publicize_feature_enabled":true,"jetpack_social_post_already_shared":true,"jetpack_social_options":{"image_generator_settings":{"template":"highway","default_image_id":0,"font":"","enabled":false},"version":2}},"categories":[1],"tags":[28,18,16,13],"class_list":["post-3020","post","type-post","status-publish","format-standard","hentry","category-ar-1-3","tag-bild","tag-interkulturalitet","tag-matematik","tag-svenska"],"jetpack_publicize_connections":[],"jetpack_featured_media_url":"","jetpack_sharing_enabled":true,"jetpack_shortlink":"https:\/\/wp.me\/p7YLN2-MI","jetpack-related-posts":[{"id":754,"url":"https:\/\/kulturpedagogik.se\/?p=754","url_meta":{"origin":3020,"position":0},"title":"Klippa o klistra &#8211; bokst\u00e4ver","author":"Maria B Hurtig","date":"6 december, 2014","format":false,"excerpt":"Nu jobbat vi p\u00e5 f\u00f6rskolan som den gamle Matisse. Vi klipper och klistrar f\u00e4rgat papper. Den h\u00e4r g\u00e5ngen blev det bokst\u00e4ver.","rel":"","context":"I \u201d\u00c5r F-3\u201d","block_context":{"text":"\u00c5r F-3","link":"https:\/\/kulturpedagogik.se\/?cat=1"},"img":{"alt_text":"","src":"https:\/\/i0.wp.com\/media1.kulturpedagogik.se\/2014\/12\/IMG_2240-0.jpg?fit=1200%2C900&ssl=1&resize=350%2C200","width":350,"height":200,"srcset":"https:\/\/i0.wp.com\/media1.kulturpedagogik.se\/2014\/12\/IMG_2240-0.jpg?fit=1200%2C900&ssl=1&resize=350%2C200 1x, https:\/\/i0.wp.com\/media1.kulturpedagogik.se\/2014\/12\/IMG_2240-0.jpg?fit=1200%2C900&ssl=1&resize=525%2C300 1.5x, https:\/\/i0.wp.com\/media1.kulturpedagogik.se\/2014\/12\/IMG_2240-0.jpg?fit=1200%2C900&ssl=1&resize=700%2C400 2x, https:\/\/i0.wp.com\/media1.kulturpedagogik.se\/2014\/12\/IMG_2240-0.jpg?fit=1200%2C900&ssl=1&resize=1050%2C600 3x"},"classes":[]},{"id":2976,"url":"https:\/\/kulturpedagogik.se\/?p=2976","url_meta":{"origin":3020,"position":1},"title":"Finmotorik och varierad repetition","author":"Maria B Hurtig","date":"12 december, 2017","format":false,"excerpt":"Vi har jobbat med talen 1-9 under f\u00f6rsta terminen i f\u00f6rskoleklassen. Mycket har det handlat om taluppfattning och det m\u00e5ste vi forts\u00e4tta med. Dvs antalet som \u00e5syftas. Oftast anv\u00e4nder vi praktiska representationer f\u00f6r att skapa en f\u00f6rst\u00e5else och ge barnen inre bilder att luta sig mot som jag skrivit om\u2026","rel":"","context":"I \u201d\u00c5r F-3\u201d","block_context":{"text":"\u00c5r F-3","link":"https:\/\/kulturpedagogik.se\/?cat=1"},"img":{"alt_text":"","src":"https:\/\/i0.wp.com\/media1.kulturpedagogik.se\/2017\/12\/img_7098.jpg?fit=900%2C1200&ssl=1&resize=350%2C200","width":350,"height":200,"srcset":"https:\/\/i0.wp.com\/media1.kulturpedagogik.se\/2017\/12\/img_7098.jpg?fit=900%2C1200&ssl=1&resize=350%2C200 1x, https:\/\/i0.wp.com\/media1.kulturpedagogik.se\/2017\/12\/img_7098.jpg?fit=900%2C1200&ssl=1&resize=525%2C300 1.5x, https:\/\/i0.wp.com\/media1.kulturpedagogik.se\/2017\/12\/img_7098.jpg?fit=900%2C1200&ssl=1&resize=700%2C400 2x"},"classes":[]},{"id":2428,"url":"https:\/\/kulturpedagogik.se\/?p=2428","url_meta":{"origin":3020,"position":2},"title":"Trivsel och milj\u00f6 f\u00f6r skapande","author":"Maria B Hurtig","date":"30 augusti, 2017","format":false,"excerpt":"S\u00e5h\u00e4r i b\u00f6rjan p\u00e5 l\u00e4s\u00e5ret pratar vi om hur vi vill ha det f\u00f6r att trivas i skolan. Alla barn har synpunkter p\u00e5 hur det ska vara och exempel p\u00e5 vad man f\u00e5r och inte f\u00e5r g\u00f6ra. Efter att vi diskuterat vill vi g\u00f6ra regler att s\u00e4tta p\u00e5 v\u00e4ggen och\u2026","rel":"","context":"I \u201d\u00c5r F-3\u201d","block_context":{"text":"\u00c5r F-3","link":"https:\/\/kulturpedagogik.se\/?cat=1"},"img":{"alt_text":"","src":"https:\/\/i0.wp.com\/media1.kulturpedagogik.se\/2017\/08\/img_6381.jpg?fit=900%2C1200&ssl=1&resize=350%2C200","width":350,"height":200,"srcset":"https:\/\/i0.wp.com\/media1.kulturpedagogik.se\/2017\/08\/img_6381.jpg?fit=900%2C1200&ssl=1&resize=350%2C200 1x, https:\/\/i0.wp.com\/media1.kulturpedagogik.se\/2017\/08\/img_6381.jpg?fit=900%2C1200&ssl=1&resize=525%2C300 1.5x, https:\/\/i0.wp.com\/media1.kulturpedagogik.se\/2017\/08\/img_6381.jpg?fit=900%2C1200&ssl=1&resize=700%2C400 2x"},"classes":[]},{"id":1297,"url":"https:\/\/kulturpedagogik.se\/?p=1297","url_meta":{"origin":3020,"position":3},"title":"Siffror att klippa\u00a0","author":"Maria B Hurtig","date":"25 oktober, 2016","format":false,"excerpt":"Idag har vi klippt och klistrat igen och ritat siffror med hj\u00e4lp av mallar. Barnen var m\u00e4kta stolta \u00f6ver sina alster och vill g\u00e4rna ta hem och visa. Det ska de f\u00e5 g\u00f6ra men f\u00f6rst f\u00e5r verken sitta uppe n\u00e5gra dagar. Det \u00e4r enkelt att \"st\u00e4lla ut\"i de plastfickor som\u2026","rel":"","context":"I \u201d\u00c5r F-3\u201d","block_context":{"text":"\u00c5r F-3","link":"https:\/\/kulturpedagogik.se\/?cat=1"},"img":{"alt_text":"","src":"https:\/\/i0.wp.com\/media1.kulturpedagogik.se\/2016\/10\/img_4726-2.jpg?fit=1200%2C900&ssl=1&resize=350%2C200","width":350,"height":200,"srcset":"https:\/\/i0.wp.com\/media1.kulturpedagogik.se\/2016\/10\/img_4726-2.jpg?fit=1200%2C900&ssl=1&resize=350%2C200 1x, https:\/\/i0.wp.com\/media1.kulturpedagogik.se\/2016\/10\/img_4726-2.jpg?fit=1200%2C900&ssl=1&resize=525%2C300 1.5x, https:\/\/i0.wp.com\/media1.kulturpedagogik.se\/2016\/10\/img_4726-2.jpg?fit=1200%2C900&ssl=1&resize=700%2C400 2x, https:\/\/i0.wp.com\/media1.kulturpedagogik.se\/2016\/10\/img_4726-2.jpg?fit=1200%2C900&ssl=1&resize=1050%2C600 3x"},"classes":[]},{"id":1957,"url":"https:\/\/kulturpedagogik.se\/?p=1957","url_meta":{"origin":3020,"position":4},"title":"Mot slutet av Bornholm &#8211; vi &#8221;levlar upp&#8221; till randigt papper","author":"Maria B Hurtig","date":"27 mars, 2017","format":false,"excerpt":"Vi b\u00f6rjar komma mot slutet i boken spr\u00e5klekar enligt Bornholmsmodellen och m\u00e5nga av barnen i v\u00e5r grupp har en god fonologisk medvetenhet och kan redan alla bokst\u00e4ver. D\u00e4rf\u00f6r f\u00f6rs\u00f6ker vi utmana dem att skriva ord n\u00e4r vi g\u00f6r v\u00e5ra \u00f6vningar. I f\u00f6rra veckan delade vi ut ett nytt material som\u2026","rel":"","context":"I \u201d\u00c5r F-3\u201d","block_context":{"text":"\u00c5r F-3","link":"https:\/\/kulturpedagogik.se\/?cat=1"},"img":{"alt_text":"","src":"https:\/\/i0.wp.com\/media1.kulturpedagogik.se\/2017\/03\/img_5584-1.jpg?fit=900%2C1200&ssl=1&resize=350%2C200","width":350,"height":200,"srcset":"https:\/\/i0.wp.com\/media1.kulturpedagogik.se\/2017\/03\/img_5584-1.jpg?fit=900%2C1200&ssl=1&resize=350%2C200 1x, https:\/\/i0.wp.com\/media1.kulturpedagogik.se\/2017\/03\/img_5584-1.jpg?fit=900%2C1200&ssl=1&resize=525%2C300 1.5x, https:\/\/i0.wp.com\/media1.kulturpedagogik.se\/2017\/03\/img_5584-1.jpg?fit=900%2C1200&ssl=1&resize=700%2C400 2x"},"classes":[]},{"id":3050,"url":"https:\/\/kulturpedagogik.se\/?p=3050","url_meta":{"origin":3020,"position":5},"title":"M\u00e5l med stj\u00e4rnor och raketer visar progression","author":"Maria B Hurtig","date":"14 januari, 2018","format":false,"excerpt":"Jag skrev om hur vi t\u00e4nkte gestalta v\u00e5ra m\u00e5l som ny\u00e5rsraketer h\u00e4r. Nu har vi satt upp dem i elevhallen och korridoren d\u00e4r alla klasser F-3 ocks\u00e5 skrivit m\u00e5l och gestaltat med lite olika varianter, stj\u00e4rnor och raketer. En h\u00e4rlig f\u00e4rgexplosion med mening. De inte bara lyser upp v\u00e5r v\u00e4g\u2026","rel":"","context":"I \u201d\u00c5r F-3\u201d","block_context":{"text":"\u00c5r F-3","link":"https:\/\/kulturpedagogik.se\/?cat=1"},"img":{"alt_text":"","src":"https:\/\/i0.wp.com\/media1.kulturpedagogik.se\/2018\/01\/img_7202.jpg?fit=607%2C455&ssl=1&resize=350%2C200","width":350,"height":200,"srcset":"https:\/\/i0.wp.com\/media1.kulturpedagogik.se\/2018\/01\/img_7202.jpg?fit=607%2C455&ssl=1&resize=350%2C200 1x, https:\/\/i0.wp.com\/media1.kulturpedagogik.se\/2018\/01\/img_7202.jpg?fit=607%2C455&ssl=1&resize=525%2C300 1.5x"},"classes":[]}],"_links":{"self":[{"href":"https:\/\/kulturpedagogik.se\/index.php?rest_route=\/wp\/v2\/posts\/3020","targetHints":{"allow":["GET"]}}],"collection":[{"href":"https:\/\/kulturpedagogik.se\/index.php?rest_route=\/wp\/v2\/posts"}],"about":[{"href":"https:\/\/kulturpedagogik.se\/index.php?rest_route=\/wp\/v2\/types\/post"}],"author":[{"embeddable":true,"href":"https:\/\/kulturpedagogik.se\/index.php?rest_route=\/wp\/v2\/users\/1"}],"replies":[{"embeddable":true,"href":"https:\/\/kulturpedagogik.se\/index.php?rest_route=%2Fwp%2Fv2%2Fcomments&post=3020"}],"version-history":[{"count":4,"href":"https:\/\/kulturpedagogik.se\/index.php?rest_route=\/wp\/v2\/posts\/3020\/revisions"}],"predecessor-version":[{"id":3090,"href":"https:\/\/kulturpedagogik.se\/index.php?rest_route=\/wp\/v2\/posts\/3020\/revisions\/3090"}],"wp:attachment":[{"href":"https:\/\/kulturpedagogik.se\/index.php?rest_route=%2Fwp%2Fv2%2Fmedia&parent=3020"}],"wp:term":[{"taxonomy":"category","embeddable":true,"href":"https:\/\/kulturpedagogik.se\/index.php?rest_route=%2Fwp%2Fv2%2Fcategories&post=3020"},{"taxonomy":"post_tag","embeddable":true,"href":"https:\/\/kulturpedagogik.se\/index.php?rest_route=%2Fwp%2Fv2%2Ftags&post=3020"}],"curies":[{"name":"wp","href":"https:\/\/api.w.org\/{rel}","templated":true}]}}