{"id":2994,"date":"2017-12-18T20:34:07","date_gmt":"2017-12-18T20:34:07","guid":{"rendered":"http:\/\/kulturpedagogik.se\/?p=2994"},"modified":"2018-01-16T19:16:44","modified_gmt":"2018-01-16T19:16:44","slug":"julgran-som-luciapyssel","status":"publish","type":"post","link":"https:\/\/kulturpedagogik.se\/?p=2994","title":{"rendered":"Julgran som luciapyssel"},"content":{"rendered":"<p><img data-recalc-dims=\"1\" loading=\"lazy\" decoding=\"async\" class=\"wp-image-2995 size-full\" src=\"https:\/\/i0.wp.com\/media1.kulturpedagogik.se\/2017\/12\/img_7117.jpg?resize=607%2C455\" width=\"607\" height=\"455\" srcset=\"https:\/\/i0.wp.com\/media1.kulturpedagogik.se\/2017\/12\/img_7117.jpg?w=607&amp;ssl=1 607w, https:\/\/i0.wp.com\/media1.kulturpedagogik.se\/2017\/12\/img_7117.jpg?resize=150%2C112&amp;ssl=1 150w, https:\/\/i0.wp.com\/media1.kulturpedagogik.se\/2017\/12\/img_7117.jpg?resize=300%2C225&amp;ssl=1 300w\" sizes=\"auto, (max-width: 607px) 100vw, 607px\" \/>Varje \u00e5r efter luciat\u00e5get pysslar vi. Det har blivit tradition. I \u00e5r var luciat\u00e5get mycket fint och en pojke i f\u00f6rskoleklassen menade att han f\u00e5tt en t\u00e5r i \u00f6gat!! \u00c5rets luciapyssel blev en julgran. Vi k\u00f6pte in papperskoner och piprensare i guld och silver. Vi klippte lagom stora bitar av silkespapper i gr\u00f6nt. Nu fick barnen riva, skrynkla och doppa i lim. En f\u00f6rlaga hade vi gjort s\u00e5 de skulle kunna se hur det kunde bli. N\u00e4r de sedan t\u00e4ckt konen med gr\u00f6nt fick de h\u00e4mta piprensare och 10 p\u00e4rlor. Av guldpiprensaren gjorde vi en stj\u00e4rna. Av silverpiprensaren blev det en glittergirlang. Och tack vare ett bra lim tror jag de blev ganska h\u00e5llbara. Det \u00e4r ju roligt n\u00e4r pysslet blir n\u00e5got som familjer vill spara och ta fram flera \u00e5r.<img data-recalc-dims=\"1\" loading=\"lazy\" decoding=\"async\" class=\"wp-image-2991 size-full\" src=\"https:\/\/i0.wp.com\/media1.kulturpedagogik.se\/2017\/12\/img_7114.jpg?resize=607%2C455\" width=\"607\" height=\"455\" srcset=\"https:\/\/i0.wp.com\/media1.kulturpedagogik.se\/2017\/12\/img_7114.jpg?w=607&amp;ssl=1 607w, https:\/\/i0.wp.com\/media1.kulturpedagogik.se\/2017\/12\/img_7114.jpg?resize=150%2C112&amp;ssl=1 150w, https:\/\/i0.wp.com\/media1.kulturpedagogik.se\/2017\/12\/img_7114.jpg?resize=300%2C225&amp;ssl=1 300w\" sizes=\"auto, (max-width: 607px) 100vw, 607px\" \/><img data-recalc-dims=\"1\" loading=\"lazy\" decoding=\"async\" class=\"wp-image-2990 size-full\" src=\"https:\/\/i0.wp.com\/media1.kulturpedagogik.se\/2017\/12\/img_7115.jpg?resize=607%2C455\" width=\"607\" height=\"455\" srcset=\"https:\/\/i0.wp.com\/media1.kulturpedagogik.se\/2017\/12\/img_7115.jpg?w=607&amp;ssl=1 607w, https:\/\/i0.wp.com\/media1.kulturpedagogik.se\/2017\/12\/img_7115.jpg?resize=150%2C112&amp;ssl=1 150w, https:\/\/i0.wp.com\/media1.kulturpedagogik.se\/2017\/12\/img_7115.jpg?resize=300%2C225&amp;ssl=1 300w\" sizes=\"auto, (max-width: 607px) 100vw, 607px\" \/><img data-recalc-dims=\"1\" loading=\"lazy\" decoding=\"async\" class=\"wp-image-2992 size-full\" src=\"https:\/\/i0.wp.com\/media1.kulturpedagogik.se\/2017\/12\/img_7116.jpg?resize=607%2C455\" width=\"607\" height=\"455\" srcset=\"https:\/\/i0.wp.com\/media1.kulturpedagogik.se\/2017\/12\/img_7116.jpg?w=607&amp;ssl=1 607w, https:\/\/i0.wp.com\/media1.kulturpedagogik.se\/2017\/12\/img_7116.jpg?resize=150%2C112&amp;ssl=1 150w, https:\/\/i0.wp.com\/media1.kulturpedagogik.se\/2017\/12\/img_7116.jpg?resize=300%2C225&amp;ssl=1 300w\" sizes=\"auto, (max-width: 607px) 100vw, 607px\" \/><img data-recalc-dims=\"1\" loading=\"lazy\" decoding=\"async\" class=\"wp-image-2993 size-full\" src=\"https:\/\/i0.wp.com\/media1.kulturpedagogik.se\/2017\/12\/img_7112.jpg?resize=607%2C455\" width=\"607\" height=\"455\" srcset=\"https:\/\/i0.wp.com\/media1.kulturpedagogik.se\/2017\/12\/img_7112.jpg?w=607&amp;ssl=1 607w, https:\/\/i0.wp.com\/media1.kulturpedagogik.se\/2017\/12\/img_7112.jpg?resize=150%2C112&amp;ssl=1 150w, https:\/\/i0.wp.com\/media1.kulturpedagogik.se\/2017\/12\/img_7112.jpg?resize=300%2C225&amp;ssl=1 300w\" sizes=\"auto, (max-width: 607px) 100vw, 607px\" \/><img data-recalc-dims=\"1\" loading=\"lazy\" decoding=\"async\" class=\"wp-image-2989 size-full\" src=\"https:\/\/i0.wp.com\/media1.kulturpedagogik.se\/2017\/12\/img_7113.jpg?resize=607%2C455\" width=\"607\" height=\"455\" srcset=\"https:\/\/i0.wp.com\/media1.kulturpedagogik.se\/2017\/12\/img_7113.jpg?w=607&amp;ssl=1 607w, https:\/\/i0.wp.com\/media1.kulturpedagogik.se\/2017\/12\/img_7113.jpg?resize=150%2C112&amp;ssl=1 150w, https:\/\/i0.wp.com\/media1.kulturpedagogik.se\/2017\/12\/img_7113.jpg?resize=300%2C225&amp;ssl=1 300w\" sizes=\"auto, (max-width: 607px) 100vw, 607px\" \/><img data-recalc-dims=\"1\" loading=\"lazy\" decoding=\"async\" class=\"wp-image-2997 size-full\" src=\"https:\/\/i0.wp.com\/media1.kulturpedagogik.se\/2017\/12\/img_7108.jpg?resize=860%2C645\" width=\"860\" height=\"645\" srcset=\"https:\/\/i0.wp.com\/media1.kulturpedagogik.se\/2017\/12\/img_7108.jpg?w=3264&amp;ssl=1 3264w, https:\/\/i0.wp.com\/media1.kulturpedagogik.se\/2017\/12\/img_7108.jpg?resize=150%2C113&amp;ssl=1 150w, https:\/\/i0.wp.com\/media1.kulturpedagogik.se\/2017\/12\/img_7108.jpg?resize=300%2C225&amp;ssl=1 300w, https:\/\/i0.wp.com\/media1.kulturpedagogik.se\/2017\/12\/img_7108.jpg?resize=768%2C576&amp;ssl=1 768w, https:\/\/i0.wp.com\/media1.kulturpedagogik.se\/2017\/12\/img_7108.jpg?resize=1365%2C1024&amp;ssl=1 1365w, https:\/\/i0.wp.com\/media1.kulturpedagogik.se\/2017\/12\/img_7108.jpg?resize=700%2C525&amp;ssl=1 700w, https:\/\/i0.wp.com\/media1.kulturpedagogik.se\/2017\/12\/img_7108.jpg?resize=800%2C600&amp;ssl=1 800w, https:\/\/i0.wp.com\/media1.kulturpedagogik.se\/2017\/12\/img_7108.jpg?w=1720 1720w, https:\/\/i0.wp.com\/media1.kulturpedagogik.se\/2017\/12\/img_7108.jpg?w=2580 2580w\" sizes=\"auto, (max-width: 860px) 100vw, 860px\" \/><\/p>\n","protected":false},"excerpt":{"rendered":"<p>Varje &aring;r efter luciat&aring;get pysslar vi. Det har blivit tradition. I &aring;r var luciat&aring;get mycket fint och en pojke i f&ouml;rskoleklassen menade att han f&aring;tt en t&aring;r i &ouml;gat!! &Aring;rets luciapyssel blev en julgran. Vi k&ouml;pte in papperskoner och piprensare&hellip;<\/p>\n<p class=\"more-link-p\"><a class=\"more-link\" href=\"https:\/\/kulturpedagogik.se\/?p=2994\">Read more &rarr;<\/a><\/p>\n","protected":false},"author":1,"featured_media":2993,"comment_status":"open","ping_status":"open","sticky":false,"template":"","format":"standard","meta":{"jetpack_post_was_ever_published":false,"_jetpack_newsletter_access":"","_jetpack_dont_email_post_to_subs":false,"_jetpack_newsletter_tier_id":0,"_jetpack_memberships_contains_paywalled_content":false,"_jetpack_memberships_contains_paid_content":false,"footnotes":"","jetpack_publicize_message":"","jetpack_publicize_feature_enabled":true,"jetpack_social_post_already_shared":true,"jetpack_social_options":{"image_generator_settings":{"template":"highway","default_image_id":0,"font":"","enabled":false},"version":2}},"categories":[1],"tags":[28,7,42,15],"class_list":["post-2994","post","type-post","status-publish","format-standard","has-post-thumbnail","hentry","category-ar-1-3","tag-bild","tag-musik","tag-skolkultur","tag-teknik"],"jetpack_publicize_connections":[],"jetpack_featured_media_url":"https:\/\/i0.wp.com\/media1.kulturpedagogik.se\/2017\/12\/img_7112.jpg?fit=607%2C455&ssl=1","jetpack_sharing_enabled":true,"jetpack_shortlink":"https:\/\/wp.me\/p7YLN2-Mi","jetpack-related-posts":[{"id":3441,"url":"https:\/\/kulturpedagogik.se\/?p=3441","url_meta":{"origin":2994,"position":0},"title":"Se m\u00f6nster i paradiset","author":"Maria B Hurtig","date":"13 februari, 2018","format":false,"excerpt":"F\u00f6rra veckan skrev jag om hur vi f\u00f6rberedde f\u00f6r ett bes\u00f6k p\u00e5 Naturskolan h\u00e4r. Ig\u00e5r var det dags f\u00f6r avf\u00e4rd. Redan kl:7:40 avt\u00e5gade vi fr\u00e5n skolan f\u00f6r att ta bussen och sedan promenera upp till Nyn\u00e4shamns Naturskola, som ligger p\u00e5 en kulle i skogen invid sj\u00f6n Muskan i \u00d6smo. Barnen\u2026","rel":"","context":"I \u201d\u00c5r F-3\u201d","block_context":{"text":"\u00c5r F-3","link":"https:\/\/kulturpedagogik.se\/?cat=1"},"img":{"alt_text":"","src":"https:\/\/i0.wp.com\/media1.kulturpedagogik.se\/2018\/02\/img_7341.jpg?fit=1200%2C900&ssl=1&resize=350%2C200","width":350,"height":200,"srcset":"https:\/\/i0.wp.com\/media1.kulturpedagogik.se\/2018\/02\/img_7341.jpg?fit=1200%2C900&ssl=1&resize=350%2C200 1x, https:\/\/i0.wp.com\/media1.kulturpedagogik.se\/2018\/02\/img_7341.jpg?fit=1200%2C900&ssl=1&resize=525%2C300 1.5x, https:\/\/i0.wp.com\/media1.kulturpedagogik.se\/2018\/02\/img_7341.jpg?fit=1200%2C900&ssl=1&resize=700%2C400 2x, https:\/\/i0.wp.com\/media1.kulturpedagogik.se\/2018\/02\/img_7341.jpg?fit=1200%2C900&ssl=1&resize=1050%2C600 3x"},"classes":[]},{"id":3860,"url":"https:\/\/kulturpedagogik.se\/?p=3860","url_meta":{"origin":2994,"position":1},"title":"Planera och konstruera vattnets kretslopp","author":"Maria B Hurtig","date":"25 maj, 2018","format":false,"excerpt":"Under v\u00e5ren har vi jobbat med vattnets kretslopp som jag skrivit om h\u00e4r, h\u00e4r och h\u00e4r. Med avstamp Elsa Beskows Olles skidf\u00e4rd kom vi att b\u00f6rja tala om vattnets olika tillst\u00e5nd. D\u00e4rifr\u00e5n har vi kommit en l\u00e5ng v\u00e4g via f\u00e5glar, insekter och v\u00e5ren. Vi har l\u00e4rt oss om allemansr\u00e4tten. Vi\u2026","rel":"","context":"I \u201d\u00c5r F-3\u201d","block_context":{"text":"\u00c5r F-3","link":"https:\/\/kulturpedagogik.se\/?cat=1"},"img":{"alt_text":"","src":"https:\/\/i0.wp.com\/media1.kulturpedagogik.se\/2018\/05\/img_7869-1-1.jpg?fit=1200%2C900&ssl=1&resize=350%2C200","width":350,"height":200,"srcset":"https:\/\/i0.wp.com\/media1.kulturpedagogik.se\/2018\/05\/img_7869-1-1.jpg?fit=1200%2C900&ssl=1&resize=350%2C200 1x, https:\/\/i0.wp.com\/media1.kulturpedagogik.se\/2018\/05\/img_7869-1-1.jpg?fit=1200%2C900&ssl=1&resize=525%2C300 1.5x, https:\/\/i0.wp.com\/media1.kulturpedagogik.se\/2018\/05\/img_7869-1-1.jpg?fit=1200%2C900&ssl=1&resize=700%2C400 2x, https:\/\/i0.wp.com\/media1.kulturpedagogik.se\/2018\/05\/img_7869-1-1.jpg?fit=1200%2C900&ssl=1&resize=1050%2C600 3x"},"classes":[]},{"id":2538,"url":"https:\/\/kulturpedagogik.se\/?p=2538","url_meta":{"origin":2994,"position":2},"title":"Skogen och \u201dl\u00e4rgropen\u201d \u2013 en l\u00e4randeutmaning","author":"Maria B Hurtig","date":"21 september, 2017","format":false,"excerpt":"Vi gick v\u00e5r \u00e5rliga h\u00f6stvandring idag med b\u00e5da f\u00f6rskoleklasserna tillsammans. Det innebar att vi tog bussen en bit ut fr\u00e5n Nyn\u00e4shamn f\u00f6r att vandra ett avsnitt p\u00e5 S\u00f6rmlandsleden. Ryggs\u00e4ckarna var fulla av mats\u00e4ck och vi var fulla av f\u00f6rv\u00e4ntan. Och vi blev inte besvikna. Att traska genom skogen \u00f6ver stock\u2026","rel":"","context":"I \u201d\u00c5r 4-6\u201d","block_context":{"text":"\u00c5r 4-6","link":"https:\/\/kulturpedagogik.se\/?cat=4"},"img":{"alt_text":"","src":"https:\/\/i0.wp.com\/media1.kulturpedagogik.se\/2017\/09\/img_6522.jpg?fit=1200%2C900&ssl=1&resize=350%2C200","width":350,"height":200,"srcset":"https:\/\/i0.wp.com\/media1.kulturpedagogik.se\/2017\/09\/img_6522.jpg?fit=1200%2C900&ssl=1&resize=350%2C200 1x, https:\/\/i0.wp.com\/media1.kulturpedagogik.se\/2017\/09\/img_6522.jpg?fit=1200%2C900&ssl=1&resize=525%2C300 1.5x, https:\/\/i0.wp.com\/media1.kulturpedagogik.se\/2017\/09\/img_6522.jpg?fit=1200%2C900&ssl=1&resize=700%2C400 2x, https:\/\/i0.wp.com\/media1.kulturpedagogik.se\/2017\/09\/img_6522.jpg?fit=1200%2C900&ssl=1&resize=1050%2C600 3x"},"classes":[]},{"id":2201,"url":"https:\/\/kulturpedagogik.se\/?p=2201","url_meta":{"origin":2994,"position":3},"title":"Mera dubbelt och h\u00e4lften","author":"Maria B Hurtig","date":"9 maj, 2017","format":false,"excerpt":"I morse \u00e4ndrade vi v\u00e5r planering i sista minuten. \u00a0Det ledde till att jag fick jag mig en tankest\u00e4llare. Jag blev n\u00e4mligen j\u00e4ttestressad och hade sv\u00e5rt att njuta av arbetet. \u00c4ven fr\u00f6knar kan ju beh\u00f6va struktur och ordning. Precis som barn. Och det ska jag f\u00f6rs\u00f6ka att minnas. Hur som\u2026","rel":"","context":"I \u201d\u00c5r F-3\u201d","block_context":{"text":"\u00c5r F-3","link":"https:\/\/kulturpedagogik.se\/?cat=1"},"img":{"alt_text":"","src":"https:\/\/i0.wp.com\/media1.kulturpedagogik.se\/2017\/05\/img_5929-1.jpg?fit=607%2C455&ssl=1&resize=350%2C200","width":350,"height":200,"srcset":"https:\/\/i0.wp.com\/media1.kulturpedagogik.se\/2017\/05\/img_5929-1.jpg?fit=607%2C455&ssl=1&resize=350%2C200 1x, https:\/\/i0.wp.com\/media1.kulturpedagogik.se\/2017\/05\/img_5929-1.jpg?fit=607%2C455&ssl=1&resize=525%2C300 1.5x"},"classes":[]},{"id":2941,"url":"https:\/\/kulturpedagogik.se\/?p=2941","url_meta":{"origin":2994,"position":4},"title":"Hemliga burken &#8211; uppskatta, r\u00e4kna och skriva","author":"Maria B Hurtig","date":"29 november, 2017","format":false,"excerpt":"F\u00f6r att barnen i F-klass ska f\u00e5 tillf\u00e4lle att \u00f6va upp sin taluppfattning i omr\u00e5det 0-20 s\u00e5 f\u00f6rs\u00f6ker vi variera och skapa m\u00e5nga olika aktiviteter g\u00e4rna med ett inslag av lek som jag skrivit om h\u00e4r. Vi anv\u00e4nder oss av konkret material som illustrerar vad vi g\u00f6r och f\u00e5r alla\u2026","rel":"","context":"I \u201d\u00c5r F-3\u201d","block_context":{"text":"\u00c5r F-3","link":"https:\/\/kulturpedagogik.se\/?cat=1"},"img":{"alt_text":"","src":"https:\/\/i0.wp.com\/media1.kulturpedagogik.se\/2017\/11\/img_6964.jpg?fit=900%2C1200&ssl=1&resize=350%2C200","width":350,"height":200,"srcset":"https:\/\/i0.wp.com\/media1.kulturpedagogik.se\/2017\/11\/img_6964.jpg?fit=900%2C1200&ssl=1&resize=350%2C200 1x, https:\/\/i0.wp.com\/media1.kulturpedagogik.se\/2017\/11\/img_6964.jpg?fit=900%2C1200&ssl=1&resize=525%2C300 1.5x, https:\/\/i0.wp.com\/media1.kulturpedagogik.se\/2017\/11\/img_6964.jpg?fit=900%2C1200&ssl=1&resize=700%2C400 2x"},"classes":[]},{"id":1991,"url":"https:\/\/kulturpedagogik.se\/?p=1991","url_meta":{"origin":2994,"position":5},"title":"Mera tiotal &#8211; nu p\u00e5 idrotten","author":"Maria B Hurtig","date":"31 mars, 2017","format":false,"excerpt":"Idag hade Helena med sig en hel back med kaplastavar och n\u00e5gra stora t\u00e4rningar till idrotten. Stavarna h\u00e4llde hon ut p\u00e5 golvet p\u00e5 andra sidan idrottssalen. Nu fick barnen jobba i lag f\u00f6r att springa och h\u00e4mta kaplastavar efter att ha slagit t\u00e4rningen. De turades om att sl\u00e5 och springa\u2026","rel":"","context":"I \u201d\u00c5r F-3\u201d","block_context":{"text":"\u00c5r F-3","link":"https:\/\/kulturpedagogik.se\/?cat=1"},"img":{"alt_text":"","src":"https:\/\/i0.wp.com\/media1.kulturpedagogik.se\/2017\/03\/img_5642-1.jpg?fit=607%2C455&ssl=1&resize=350%2C200","width":350,"height":200,"srcset":"https:\/\/i0.wp.com\/media1.kulturpedagogik.se\/2017\/03\/img_5642-1.jpg?fit=607%2C455&ssl=1&resize=350%2C200 1x, https:\/\/i0.wp.com\/media1.kulturpedagogik.se\/2017\/03\/img_5642-1.jpg?fit=607%2C455&ssl=1&resize=525%2C300 1.5x"},"classes":[]}],"_links":{"self":[{"href":"https:\/\/kulturpedagogik.se\/index.php?rest_route=\/wp\/v2\/posts\/2994","targetHints":{"allow":["GET"]}}],"collection":[{"href":"https:\/\/kulturpedagogik.se\/index.php?rest_route=\/wp\/v2\/posts"}],"about":[{"href":"https:\/\/kulturpedagogik.se\/index.php?rest_route=\/wp\/v2\/types\/post"}],"author":[{"embeddable":true,"href":"https:\/\/kulturpedagogik.se\/index.php?rest_route=\/wp\/v2\/users\/1"}],"replies":[{"embeddable":true,"href":"https:\/\/kulturpedagogik.se\/index.php?rest_route=%2Fwp%2Fv2%2Fcomments&post=2994"}],"version-history":[{"count":4,"href":"https:\/\/kulturpedagogik.se\/index.php?rest_route=\/wp\/v2\/posts\/2994\/revisions"}],"predecessor-version":[{"id":3092,"href":"https:\/\/kulturpedagogik.se\/index.php?rest_route=\/wp\/v2\/posts\/2994\/revisions\/3092"}],"wp:featuredmedia":[{"embeddable":true,"href":"https:\/\/kulturpedagogik.se\/index.php?rest_route=\/wp\/v2\/media\/2993"}],"wp:attachment":[{"href":"https:\/\/kulturpedagogik.se\/index.php?rest_route=%2Fwp%2Fv2%2Fmedia&parent=2994"}],"wp:term":[{"taxonomy":"category","embeddable":true,"href":"https:\/\/kulturpedagogik.se\/index.php?rest_route=%2Fwp%2Fv2%2Fcategories&post=2994"},{"taxonomy":"post_tag","embeddable":true,"href":"https:\/\/kulturpedagogik.se\/index.php?rest_route=%2Fwp%2Fv2%2Ftags&post=2994"}],"curies":[{"name":"wp","href":"https:\/\/api.w.org\/{rel}","templated":true}]}}