{"id":2966,"date":"2017-12-12T20:05:35","date_gmt":"2017-12-12T20:05:35","guid":{"rendered":"http:\/\/kulturpedagogik.se\/?p=2966"},"modified":"2018-01-16T19:19:34","modified_gmt":"2018-01-16T19:19:34","slug":"utmaning-och-flow-hemliga-pasars-land","status":"publish","type":"post","link":"https:\/\/kulturpedagogik.se\/?p=2966","title":{"rendered":"Utmaning och flow i hemliga p\u00e5sars land"},"content":{"rendered":"<p><img data-recalc-dims=\"1\" loading=\"lazy\" decoding=\"async\" class=\"wp-image-2964 size-full\" src=\"https:\/\/i0.wp.com\/media1.kulturpedagogik.se\/2017\/12\/img_7099.jpg?resize=455%2C607\" width=\"455\" height=\"607\" srcset=\"https:\/\/i0.wp.com\/media1.kulturpedagogik.se\/2017\/12\/img_7099.jpg?w=455&amp;ssl=1 455w, https:\/\/i0.wp.com\/media1.kulturpedagogik.se\/2017\/12\/img_7099.jpg?resize=112%2C150&amp;ssl=1 112w, https:\/\/i0.wp.com\/media1.kulturpedagogik.se\/2017\/12\/img_7099.jpg?resize=225%2C300&amp;ssl=1 225w\" sizes=\"auto, (max-width: 455px) 100vw, 455px\" \/>Vi har kommit till de hemliga p\u00e5sarnas f\u00f6rlovade land i v\u00e5rt arbete med Bornholmslek. Barnen i v\u00e5ra grupper \u00e4lskar hemliga p\u00e5sar. H\u00e4r f\u00e5r de sticka ned handen i p\u00e5sen och k\u00e4nna efter samt gissa vad vad som d\u00f6ljer sig. D\u00e4refter ska de identifiera ljud och hitta gemensamma begynnelseljud.<\/p>\n<p>F\u00f6r att eleverna i v\u00e5ra grupper ska k\u00e4nna sig utmanade s\u00e5 f\u00e5r de ocks\u00e5 skriva orden p\u00e5 tavlan. Annars blir det f\u00f6r enkelt f\u00f6r m\u00e5nga av dem. Att hitta r\u00e4tt niv\u00e5 p\u00e5 utmaning gynnar deras motivation &#8211; flow (Csikszentmihalyi). Vi hj\u00e4lps \u00e5t att ljuda och beh\u00f6ver de hj\u00e4lp med en bokstav s\u00e5 f\u00e5r de naturligtvis st\u00f6d i det. P\u00e5 s\u00e5 vis tycker alla det \u00e4r kul att skriva p\u00e5 tavlan. Det \u00e4r mycket positivt.<\/p>\n<p>Att de tycker att det \u00e4r roligt och utmanande \u00e4r viktigt f\u00f6r att gynna mycket framtida skrivande. D\u00e4rf\u00f6r \u00e4r vi ocks\u00e5 f\u00f6rsiktiga med att r\u00e4tta dem d\u00e5 de skriver s\u00e5 h\u00e4r &#8221;offentligt&#8221;. De uppfattar n\u00e4mligen \u00f6vningen som en lek. Att visa respekt f\u00f6r barns lek \u00e4r ocks\u00e5 ett \u00e4mne som betonas i boken\u00a0<em>Lek p\u00e5 allvar\u00a0<\/em>av Ole Fredrik Lillemyr (Liber 2013)<em>.<\/em> Lillemyr refererar till Levy d\u00e5 han betonar\u00a0att leken \u00e4r ett omr\u00e5de d\u00e4r barnets lust och inre motivation \u00e4r n\u00e4ra kopplad till att det k\u00e4nner sig ha kontroll \u00f6ver n\u00e5got d\u00e4r det s\u00e4tter verkligheten \u00e5t sidan. Det \u00e4r allts\u00e5 viktigt f\u00f6r barnen att k\u00e4nna att de har kontroll. Annars tappar de l\u00e4tt lusten. Jag har skrivit mer om lek och st\u00f6ttning i l\u00e4s och skrivinl\u00e4rning <em><a href=\"http:\/\/kulturpedagogik.se\/?p=2460\">h\u00e4r<\/a><\/em>och mer om lekens allvar och hur barn l\u00e4r <em><a href=\"http:\/\/kulturpedagogik.se\/?p=1506\">h\u00e4r<\/a>.<\/em><\/p>\n<p>Litteratur<\/p>\n<p>Lillemyr, Fredrik (2013), <em>Lek p\u00e5 allvar \u2013 en sp\u00e4nnande utmaning,<\/em> Liber Stockholm<\/p>\n<p><img data-recalc-dims=\"1\" loading=\"lazy\" decoding=\"async\" class=\"wp-image-2965 size-full\" src=\"https:\/\/i0.wp.com\/media1.kulturpedagogik.se\/2017\/12\/img_7100.jpg?resize=607%2C455\" width=\"607\" height=\"455\" srcset=\"https:\/\/i0.wp.com\/media1.kulturpedagogik.se\/2017\/12\/img_7100.jpg?w=607&amp;ssl=1 607w, https:\/\/i0.wp.com\/media1.kulturpedagogik.se\/2017\/12\/img_7100.jpg?resize=150%2C112&amp;ssl=1 150w, https:\/\/i0.wp.com\/media1.kulturpedagogik.se\/2017\/12\/img_7100.jpg?resize=300%2C225&amp;ssl=1 300w\" sizes=\"auto, (max-width: 607px) 100vw, 607px\" \/><\/p>\n","protected":false},"excerpt":{"rendered":"<p>Vi har kommit till de hemliga p&aring;sarnas f&ouml;rlovade land i v&aring;rt arbete med Bornholmslek. Barnen i v&aring;ra grupper &auml;lskar hemliga p&aring;sar. H&auml;r f&aring;r de sticka ned handen i p&aring;sen och k&auml;nna efter samt gissa vad vad som d&ouml;ljer sig. D&auml;refter&hellip;<\/p>\n<p class=\"more-link-p\"><a class=\"more-link\" href=\"https:\/\/kulturpedagogik.se\/?p=2966\">Read more &rarr;<\/a><\/p>\n","protected":false},"author":1,"featured_media":2964,"comment_status":"open","ping_status":"open","sticky":false,"template":"","format":"standard","meta":{"jetpack_post_was_ever_published":false,"_jetpack_newsletter_access":"","_jetpack_dont_email_post_to_subs":true,"_jetpack_newsletter_tier_id":0,"_jetpack_memberships_contains_paywalled_content":false,"_jetpack_memberships_contains_paid_content":false,"footnotes":"","jetpack_publicize_message":"","jetpack_publicize_feature_enabled":true,"jetpack_social_post_already_shared":true,"jetpack_social_options":{"image_generator_settings":{"template":"highway","default_image_id":0,"font":"","enabled":false},"version":2}},"categories":[1],"tags":[41,13],"class_list":["post-2966","post","type-post","status-publish","format-standard","has-post-thumbnail","hentry","category-ar-1-3","tag-lek","tag-svenska"],"jetpack_publicize_connections":[],"jetpack_featured_media_url":"https:\/\/i0.wp.com\/media1.kulturpedagogik.se\/2017\/12\/img_7099.jpg?fit=455%2C607&ssl=1","jetpack_sharing_enabled":true,"jetpack_shortlink":"https:\/\/wp.me\/p7YLN2-LQ","jetpack-related-posts":[{"id":4204,"url":"https:\/\/kulturpedagogik.se\/?p=4204","url_meta":{"origin":2966,"position":0},"title":"Hemlig burk f\u00f6r hemliga brev","author":"Maria B Hurtig","date":"24 oktober, 2018","format":false,"excerpt":"Jag har tidigare skrivit om hur vi jobbar med den hemliga burken f\u00f6r att tr\u00e4na att uppskatta, r\u00e4kna och skriva h\u00e4r. Nu har vi inr\u00e4ttat en hemlig l\u00e5da ocks\u00e5. Detta med hemligheter \u00e4r ju m\u00e4kta popul\u00e4rt. Till den hemliga l\u00e5dan f\u00e5r man skriva ord som inneh\u00e5ller veckans bokstav. F\u00f6rra veckan\u2026","rel":"","context":"I \u201d\u00c5r F-3\u201d","block_context":{"text":"\u00c5r F-3","link":"https:\/\/kulturpedagogik.se\/?cat=1"},"img":{"alt_text":"","src":"https:\/\/i0.wp.com\/media1.kulturpedagogik.se\/2018\/10\/img_8310.jpg?fit=1200%2C900&ssl=1&resize=350%2C200","width":350,"height":200,"srcset":"https:\/\/i0.wp.com\/media1.kulturpedagogik.se\/2018\/10\/img_8310.jpg?fit=1200%2C900&ssl=1&resize=350%2C200 1x, https:\/\/i0.wp.com\/media1.kulturpedagogik.se\/2018\/10\/img_8310.jpg?fit=1200%2C900&ssl=1&resize=525%2C300 1.5x, https:\/\/i0.wp.com\/media1.kulturpedagogik.se\/2018\/10\/img_8310.jpg?fit=1200%2C900&ssl=1&resize=700%2C400 2x, https:\/\/i0.wp.com\/media1.kulturpedagogik.se\/2018\/10\/img_8310.jpg?fit=1200%2C900&ssl=1&resize=1050%2C600 3x"},"classes":[]},{"id":4305,"url":"https:\/\/kulturpedagogik.se\/?p=4305","url_meta":{"origin":2966,"position":1},"title":"Femhopp i hemliga burken","author":"Maria B Hurtig","date":"5 december, 2018","format":false,"excerpt":"Jag har tidigare skrivit om hur vi jobbar med hemliga burken f\u00f6r att barnen ska \u00f6va sig i att uppskatta antal, r\u00e4kna och skriva h\u00e4r. F\u00f6rra veckan hade Helena lagt ned m\u00e5nga plastkorkar i burken. P\u00e5 fredagen var det dags att l\u00e4sa elevernas uppskattningar och kontrollera antalet. D\u00e5 vi tidigare\u2026","rel":"","context":"I \u201d\u00c5r F-3\u201d","block_context":{"text":"\u00c5r F-3","link":"https:\/\/kulturpedagogik.se\/?cat=1"},"img":{"alt_text":"","src":"https:\/\/i0.wp.com\/media1.kulturpedagogik.se\/2018\/11\/img_8403.jpg?fit=1200%2C900&ssl=1&resize=350%2C200","width":350,"height":200,"srcset":"https:\/\/i0.wp.com\/media1.kulturpedagogik.se\/2018\/11\/img_8403.jpg?fit=1200%2C900&ssl=1&resize=350%2C200 1x, https:\/\/i0.wp.com\/media1.kulturpedagogik.se\/2018\/11\/img_8403.jpg?fit=1200%2C900&ssl=1&resize=525%2C300 1.5x, https:\/\/i0.wp.com\/media1.kulturpedagogik.se\/2018\/11\/img_8403.jpg?fit=1200%2C900&ssl=1&resize=700%2C400 2x, https:\/\/i0.wp.com\/media1.kulturpedagogik.se\/2018\/11\/img_8403.jpg?fit=1200%2C900&ssl=1&resize=1050%2C600 3x"},"classes":[]},{"id":2460,"url":"https:\/\/kulturpedagogik.se\/?p=2460","url_meta":{"origin":2966,"position":2},"title":"Lek och st\u00f6ttning i l\u00e4s-skrivinl\u00e4rning","author":"Maria B Hurtig","date":"7 september, 2017","format":false,"excerpt":"Jag har tidigare skrivit om hur vi tr\u00e4nar p\u00e5 att l\u00e4sa och r\u00e4kna med namnkort i F-klassen bland annat h\u00e4r. Nu jobbar vi varje morgon p\u00e5 det viset och stavar i k\u00f6r namnen p\u00e5 alla de som \u00e4r fr\u00e5nvarande. Under dagen h\u00e4nger ofta namnkort och anteckningar kvar p\u00e5 tavlan. Det\u2026","rel":"","context":"I \u201d\u00c5r 4-6\u201d","block_context":{"text":"\u00c5r 4-6","link":"https:\/\/kulturpedagogik.se\/?cat=4"},"img":{"alt_text":"","src":"https:\/\/i0.wp.com\/media1.kulturpedagogik.se\/2017\/09\/img_6442.jpg?fit=1200%2C900&ssl=1&resize=350%2C200","width":350,"height":200,"srcset":"https:\/\/i0.wp.com\/media1.kulturpedagogik.se\/2017\/09\/img_6442.jpg?fit=1200%2C900&ssl=1&resize=350%2C200 1x, https:\/\/i0.wp.com\/media1.kulturpedagogik.se\/2017\/09\/img_6442.jpg?fit=1200%2C900&ssl=1&resize=525%2C300 1.5x, https:\/\/i0.wp.com\/media1.kulturpedagogik.se\/2017\/09\/img_6442.jpg?fit=1200%2C900&ssl=1&resize=700%2C400 2x, https:\/\/i0.wp.com\/media1.kulturpedagogik.se\/2017\/09\/img_6442.jpg?fit=1200%2C900&ssl=1&resize=1050%2C600 3x"},"classes":[]},{"id":6099,"url":"https:\/\/kulturpedagogik.se\/?p=6099","url_meta":{"origin":2966,"position":3},"title":"Kortmagi f\u00f6r l\u00e4sintresse","author":"Maria B Hurtig","date":"7 juni, 2024","format":false,"excerpt":"\u00c4nda sedan jag b\u00f6rjade arbeta i f-klass har jag uppskattat l\u00e4skort av olika slag. I b\u00f6rjan gjorde jag som man ofta g\u00f6r i Montessoriverksamhet. Jag skrev kort f\u00f6r hand och lade dem i en vacker ask f\u00f6r att plockas fram vid behov. I f-klassen hade vi \u00f6vningar d\u00e4r eleverna skulle\u2026","rel":"","context":"I \u201d\u00c5r F-3\u201d","block_context":{"text":"\u00c5r F-3","link":"https:\/\/kulturpedagogik.se\/?cat=1"},"img":{"alt_text":"","src":"https:\/\/i0.wp.com\/media1.kulturpedagogik.se\/2022\/09\/de-forsta-laskorten.png?fit=787%2C613&ssl=1&resize=350%2C200","width":350,"height":200,"srcset":"https:\/\/i0.wp.com\/media1.kulturpedagogik.se\/2022\/09\/de-forsta-laskorten.png?fit=787%2C613&ssl=1&resize=350%2C200 1x, https:\/\/i0.wp.com\/media1.kulturpedagogik.se\/2022\/09\/de-forsta-laskorten.png?fit=787%2C613&ssl=1&resize=525%2C300 1.5x, https:\/\/i0.wp.com\/media1.kulturpedagogik.se\/2022\/09\/de-forsta-laskorten.png?fit=787%2C613&ssl=1&resize=700%2C400 2x"},"classes":[]},{"id":4456,"url":"https:\/\/kulturpedagogik.se\/?p=4456","url_meta":{"origin":2966,"position":4},"title":"Utveckla meningar","author":"Maria B Hurtig","date":"14 maj, 2019","format":false,"excerpt":"Idag var jag p\u00e5 bes\u00f6k i ett klassrum hos Anneli Allen d\u00e5 barnen fick jobba med att utveckla meningar. Det hela b\u00f6rjade med att vi h\u00e4mtade en mycket kort mening fr\u00e5n en av barnens b\u00e4nkb\u00f6cker. Den korta meningen skrev Anneli p\u00e5 tavlan. D\u00e4refter f\u00f6revisade hon hur man kan utveckla meningen\u2026","rel":"","context":"I \u201d\u00c5r F-3\u201d","block_context":{"text":"\u00c5r F-3","link":"https:\/\/kulturpedagogik.se\/?cat=1"},"img":{"alt_text":"","src":"https:\/\/i0.wp.com\/media1.kulturpedagogik.se\/2019\/05\/img_0305.jpg?fit=1200%2C900&ssl=1&resize=350%2C200","width":350,"height":200,"srcset":"https:\/\/i0.wp.com\/media1.kulturpedagogik.se\/2019\/05\/img_0305.jpg?fit=1200%2C900&ssl=1&resize=350%2C200 1x, https:\/\/i0.wp.com\/media1.kulturpedagogik.se\/2019\/05\/img_0305.jpg?fit=1200%2C900&ssl=1&resize=525%2C300 1.5x, https:\/\/i0.wp.com\/media1.kulturpedagogik.se\/2019\/05\/img_0305.jpg?fit=1200%2C900&ssl=1&resize=700%2C400 2x, https:\/\/i0.wp.com\/media1.kulturpedagogik.se\/2019\/05\/img_0305.jpg?fit=1200%2C900&ssl=1&resize=1050%2C600 3x"},"classes":[]},{"id":3050,"url":"https:\/\/kulturpedagogik.se\/?p=3050","url_meta":{"origin":2966,"position":5},"title":"M\u00e5l med stj\u00e4rnor och raketer visar progression","author":"Maria B Hurtig","date":"14 januari, 2018","format":false,"excerpt":"Jag skrev om hur vi t\u00e4nkte gestalta v\u00e5ra m\u00e5l som ny\u00e5rsraketer h\u00e4r. Nu har vi satt upp dem i elevhallen och korridoren d\u00e4r alla klasser F-3 ocks\u00e5 skrivit m\u00e5l och gestaltat med lite olika varianter, stj\u00e4rnor och raketer. En h\u00e4rlig f\u00e4rgexplosion med mening. De inte bara lyser upp v\u00e5r v\u00e4g\u2026","rel":"","context":"I \u201d\u00c5r F-3\u201d","block_context":{"text":"\u00c5r F-3","link":"https:\/\/kulturpedagogik.se\/?cat=1"},"img":{"alt_text":"","src":"https:\/\/i0.wp.com\/media1.kulturpedagogik.se\/2018\/01\/img_7202.jpg?fit=607%2C455&ssl=1&resize=350%2C200","width":350,"height":200,"srcset":"https:\/\/i0.wp.com\/media1.kulturpedagogik.se\/2018\/01\/img_7202.jpg?fit=607%2C455&ssl=1&resize=350%2C200 1x, https:\/\/i0.wp.com\/media1.kulturpedagogik.se\/2018\/01\/img_7202.jpg?fit=607%2C455&ssl=1&resize=525%2C300 1.5x"},"classes":[]}],"_links":{"self":[{"href":"https:\/\/kulturpedagogik.se\/index.php?rest_route=\/wp\/v2\/posts\/2966","targetHints":{"allow":["GET"]}}],"collection":[{"href":"https:\/\/kulturpedagogik.se\/index.php?rest_route=\/wp\/v2\/posts"}],"about":[{"href":"https:\/\/kulturpedagogik.se\/index.php?rest_route=\/wp\/v2\/types\/post"}],"author":[{"embeddable":true,"href":"https:\/\/kulturpedagogik.se\/index.php?rest_route=\/wp\/v2\/users\/1"}],"replies":[{"embeddable":true,"href":"https:\/\/kulturpedagogik.se\/index.php?rest_route=%2Fwp%2Fv2%2Fcomments&post=2966"}],"version-history":[{"count":8,"href":"https:\/\/kulturpedagogik.se\/index.php?rest_route=\/wp\/v2\/posts\/2966\/revisions"}],"predecessor-version":[{"id":3094,"href":"https:\/\/kulturpedagogik.se\/index.php?rest_route=\/wp\/v2\/posts\/2966\/revisions\/3094"}],"wp:featuredmedia":[{"embeddable":true,"href":"https:\/\/kulturpedagogik.se\/index.php?rest_route=\/wp\/v2\/media\/2964"}],"wp:attachment":[{"href":"https:\/\/kulturpedagogik.se\/index.php?rest_route=%2Fwp%2Fv2%2Fmedia&parent=2966"}],"wp:term":[{"taxonomy":"category","embeddable":true,"href":"https:\/\/kulturpedagogik.se\/index.php?rest_route=%2Fwp%2Fv2%2Fcategories&post=2966"},{"taxonomy":"post_tag","embeddable":true,"href":"https:\/\/kulturpedagogik.se\/index.php?rest_route=%2Fwp%2Fv2%2Ftags&post=2966"}],"curies":[{"name":"wp","href":"https:\/\/api.w.org\/{rel}","templated":true}]}}