{"id":2959,"date":"2017-12-06T20:48:59","date_gmt":"2017-12-06T20:48:59","guid":{"rendered":"http:\/\/kulturpedagogik.se\/?p=2959"},"modified":"2018-01-16T19:20:57","modified_gmt":"2018-01-16T19:20:57","slug":"faddrar-lasning-och-lek","status":"publish","type":"post","link":"https:\/\/kulturpedagogik.se\/?p=2959","title":{"rendered":"Faddrar, l\u00e4sning och lek"},"content":{"rendered":"<p><img data-recalc-dims=\"1\" loading=\"lazy\" decoding=\"async\" class=\"wp-image-2958 size-full\" src=\"https:\/\/i0.wp.com\/media1.kulturpedagogik.se\/2017\/12\/img_7074.jpg?resize=607%2C455\" width=\"607\" height=\"455\" srcset=\"https:\/\/i0.wp.com\/media1.kulturpedagogik.se\/2017\/12\/img_7074.jpg?w=607&amp;ssl=1 607w, https:\/\/i0.wp.com\/media1.kulturpedagogik.se\/2017\/12\/img_7074.jpg?resize=150%2C112&amp;ssl=1 150w, https:\/\/i0.wp.com\/media1.kulturpedagogik.se\/2017\/12\/img_7074.jpg?resize=300%2C225&amp;ssl=1 300w\" sizes=\"auto, (max-width: 607px) 100vw, 607px\" \/> I veckan hade vi en efterl\u00e4ngtad faddertr\u00e4ff i f\u00f6rskoleklassen. Nu kom v\u00e5ra faddrar fr\u00e5n \u00e5k 3 p\u00e5 bes\u00f6k och l\u00e4ste h\u00f6gt f\u00f6r sina fadderbarn. Det var mycket uppskattat. Sedan var vi ute p\u00e5 rast tillsammans och lekte. Jag har tidigare skrivit om v\u00e5rt arbete med faddrar <em><a href=\"http:\/\/kulturpedagogik.se\/?p=1212\">h\u00e4r<\/a><\/em> och <em><a href=\"http:\/\/kulturpedagogik.se\/?p=1568\">h\u00e4r<\/a><\/em>. Och det sl\u00e5r mig varje g\u00e5ng vi ses att faddrar \u00e4r verkligen n\u00e5got som gynnar allas k\u00e4nsla av gemenskap och inkludering. I \u00e5r d\u00e5 vi tog emot nya barn i f\u00f6rskoleklassen l\u00e4t vi dem f\u00e5 faddrar i \u00f6verg\u00e5ngen fr\u00e5n f\u00f6rra \u00e5rets f\u00f6rskoleklass. Och det var mycket lyckat och gynnade deras trygghet och k\u00e4nsla av sammanhang som jag skrivit om <em><a href=\"http:\/\/kulturpedagogik.se\/?p=2367\"><u>h\u00e4r<\/u><\/a><\/em>. Faddrar rekommenderas!<\/p>\n","protected":false},"excerpt":{"rendered":"<p>I veckan hade vi en efterl&auml;ngtad faddertr&auml;ff i f&ouml;rskoleklassen. Nu kom v&aring;ra faddrar fr&aring;n &aring;k 3 p&aring; bes&ouml;k och l&auml;ste h&ouml;gt f&ouml;r sina fadderbarn. Det var mycket uppskattat. Sedan var vi ute p&aring; rast tillsammans och lekte. Jag har tidigare&hellip;<\/p>\n<p class=\"more-link-p\"><a class=\"more-link\" href=\"https:\/\/kulturpedagogik.se\/?p=2959\">Read more &rarr;<\/a><\/p>\n","protected":false},"author":1,"featured_media":0,"comment_status":"open","ping_status":"open","sticky":false,"template":"","format":"standard","meta":{"jetpack_post_was_ever_published":false,"_jetpack_newsletter_access":"","_jetpack_dont_email_post_to_subs":false,"_jetpack_newsletter_tier_id":0,"_jetpack_memberships_contains_paywalled_content":false,"_jetpack_memberships_contains_paid_content":false,"footnotes":"","jetpack_publicize_message":"","jetpack_publicize_feature_enabled":true,"jetpack_social_post_already_shared":true,"jetpack_social_options":{"image_generator_settings":{"template":"highway","default_image_id":0,"font":"","enabled":false},"version":2}},"categories":[1],"tags":[46,41,11,42,13],"class_list":["post-2959","post","type-post","status-publish","format-standard","hentry","category-ar-1-3","tag-faddrar","tag-lek","tag-litteratur","tag-skolkultur","tag-svenska"],"jetpack_publicize_connections":[],"jetpack_featured_media_url":"","jetpack_sharing_enabled":true,"jetpack_shortlink":"https:\/\/wp.me\/p7YLN2-LJ","jetpack-related-posts":[{"id":2367,"url":"https:\/\/kulturpedagogik.se\/?p=2367","url_meta":{"origin":2959,"position":0},"title":"Innovativ inskolning","author":"Maria B Hurtig","date":"23 augusti, 2017","format":false,"excerpt":"Det \u00e4r viktigt att f\u00e5nga upp alla barn i \u00f6verg\u00e5ngar mellan skolformer. Det po\u00e4ngteras av flera unders\u00f6kningar (SOU 2010:95) och nu \u00e4ven i den reviderade l\u00e4roplanen f\u00f6r f\u00f6rskoleklassen. M\u00e5let \u00e4r att alla elever ska lyckas i skolan och f\u00f6r detta kr\u00e4vs att alla elever m\u00e5r bra och kan fungera och\u2026","rel":"","context":"I \u201d\u00c5r F-3\u201d","block_context":{"text":"\u00c5r F-3","link":"https:\/\/kulturpedagogik.se\/?cat=1"},"img":{"alt_text":"","src":"https:\/\/i0.wp.com\/media1.kulturpedagogik.se\/2017\/03\/img_5509.jpg?fit=1200%2C900&ssl=1&resize=350%2C200","width":350,"height":200,"srcset":"https:\/\/i0.wp.com\/media1.kulturpedagogik.se\/2017\/03\/img_5509.jpg?fit=1200%2C900&ssl=1&resize=350%2C200 1x, https:\/\/i0.wp.com\/media1.kulturpedagogik.se\/2017\/03\/img_5509.jpg?fit=1200%2C900&ssl=1&resize=525%2C300 1.5x, https:\/\/i0.wp.com\/media1.kulturpedagogik.se\/2017\/03\/img_5509.jpg?fit=1200%2C900&ssl=1&resize=700%2C400 2x, https:\/\/i0.wp.com\/media1.kulturpedagogik.se\/2017\/03\/img_5509.jpg?fit=1200%2C900&ssl=1&resize=1050%2C600 3x"},"classes":[]},{"id":3462,"url":"https:\/\/kulturpedagogik.se\/?p=3462","url_meta":{"origin":2959,"position":1},"title":"Alla hj\u00e4rtan p\u00e5 Svanis","author":"Maria B Hurtig","date":"14 februari, 2018","format":false,"excerpt":"Idag har vi firat Alla hj\u00e4rtans dag p\u00e5 \"Svanis\". Det g\u00f6r vi med s\u00e5ng och musik alla i F-3 tillsammans. V\u00e5r \"Kulturgeneral\" Kristina Skafvenstedt var f\u00f6rst\u00e5s p\u00e5 plats och ledde s\u00e5ngen. Vi sj\u00f6ng hennes egen l\u00e5t Alla hj\u00e4rtans dag. Men ocks\u00e5 \u00c4ppelmelodin av Lollo Asplund, Du \u00e4r min b\u00e4sta kompis\u2026","rel":"","context":"I \u201d\u00c5r F-3\u201d","block_context":{"text":"\u00c5r F-3","link":"https:\/\/kulturpedagogik.se\/?cat=1"},"img":{"alt_text":"","src":"https:\/\/i0.wp.com\/media1.kulturpedagogik.se\/2018\/02\/img_7357.jpg?fit=1200%2C900&ssl=1&resize=350%2C200","width":350,"height":200,"srcset":"https:\/\/i0.wp.com\/media1.kulturpedagogik.se\/2018\/02\/img_7357.jpg?fit=1200%2C900&ssl=1&resize=350%2C200 1x, https:\/\/i0.wp.com\/media1.kulturpedagogik.se\/2018\/02\/img_7357.jpg?fit=1200%2C900&ssl=1&resize=525%2C300 1.5x, https:\/\/i0.wp.com\/media1.kulturpedagogik.se\/2018\/02\/img_7357.jpg?fit=1200%2C900&ssl=1&resize=700%2C400 2x, https:\/\/i0.wp.com\/media1.kulturpedagogik.se\/2018\/02\/img_7357.jpg?fit=1200%2C900&ssl=1&resize=1050%2C600 3x"},"classes":[]},{"id":2808,"url":"https:\/\/kulturpedagogik.se\/?p=2808","url_meta":{"origin":2959,"position":2},"title":"FN, faddrar och gemenskap","author":"Maria B Hurtig","date":"24 oktober, 2017","format":false,"excerpt":"Idag firade vi FN-dagen tillsammans med v\u00e5ra faddrar i \u00e5k 3 och sj\u00f6ng ihop med alla F-3. Det blev en h\u00f6gtidsstund f\u00f6r b\u00e5de stora och sm\u00e5. I F-klassen jublade barnen redan i samlingen d\u00e5 vi gick igenom dagens schema och tog upp att vi skulle tr\u00e4ffa faddrarna. D\u00e5 vi v\u00e4l\u2026","rel":"","context":"I \u201d\u00c5r F-3\u201d","block_context":{"text":"\u00c5r F-3","link":"https:\/\/kulturpedagogik.se\/?cat=1"},"img":{"alt_text":"","src":"https:\/\/i0.wp.com\/media1.kulturpedagogik.se\/2017\/10\/img_6732.jpg?fit=900%2C1200&ssl=1&resize=350%2C200","width":350,"height":200,"srcset":"https:\/\/i0.wp.com\/media1.kulturpedagogik.se\/2017\/10\/img_6732.jpg?fit=900%2C1200&ssl=1&resize=350%2C200 1x, https:\/\/i0.wp.com\/media1.kulturpedagogik.se\/2017\/10\/img_6732.jpg?fit=900%2C1200&ssl=1&resize=525%2C300 1.5x, https:\/\/i0.wp.com\/media1.kulturpedagogik.se\/2017\/10\/img_6732.jpg?fit=900%2C1200&ssl=1&resize=700%2C400 2x"},"classes":[]},{"id":1568,"url":"https:\/\/kulturpedagogik.se\/?p=1568","url_meta":{"origin":2959,"position":3},"title":"Faddrar f\u00f6r inkludering","author":"Maria B Hurtig","date":"10 december, 2016","format":false,"excerpt":"Som l\u00e4rare vill vi nog alla att eleverna ska k\u00e4nna sig delaktiga och inkluderade i skolan. Inte bara f\u00f6r att vi \u00e4r s\u00e5 himla \"goda\". \u00c4ven om m\u00e5nga l\u00e4rare faktiskt bryr sig. Nej, det finns en annan anledning till varf\u00f6r. Vi vill ju l\u00e4ra dem saker och f\u00e5 dem att\u2026","rel":"","context":"I \u201d\u00c5r F-3\u201d","block_context":{"text":"\u00c5r F-3","link":"https:\/\/kulturpedagogik.se\/?cat=1"},"img":{"alt_text":"","src":"https:\/\/i0.wp.com\/media1.kulturpedagogik.se\/2016\/12\/img_5039-1.jpg?fit=1200%2C900&ssl=1&resize=350%2C200","width":350,"height":200,"srcset":"https:\/\/i0.wp.com\/media1.kulturpedagogik.se\/2016\/12\/img_5039-1.jpg?fit=1200%2C900&ssl=1&resize=350%2C200 1x, https:\/\/i0.wp.com\/media1.kulturpedagogik.se\/2016\/12\/img_5039-1.jpg?fit=1200%2C900&ssl=1&resize=525%2C300 1.5x, https:\/\/i0.wp.com\/media1.kulturpedagogik.se\/2016\/12\/img_5039-1.jpg?fit=1200%2C900&ssl=1&resize=700%2C400 2x, https:\/\/i0.wp.com\/media1.kulturpedagogik.se\/2016\/12\/img_5039-1.jpg?fit=1200%2C900&ssl=1&resize=1050%2C600 3x"},"classes":[]},{"id":2057,"url":"https:\/\/kulturpedagogik.se\/?p=2057","url_meta":{"origin":2959,"position":4},"title":"Lek och faddrar i \u00f6verg\u00e5ngar","author":"Maria B Hurtig","date":"26 april, 2017","format":false,"excerpt":"Snart \u00e4r det sommar och sedan \u00e4r det nya barn som ska b\u00f6rja i F-klassen. K\u00e4nner vi dem r\u00e4tt har de redan b\u00f6rjat fundera. Hur ska det bli? Hur g\u00f6r man d\u00e4r? Vem blir min fr\u00f6ken? Var kan man leka? \u00d6verg\u00e5ngar \u00e4r viktiga och h\u00e4r kan vi f\u00f6rs\u00f6ka underl\u00e4tta f\u00f6r\u2026","rel":"","context":"I \u201d\u00c5r F-3\u201d","block_context":{"text":"\u00c5r F-3","link":"https:\/\/kulturpedagogik.se\/?cat=1"},"img":{"alt_text":"","src":"https:\/\/i0.wp.com\/media1.kulturpedagogik.se\/2017\/04\/img_5731.jpg?resize=350%2C200","width":350,"height":200,"srcset":"https:\/\/i0.wp.com\/media1.kulturpedagogik.se\/2017\/04\/img_5731.jpg?resize=350%2C200 1x, https:\/\/i0.wp.com\/media1.kulturpedagogik.se\/2017\/04\/img_5731.jpg?resize=525%2C300 1.5x"},"classes":[]},{"id":3772,"url":"https:\/\/kulturpedagogik.se\/?p=3772","url_meta":{"origin":2959,"position":5},"title":"V\u00e5r natur och faddrar i klassrummet","author":"Maria B Hurtig","date":"26 april, 2018","format":false,"excerpt":"Idag hade vi en faddertr\u00e4ff i f\u00f6rskoleklassen tillsammans med \u00e5rskurs 3. Det \u00e4r alltid lika efterl\u00e4ngtat. B\u00e5de sm\u00e5 och stora tycker det \u00e4r riktigt mysigt. Vi t\u00e4nker att vi st\u00e4rker barnens sociala relationer f\u00f6r \u00f6kad trygghet genom att odla v\u00e4nskap. I den h\u00e4r tr\u00e4ffen anv\u00e4nde vi oss ocks\u00e5 av faddrarna\u2026","rel":"","context":"I \u201d\u00c5r F-3\u201d","block_context":{"text":"\u00c5r F-3","link":"https:\/\/kulturpedagogik.se\/?cat=1"},"img":{"alt_text":"","src":"https:\/\/i0.wp.com\/media1.kulturpedagogik.se\/2018\/04\/img_7718.jpg?fit=800%2C450&ssl=1&resize=350%2C200","width":350,"height":200,"srcset":"https:\/\/i0.wp.com\/media1.kulturpedagogik.se\/2018\/04\/img_7718.jpg?fit=800%2C450&ssl=1&resize=350%2C200 1x, https:\/\/i0.wp.com\/media1.kulturpedagogik.se\/2018\/04\/img_7718.jpg?fit=800%2C450&ssl=1&resize=525%2C300 1.5x, https:\/\/i0.wp.com\/media1.kulturpedagogik.se\/2018\/04\/img_7718.jpg?fit=800%2C450&ssl=1&resize=700%2C400 2x"},"classes":[]}],"_links":{"self":[{"href":"https:\/\/kulturpedagogik.se\/index.php?rest_route=\/wp\/v2\/posts\/2959","targetHints":{"allow":["GET"]}}],"collection":[{"href":"https:\/\/kulturpedagogik.se\/index.php?rest_route=\/wp\/v2\/posts"}],"about":[{"href":"https:\/\/kulturpedagogik.se\/index.php?rest_route=\/wp\/v2\/types\/post"}],"author":[{"embeddable":true,"href":"https:\/\/kulturpedagogik.se\/index.php?rest_route=\/wp\/v2\/users\/1"}],"replies":[{"embeddable":true,"href":"https:\/\/kulturpedagogik.se\/index.php?rest_route=%2Fwp%2Fv2%2Fcomments&post=2959"}],"version-history":[{"count":2,"href":"https:\/\/kulturpedagogik.se\/index.php?rest_route=\/wp\/v2\/posts\/2959\/revisions"}],"predecessor-version":[{"id":3095,"href":"https:\/\/kulturpedagogik.se\/index.php?rest_route=\/wp\/v2\/posts\/2959\/revisions\/3095"}],"wp:attachment":[{"href":"https:\/\/kulturpedagogik.se\/index.php?rest_route=%2Fwp%2Fv2%2Fmedia&parent=2959"}],"wp:term":[{"taxonomy":"category","embeddable":true,"href":"https:\/\/kulturpedagogik.se\/index.php?rest_route=%2Fwp%2Fv2%2Fcategories&post=2959"},{"taxonomy":"post_tag","embeddable":true,"href":"https:\/\/kulturpedagogik.se\/index.php?rest_route=%2Fwp%2Fv2%2Ftags&post=2959"}],"curies":[{"name":"wp","href":"https:\/\/api.w.org\/{rel}","templated":true}]}}