{"id":2949,"date":"2017-12-06T18:06:50","date_gmt":"2017-12-06T18:06:50","guid":{"rendered":"http:\/\/kulturpedagogik.se\/?p=2949"},"modified":"2018-02-04T10:45:36","modified_gmt":"2018-02-04T10:45:36","slug":"skrivutmaning-med-malning-en-generell-anpassning","status":"publish","type":"post","link":"https:\/\/kulturpedagogik.se\/?p=2949","title":{"rendered":"Skrivutmaning med m\u00e5lning &#8211; en generell anpassning"},"content":{"rendered":"<p><img data-recalc-dims=\"1\" decoding=\"async\" class=\"size-full\" src=\"https:\/\/i0.wp.com\/media1.kulturpedagogik.se\/2017\/12\/img_7045-1.jpg?w=860\" \/>Vid det h\u00e4r laget \u00e4r barnen i f\u00f6rskoleklassen p\u00e5 god v\u00e4g i sin fonologiska medvetenhet. De kan en del bokst\u00e4ver och m\u00e5nga kan l\u00e4sa lite. Enstaka barn l\u00e4ser bra redan. Nu \u00e4r det roligt att utmana dem att skriva d\u00e5 alla kan lyckas p\u00e5 sin niv\u00e5. <img data-recalc-dims=\"1\" loading=\"lazy\" decoding=\"async\" class=\"wp-image-2954 size-full\" src=\"https:\/\/i0.wp.com\/media1.kulturpedagogik.se\/2017\/12\/img_7073.jpg?resize=607%2C455\" width=\"607\" height=\"455\" srcset=\"https:\/\/i0.wp.com\/media1.kulturpedagogik.se\/2017\/12\/img_7073.jpg?w=607&amp;ssl=1 607w, https:\/\/i0.wp.com\/media1.kulturpedagogik.se\/2017\/12\/img_7073.jpg?resize=150%2C112&amp;ssl=1 150w, https:\/\/i0.wp.com\/media1.kulturpedagogik.se\/2017\/12\/img_7073.jpg?resize=300%2C225&amp;ssl=1 300w\" sizes=\"auto, (max-width: 607px) 100vw, 607px\" \/><\/p>\n<p>I den h\u00e4r \u00f6vningen anv\u00e4nder vi kladdkrita (oljepastell) n\u00e4r vi skriver. Sedan m\u00e5lar vi \u00f6ver hela pappret med vattenf\u00e4rg. Det blir fint och m\u00e5leriskt och barnen tycker det \u00e4r lite magi n\u00e4r oljef\u00e4rgen blir \u00f6verm\u00e5lad men syns \u00e4nd\u00e5. I den f\u00f6rvandlingsprocessen f\u00f6rsvinner ocks\u00e5 en del prestige kring att skriva. Rita f\u00e5r man ocks\u00e5 f\u00f6rst\u00e5s, i m\u00e5n av plats.<\/p>\n<p><img data-recalc-dims=\"1\" loading=\"lazy\" decoding=\"async\" class=\"wp-image-2952 size-full\" src=\"https:\/\/i0.wp.com\/media1.kulturpedagogik.se\/2017\/12\/img_7071.jpg?resize=607%2C455\" width=\"607\" height=\"455\" srcset=\"https:\/\/i0.wp.com\/media1.kulturpedagogik.se\/2017\/12\/img_7071.jpg?w=607&amp;ssl=1 607w, https:\/\/i0.wp.com\/media1.kulturpedagogik.se\/2017\/12\/img_7071.jpg?resize=150%2C112&amp;ssl=1 150w, https:\/\/i0.wp.com\/media1.kulturpedagogik.se\/2017\/12\/img_7071.jpg?resize=300%2C225&amp;ssl=1 300w\" sizes=\"auto, (max-width: 607px) 100vw, 607px\" \/>Skrivandet \u00e4r en utmaning f\u00f6r alla. Men p\u00e5 ett vitt papper finns dessutom utrymme f\u00f6r att arbeta p\u00e5 olika niv\u00e5. D\u00e4rmed kan det ses som en generell anpassning (Skolverket 2014). M\u00e5let \u00e4r att skriva sitt namn. Dessutom ska man g\u00e4rna skriva namn p\u00e5 familjemedlemmar. Mamma och pappa g\u00e5r ocks\u00e5 bra som alternativ. Slutligen skriver vi siffrorna 1-9 som vi jobbat med. De f\u00e5r naturligtvis titta p\u00e5 siffrorna och bokst\u00e4verna om de beh\u00f6ver, som st\u00f6d.<\/p>\n<p><img data-recalc-dims=\"1\" loading=\"lazy\" decoding=\"async\" class=\"wp-image-2953 size-full\" src=\"https:\/\/i0.wp.com\/media1.kulturpedagogik.se\/2017\/12\/img_7072.jpg?resize=607%2C455\" width=\"607\" height=\"455\" srcset=\"https:\/\/i0.wp.com\/media1.kulturpedagogik.se\/2017\/12\/img_7072.jpg?w=607&amp;ssl=1 607w, https:\/\/i0.wp.com\/media1.kulturpedagogik.se\/2017\/12\/img_7072.jpg?resize=150%2C112&amp;ssl=1 150w, https:\/\/i0.wp.com\/media1.kulturpedagogik.se\/2017\/12\/img_7072.jpg?resize=300%2C225&amp;ssl=1 300w\" sizes=\"auto, (max-width: 607px) 100vw, 607px\" \/><\/p>\n<p>Skolverket (2014) <em>Allm\u00e4nna r\u00e5d, Arbete med extra anpassningar, s\u00e4rskilt st\u00f6d och \u00e5tg\u00e4rdsprogram. <\/em>Stockholm: Fritzes<\/p>\n","protected":false},"excerpt":{"rendered":"<p>Vid det h&auml;r laget &auml;r barnen i f&ouml;rskoleklassen p&aring; god v&auml;g i sin fonologiska medvetenhet. De kan en del bokst&auml;ver och m&aring;nga kan l&auml;sa lite. Enstaka barn l&auml;ser bra redan. Nu &auml;r det roligt att utmana dem att skriva d&aring;&hellip;<\/p>\n<p class=\"more-link-p\"><a class=\"more-link\" href=\"https:\/\/kulturpedagogik.se\/?p=2949\">Read more &rarr;<\/a><\/p>\n","protected":false},"author":1,"featured_media":2952,"comment_status":"open","ping_status":"open","sticky":false,"template":"","format":"standard","meta":{"jetpack_post_was_ever_published":false,"_jetpack_newsletter_access":"","_jetpack_dont_email_post_to_subs":false,"_jetpack_newsletter_tier_id":0,"_jetpack_memberships_contains_paywalled_content":false,"_jetpack_memberships_contains_paid_content":false,"footnotes":"","jetpack_publicize_message":"","jetpack_publicize_feature_enabled":true,"jetpack_social_post_already_shared":true,"jetpack_social_options":{"image_generator_settings":{"template":"highway","default_image_id":0,"font":"","enabled":false},"version":2}},"categories":[1,34],"tags":[28,39,18,13],"class_list":["post-2949","post","type-post","status-publish","format-standard","has-post-thumbnail","hentry","category-ar-1-3","category-forskolan","tag-bild","tag-inkluderande","tag-interkulturalitet","tag-svenska"],"jetpack_publicize_connections":[],"jetpack_featured_media_url":"https:\/\/i0.wp.com\/media1.kulturpedagogik.se\/2017\/12\/img_7071.jpg?fit=607%2C455&ssl=1","jetpack_sharing_enabled":true,"jetpack_shortlink":"https:\/\/wp.me\/p7YLN2-Lz","jetpack-related-posts":[{"id":3050,"url":"https:\/\/kulturpedagogik.se\/?p=3050","url_meta":{"origin":2949,"position":0},"title":"M\u00e5l med stj\u00e4rnor och raketer visar progression","author":"Maria B Hurtig","date":"14 januari, 2018","format":false,"excerpt":"Jag skrev om hur vi t\u00e4nkte gestalta v\u00e5ra m\u00e5l som ny\u00e5rsraketer h\u00e4r. Nu har vi satt upp dem i elevhallen och korridoren d\u00e4r alla klasser F-3 ocks\u00e5 skrivit m\u00e5l och gestaltat med lite olika varianter, stj\u00e4rnor och raketer. En h\u00e4rlig f\u00e4rgexplosion med mening. De inte bara lyser upp v\u00e5r v\u00e4g\u2026","rel":"","context":"I \u201d\u00c5r F-3\u201d","block_context":{"text":"\u00c5r F-3","link":"https:\/\/kulturpedagogik.se\/?cat=1"},"img":{"alt_text":"","src":"https:\/\/i0.wp.com\/media1.kulturpedagogik.se\/2018\/01\/img_7202.jpg?fit=607%2C455&ssl=1&resize=350%2C200","width":350,"height":200,"srcset":"https:\/\/i0.wp.com\/media1.kulturpedagogik.se\/2018\/01\/img_7202.jpg?fit=607%2C455&ssl=1&resize=350%2C200 1x, https:\/\/i0.wp.com\/media1.kulturpedagogik.se\/2018\/01\/img_7202.jpg?fit=607%2C455&ssl=1&resize=525%2C300 1.5x"},"classes":[]},{"id":3977,"url":"https:\/\/kulturpedagogik.se\/?p=3977","url_meta":{"origin":2949,"position":1},"title":"Milj\u00f6 f\u00f6r matematik","author":"Maria B Hurtig","date":"19 juni, 2018","format":false,"excerpt":"Jag har l\u00e4nge t\u00e4nkt att jag skulle g\u00f6ra en \"permanent\" tallinje p\u00e5 tavlan i f\u00f6rskoleklassen. Tanken \u00e4r att kunna visualisera\/konkretisera matematiken p\u00e5 tavlan p\u00e5 flera s\u00e4tt. Vi brukar ju anv\u00e4nda oss av v\u00e5ra namnkort om mornarna f\u00f6r att r\u00e4kna och laborera med antal. P\u00e5 s\u00e5 vis tr\u00e4nar vi taluppfattning och\u2026","rel":"","context":"I \u201d\u00c5r F-3\u201d","block_context":{"text":"\u00c5r F-3","link":"https:\/\/kulturpedagogik.se\/?cat=1"},"img":{"alt_text":"","src":"https:\/\/i0.wp.com\/media1.kulturpedagogik.se\/2018\/06\/img_7932-1.jpg?fit=1200%2C900&ssl=1&resize=350%2C200","width":350,"height":200,"srcset":"https:\/\/i0.wp.com\/media1.kulturpedagogik.se\/2018\/06\/img_7932-1.jpg?fit=1200%2C900&ssl=1&resize=350%2C200 1x, https:\/\/i0.wp.com\/media1.kulturpedagogik.se\/2018\/06\/img_7932-1.jpg?fit=1200%2C900&ssl=1&resize=525%2C300 1.5x, https:\/\/i0.wp.com\/media1.kulturpedagogik.se\/2018\/06\/img_7932-1.jpg?fit=1200%2C900&ssl=1&resize=700%2C400 2x, https:\/\/i0.wp.com\/media1.kulturpedagogik.se\/2018\/06\/img_7932-1.jpg?fit=1200%2C900&ssl=1&resize=1050%2C600 3x"},"classes":[]},{"id":2460,"url":"https:\/\/kulturpedagogik.se\/?p=2460","url_meta":{"origin":2949,"position":2},"title":"Lek och st\u00f6ttning i l\u00e4s-skrivinl\u00e4rning","author":"Maria B Hurtig","date":"7 september, 2017","format":false,"excerpt":"Jag har tidigare skrivit om hur vi tr\u00e4nar p\u00e5 att l\u00e4sa och r\u00e4kna med namnkort i F-klassen bland annat h\u00e4r. Nu jobbar vi varje morgon p\u00e5 det viset och stavar i k\u00f6r namnen p\u00e5 alla de som \u00e4r fr\u00e5nvarande. Under dagen h\u00e4nger ofta namnkort och anteckningar kvar p\u00e5 tavlan. Det\u2026","rel":"","context":"I \u201d\u00c5r 4-6\u201d","block_context":{"text":"\u00c5r 4-6","link":"https:\/\/kulturpedagogik.se\/?cat=4"},"img":{"alt_text":"","src":"https:\/\/i0.wp.com\/media1.kulturpedagogik.se\/2017\/09\/img_6442.jpg?fit=1200%2C900&ssl=1&resize=350%2C200","width":350,"height":200,"srcset":"https:\/\/i0.wp.com\/media1.kulturpedagogik.se\/2017\/09\/img_6442.jpg?fit=1200%2C900&ssl=1&resize=350%2C200 1x, https:\/\/i0.wp.com\/media1.kulturpedagogik.se\/2017\/09\/img_6442.jpg?fit=1200%2C900&ssl=1&resize=525%2C300 1.5x, https:\/\/i0.wp.com\/media1.kulturpedagogik.se\/2017\/09\/img_6442.jpg?fit=1200%2C900&ssl=1&resize=700%2C400 2x, https:\/\/i0.wp.com\/media1.kulturpedagogik.se\/2017\/09\/img_6442.jpg?fit=1200%2C900&ssl=1&resize=1050%2C600 3x"},"classes":[]},{"id":2976,"url":"https:\/\/kulturpedagogik.se\/?p=2976","url_meta":{"origin":2949,"position":3},"title":"Finmotorik och varierad repetition","author":"Maria B Hurtig","date":"12 december, 2017","format":false,"excerpt":"Vi har jobbat med talen 1-9 under f\u00f6rsta terminen i f\u00f6rskoleklassen. Mycket har det handlat om taluppfattning och det m\u00e5ste vi forts\u00e4tta med. Dvs antalet som \u00e5syftas. Oftast anv\u00e4nder vi praktiska representationer f\u00f6r att skapa en f\u00f6rst\u00e5else och ge barnen inre bilder att luta sig mot som jag skrivit om\u2026","rel":"","context":"I \u201d\u00c5r F-3\u201d","block_context":{"text":"\u00c5r F-3","link":"https:\/\/kulturpedagogik.se\/?cat=1"},"img":{"alt_text":"","src":"https:\/\/i0.wp.com\/media1.kulturpedagogik.se\/2017\/12\/img_7098.jpg?fit=900%2C1200&ssl=1&resize=350%2C200","width":350,"height":200,"srcset":"https:\/\/i0.wp.com\/media1.kulturpedagogik.se\/2017\/12\/img_7098.jpg?fit=900%2C1200&ssl=1&resize=350%2C200 1x, https:\/\/i0.wp.com\/media1.kulturpedagogik.se\/2017\/12\/img_7098.jpg?fit=900%2C1200&ssl=1&resize=525%2C300 1.5x, https:\/\/i0.wp.com\/media1.kulturpedagogik.se\/2017\/12\/img_7098.jpg?fit=900%2C1200&ssl=1&resize=700%2C400 2x"},"classes":[]},{"id":1740,"url":"https:\/\/kulturpedagogik.se\/?p=1740","url_meta":{"origin":2949,"position":4},"title":"Skriva, rita och l\u00e4ra &#8211; n\u00e5gra tankar\u00a0","author":"Maria B Hurtig","date":"3 februari, 2017","format":false,"excerpt":"P\u00e5 onsdagarna l\u00e5ter vi eleverna i F-klassen skriva p\u00e5 i-pad. Sedan f\u00e5r de illustrera n\u00e5got ur texten. Barnen jobbar i par och hj\u00e4lper varandra med att skriva. Rita g\u00f6r de individuellt. Vi har f\u00f6rs\u00f6kt s\u00e4tta samman paren s\u00e5 att alla kan l\u00e4ra sig och lyckas. I b\u00f6rjan var det tydligt\u2026","rel":"","context":"I \u201d\u00c5r F-3\u201d","block_context":{"text":"\u00c5r F-3","link":"https:\/\/kulturpedagogik.se\/?cat=1"},"img":{"alt_text":"","src":"https:\/\/i0.wp.com\/media1.kulturpedagogik.se\/2017\/02\/img_5269-3.jpg?fit=900%2C1200&ssl=1&resize=350%2C200","width":350,"height":200,"srcset":"https:\/\/i0.wp.com\/media1.kulturpedagogik.se\/2017\/02\/img_5269-3.jpg?fit=900%2C1200&ssl=1&resize=350%2C200 1x, https:\/\/i0.wp.com\/media1.kulturpedagogik.se\/2017\/02\/img_5269-3.jpg?fit=900%2C1200&ssl=1&resize=525%2C300 1.5x, https:\/\/i0.wp.com\/media1.kulturpedagogik.se\/2017\/02\/img_5269-3.jpg?fit=900%2C1200&ssl=1&resize=700%2C400 2x"},"classes":[]},{"id":2017,"url":"https:\/\/kulturpedagogik.se\/?p=2017","url_meta":{"origin":2949,"position":5},"title":"Se utvecklingen &#8211; i dagboken","author":"Maria B Hurtig","date":"4 april, 2017","format":false,"excerpt":"Under \u00e5ret har barnen i v\u00e5r F-klass haft en dagbok att rita och skriva i en g\u00e5ng i veckan. P\u00e5 h\u00f6stterminen arbetade vi i den p\u00e5 fredagar. Oftast handlade det d\u00e5 om n\u00e5got de gjort skolan eller p\u00e5 fritids. Den h\u00e4r terminen har vi flyttar aktiviteten till m\u00e5ndagar och \u00f6ppnat\u2026","rel":"","context":"I \u201d\u00c5r F-3\u201d","block_context":{"text":"\u00c5r F-3","link":"https:\/\/kulturpedagogik.se\/?cat=1"},"img":{"alt_text":"","src":"https:\/\/i0.wp.com\/media1.kulturpedagogik.se\/2017\/04\/img_5670.jpg?resize=350%2C200","width":350,"height":200,"srcset":"https:\/\/i0.wp.com\/media1.kulturpedagogik.se\/2017\/04\/img_5670.jpg?resize=350%2C200 1x, https:\/\/i0.wp.com\/media1.kulturpedagogik.se\/2017\/04\/img_5670.jpg?resize=525%2C300 1.5x"},"classes":[]}],"_links":{"self":[{"href":"https:\/\/kulturpedagogik.se\/index.php?rest_route=\/wp\/v2\/posts\/2949","targetHints":{"allow":["GET"]}}],"collection":[{"href":"https:\/\/kulturpedagogik.se\/index.php?rest_route=\/wp\/v2\/posts"}],"about":[{"href":"https:\/\/kulturpedagogik.se\/index.php?rest_route=\/wp\/v2\/types\/post"}],"author":[{"embeddable":true,"href":"https:\/\/kulturpedagogik.se\/index.php?rest_route=\/wp\/v2\/users\/1"}],"replies":[{"embeddable":true,"href":"https:\/\/kulturpedagogik.se\/index.php?rest_route=%2Fwp%2Fv2%2Fcomments&post=2949"}],"version-history":[{"count":6,"href":"https:\/\/kulturpedagogik.se\/index.php?rest_route=\/wp\/v2\/posts\/2949\/revisions"}],"predecessor-version":[{"id":3096,"href":"https:\/\/kulturpedagogik.se\/index.php?rest_route=\/wp\/v2\/posts\/2949\/revisions\/3096"}],"wp:featuredmedia":[{"embeddable":true,"href":"https:\/\/kulturpedagogik.se\/index.php?rest_route=\/wp\/v2\/media\/2952"}],"wp:attachment":[{"href":"https:\/\/kulturpedagogik.se\/index.php?rest_route=%2Fwp%2Fv2%2Fmedia&parent=2949"}],"wp:term":[{"taxonomy":"category","embeddable":true,"href":"https:\/\/kulturpedagogik.se\/index.php?rest_route=%2Fwp%2Fv2%2Fcategories&post=2949"},{"taxonomy":"post_tag","embeddable":true,"href":"https:\/\/kulturpedagogik.se\/index.php?rest_route=%2Fwp%2Fv2%2Ftags&post=2949"}],"curies":[{"name":"wp","href":"https:\/\/api.w.org\/{rel}","templated":true}]}}