{"id":2618,"date":"2017-10-02T17:58:03","date_gmt":"2017-10-02T17:58:03","guid":{"rendered":"http:\/\/kulturpedagogik.se\/?p=2618"},"modified":"2018-02-04T10:25:51","modified_gmt":"2018-02-04T10:25:51","slug":"tema-o-med-ormkull","status":"publish","type":"post","link":"https:\/\/kulturpedagogik.se\/?p=2618","title":{"rendered":"Tema O med ormkull"},"content":{"rendered":"<p><img data-recalc-dims=\"1\" loading=\"lazy\" decoding=\"async\" class=\"wp-image-2617\" src=\"https:\/\/i0.wp.com\/media1.kulturpedagogik.se\/2017\/10\/img_6544-1.jpg?resize=860%2C645\" width=\"860\" height=\"645\" srcset=\"https:\/\/i0.wp.com\/media1.kulturpedagogik.se\/2017\/10\/img_6544-1.jpg?w=3264&amp;ssl=1 3264w, https:\/\/i0.wp.com\/media1.kulturpedagogik.se\/2017\/10\/img_6544-1.jpg?resize=150%2C113&amp;ssl=1 150w, https:\/\/i0.wp.com\/media1.kulturpedagogik.se\/2017\/10\/img_6544-1.jpg?resize=300%2C225&amp;ssl=1 300w, https:\/\/i0.wp.com\/media1.kulturpedagogik.se\/2017\/10\/img_6544-1.jpg?resize=768%2C576&amp;ssl=1 768w, https:\/\/i0.wp.com\/media1.kulturpedagogik.se\/2017\/10\/img_6544-1.jpg?resize=1365%2C1024&amp;ssl=1 1365w, https:\/\/i0.wp.com\/media1.kulturpedagogik.se\/2017\/10\/img_6544-1.jpg?resize=700%2C525&amp;ssl=1 700w, https:\/\/i0.wp.com\/media1.kulturpedagogik.se\/2017\/10\/img_6544-1.jpg?resize=800%2C600&amp;ssl=1 800w, https:\/\/i0.wp.com\/media1.kulturpedagogik.se\/2017\/10\/img_6544-1.jpg?w=1720 1720w, https:\/\/i0.wp.com\/media1.kulturpedagogik.se\/2017\/10\/img_6544-1.jpg?w=2580 2580w\" sizes=\"auto, (max-width: 860px) 100vw, 860px\" \/> Vi arbetar med bokst\u00e4ver i tema. Det inneb\u00e4r att vi tar upp bokstaven p\u00e5 flera olika s\u00e4tt. Vi l\u00e4ser en g\u00e5ta om ett djur. I det h\u00e4r fallet orm p\u00e5 O. P\u00e5 s\u00e5 vis introducerar vi begrepp som klassificerar djur: d\u00e4ggdjur, leddjur, insekter, k\u00f6tt\u00e4tare, v\u00e4xt\u00e4tare, kr\u00e4ldjur osv. Vi kommer ocks\u00e5 in p\u00e5 andra fakta om djuren med koppling till matematik (l\u00e4ngd, antal ben, antal vingar, vikt osv.). Efter flera ledtr\u00e5dar f\u00e5r de ropa djuret i k\u00f6r.<\/p>\n<p>Vi gestaltar ocks\u00e5 bokstaven genom att plocka arter i skogen som h\u00e4r ormbunke p\u00e5 O och sedan fotografera. Vi f\u00f6rs\u00f6ker leka en lek p\u00e5 O. Den h\u00e4r veckan blev det ormkull &#8211; en variant p\u00e5 kedjekull d\u00e4r kullaren och de som blir kullade ska h\u00e5lla ihop s\u00e5 de bildar en l\u00e5ng orm d\u00e4r kullaren \u00e4r huvudet.<\/p>\n<p>Vi skrev O ute p\u00e5 fotbollsplan med pinnar. Sedan skrev vi f\u00f6rst\u00e5s o i v\u00e5r skrivbok och f\u00e4rglade bilden av djuret. Detta \u00e4r ett moment som flera av barnen uppskattar &#8211; kanske k\u00e4nner de sig d\u00e5 som riktiga skolbarn d\u00e4r de sitter och jobbar vid sina bord. F\u00f6rdelen med att \u00f6va att skriva f\u00f6r han \u00e4r att det \u00e4r l\u00e4ttare att memorera bokstaven d\u00e5 vi g\u00f6r den med kroppen. Men vi skriver oss ocks\u00e5 till l\u00e4sning p\u00e5 iPad, n\u00e5got som jag skrivit om bl. a. <em><a href=\"http:\/\/kulturpedagogik.se\/?p=2589\">h\u00e4r<\/a><\/em>.<\/p>\n","protected":false},"excerpt":{"rendered":"<p>Vi arbetar med bokst&auml;ver i tema. Det inneb&auml;r att vi tar upp bokstaven p&aring; flera olika s&auml;tt. Vi l&auml;ser en g&aring;ta om ett djur. I det h&auml;r fallet orm p&aring; O. P&aring; s&aring; vis introducerar vi begrepp som klassificerar djur:&hellip;<\/p>\n<p class=\"more-link-p\"><a class=\"more-link\" href=\"https:\/\/kulturpedagogik.se\/?p=2618\">Read more &rarr;<\/a><\/p>\n","protected":false},"author":1,"featured_media":0,"comment_status":"open","ping_status":"open","sticky":false,"template":"","format":"standard","meta":{"jetpack_post_was_ever_published":false,"_jetpack_newsletter_access":"","_jetpack_dont_email_post_to_subs":false,"_jetpack_newsletter_tier_id":0,"_jetpack_memberships_contains_paywalled_content":false,"_jetpack_memberships_contains_paid_content":false,"footnotes":"","jetpack_publicize_message":"","jetpack_publicize_feature_enabled":true,"jetpack_social_post_already_shared":true,"jetpack_social_options":{"image_generator_settings":{"template":"highway","default_image_id":0,"font":"","enabled":false},"version":2}},"categories":[1],"tags":[47,28,38,41,36,20,13],"class_list":["post-2618","post","type-post","status-publish","format-standard","hentry","category-ar-1-3","tag-arbetsro","tag-bild","tag-idrott","tag-lek","tag-naturpedagogik","tag-no","tag-svenska"],"jetpack_publicize_connections":[],"jetpack_featured_media_url":"","jetpack_sharing_enabled":true,"jetpack_shortlink":"https:\/\/wp.me\/p7YLN2-Ge","jetpack-related-posts":[{"id":2516,"url":"https:\/\/kulturpedagogik.se\/?p=2516","url_meta":{"origin":2618,"position":0},"title":"Tema R, r\u00e4ven, r\u00f6nnb\u00e4r och radkull","author":"Maria B Hurtig","date":"20 september, 2017","format":false,"excerpt":"I veckan har vi sysslat med bokstaven R i \u00e5terkommande aktiviteter. Att repetera och dra sig till minnes vad man l\u00e4rt med j\u00e4mna mellanrum \u00e4r ett bra s\u00e4tt att f\u00f6rankra kunskaperna i l\u00e5ngtidsminnet. I b\u00f6rjan av veckan l\u00e4ste vi en g\u00e5ta om r\u00e4ven. Sedan gick vi ut och plockade b\u00e4r\u2026","rel":"","context":"I \u201d\u00c5r F-3\u201d","block_context":{"text":"\u00c5r F-3","link":"https:\/\/kulturpedagogik.se\/?cat=1"},"img":{"alt_text":"","src":"https:\/\/i0.wp.com\/media1.kulturpedagogik.se\/2017\/09\/img_6465.jpg?resize=350%2C200","width":350,"height":200,"srcset":"https:\/\/i0.wp.com\/media1.kulturpedagogik.se\/2017\/09\/img_6465.jpg?resize=350%2C200 1x, https:\/\/i0.wp.com\/media1.kulturpedagogik.se\/2017\/09\/img_6465.jpg?resize=525%2C300 1.5x, https:\/\/i0.wp.com\/media1.kulturpedagogik.se\/2017\/09\/img_6465.jpg?resize=700%2C400 2x, https:\/\/i0.wp.com\/media1.kulturpedagogik.se\/2017\/09\/img_6465.jpg?resize=1050%2C600 3x, https:\/\/i0.wp.com\/media1.kulturpedagogik.se\/2017\/09\/img_6465.jpg?resize=1400%2C800 4x"},"classes":[]},{"id":2755,"url":"https:\/\/kulturpedagogik.se\/?p=2755","url_meta":{"origin":2618,"position":1},"title":"Tema K, kruskr\u00e4ppa, ko, kramkull och kastrullen","author":"Maria B Hurtig","date":"18 oktober, 2017","format":false,"excerpt":"Den h\u00e4r veckan blev det dags f\u00f6r bokstaven K. Efter utematte i m\u00e5ndags plockade vi Kruskr\u00e4ppa. Ni vet den d\u00e4r v\u00e4xten som vi kallade \"kaffe\" n\u00e4r jag var liten. N\u00e4r de sm\u00e5 fr\u00f6na torkar om h\u00f6sten blir de bruna som kaffe. D\u00e5 vi kom in igen fick n\u00e5gra av barnen\u2026","rel":"","context":"I \u201d\u00c5r F-3\u201d","block_context":{"text":"\u00c5r F-3","link":"https:\/\/kulturpedagogik.se\/?cat=1"},"img":{"alt_text":"","src":"https:\/\/i0.wp.com\/media1.kulturpedagogik.se\/2017\/10\/img_6706-2.jpg?fit=1200%2C900&ssl=1&resize=350%2C200","width":350,"height":200,"srcset":"https:\/\/i0.wp.com\/media1.kulturpedagogik.se\/2017\/10\/img_6706-2.jpg?fit=1200%2C900&ssl=1&resize=350%2C200 1x, https:\/\/i0.wp.com\/media1.kulturpedagogik.se\/2017\/10\/img_6706-2.jpg?fit=1200%2C900&ssl=1&resize=525%2C300 1.5x, https:\/\/i0.wp.com\/media1.kulturpedagogik.se\/2017\/10\/img_6706-2.jpg?fit=1200%2C900&ssl=1&resize=700%2C400 2x, https:\/\/i0.wp.com\/media1.kulturpedagogik.se\/2017\/10\/img_6706-2.jpg?fit=1200%2C900&ssl=1&resize=1050%2C600 3x"},"classes":[]},{"id":2393,"url":"https:\/\/kulturpedagogik.se\/?p=2393","url_meta":{"origin":2618,"position":2},"title":"Tema A med apkull","author":"Maria B Hurtig","date":"29 augusti, 2017","format":false,"excerpt":"Jag gillar att jobba i tema, n\u00e5got som jag skrivit lite mer utf\u00f6rligt om h\u00e4r. D\u00e4rf\u00f6r har vi i f\u00f6rskoleklassen b\u00f6rjat introducera bokst\u00e4ver tematiskt. P\u00e5 s\u00e5 vis f\u00e5r barnen olika ing\u00e5ngar till varje bokstav, vilket \u00e4r bra d\u00e5 repetition ju \u00e4r all kunskaps moder. H\u00e4r nedan n\u00e5gra olika \u00f6vningar som\u2026","rel":"","context":"I \u201d\u00c5r F-3\u201d","block_context":{"text":"\u00c5r F-3","link":"https:\/\/kulturpedagogik.se\/?cat=1"},"img":{"alt_text":"","src":"https:\/\/i0.wp.com\/media1.kulturpedagogik.se\/2017\/08\/img_6355-1.jpg?fit=1200%2C900&ssl=1&resize=350%2C200","width":350,"height":200,"srcset":"https:\/\/i0.wp.com\/media1.kulturpedagogik.se\/2017\/08\/img_6355-1.jpg?fit=1200%2C900&ssl=1&resize=350%2C200 1x, https:\/\/i0.wp.com\/media1.kulturpedagogik.se\/2017\/08\/img_6355-1.jpg?fit=1200%2C900&ssl=1&resize=525%2C300 1.5x, https:\/\/i0.wp.com\/media1.kulturpedagogik.se\/2017\/08\/img_6355-1.jpg?fit=1200%2C900&ssl=1&resize=700%2C400 2x, https:\/\/i0.wp.com\/media1.kulturpedagogik.se\/2017\/08\/img_6355-1.jpg?fit=1200%2C900&ssl=1&resize=1050%2C600 3x"},"classes":[]},{"id":4064,"url":"https:\/\/kulturpedagogik.se\/?p=4064","url_meta":{"origin":2618,"position":3},"title":"Variera och m\u00f6blera f\u00f6r koncentration","author":"Maria B Hurtig","date":"28 augusti, 2018","format":false,"excerpt":"F\u00f6rra veckan jobbade vi med bokstaven A. Som introduktion l\u00e4ste jag i samlingen en g\u00e5ta om apan. H\u00e4r introduceras ett djur f\u00f6r varje bokstav genom ledtr\u00e5dar. Barnen som tror sig veta svaret s\u00e4tter pekfingret p\u00e5 n\u00e4san. I slutet r\u00e4knar jag 1-2-3 och s\u00e5 f\u00e5r de s\u00e4ga svaret i talk\u00f6r. Den\u2026","rel":"","context":"I \u201d\u00c5r F-3\u201d","block_context":{"text":"\u00c5r F-3","link":"https:\/\/kulturpedagogik.se\/?cat=1"},"img":{"alt_text":"","src":"https:\/\/i0.wp.com\/media1.kulturpedagogik.se\/2018\/08\/img_8159-1.jpg?fit=1200%2C900&ssl=1&resize=350%2C200","width":350,"height":200,"srcset":"https:\/\/i0.wp.com\/media1.kulturpedagogik.se\/2018\/08\/img_8159-1.jpg?fit=1200%2C900&ssl=1&resize=350%2C200 1x, https:\/\/i0.wp.com\/media1.kulturpedagogik.se\/2018\/08\/img_8159-1.jpg?fit=1200%2C900&ssl=1&resize=525%2C300 1.5x, https:\/\/i0.wp.com\/media1.kulturpedagogik.se\/2018\/08\/img_8159-1.jpg?fit=1200%2C900&ssl=1&resize=700%2C400 2x, https:\/\/i0.wp.com\/media1.kulturpedagogik.se\/2018\/08\/img_8159-1.jpg?fit=1200%2C900&ssl=1&resize=1050%2C600 3x"},"classes":[]},{"id":2598,"url":"https:\/\/kulturpedagogik.se\/?p=2598","url_meta":{"origin":2618,"position":4},"title":"Nya v\u00e4gar till gamla insikter","author":"Maria B Hurtig","date":"1 oktober, 2017","format":false,"excerpt":"Vi gjorde nyligen en \u00f6vning i skogen d\u00e5 barnen fick l\u00e4ra sig udda och j\u00e4mna tal som jag skrivit om h\u00e4r. Den d\u00e4r skogs\u00f6vningen brukar vara mycket verkningsfull och de flesta barnen brukar komma ih\u00e5g vad som skiljer udda och j\u00e4mna tal efter att ha tagit del av den. Det\u2026","rel":"","context":"I \u201d\u00c5r F-3\u201d","block_context":{"text":"\u00c5r F-3","link":"https:\/\/kulturpedagogik.se\/?cat=1"},"img":{"alt_text":"","src":"https:\/\/i0.wp.com\/media1.kulturpedagogik.se\/2017\/10\/img_6556.jpg?resize=350%2C200","width":350,"height":200,"srcset":"https:\/\/i0.wp.com\/media1.kulturpedagogik.se\/2017\/10\/img_6556.jpg?resize=350%2C200 1x, https:\/\/i0.wp.com\/media1.kulturpedagogik.se\/2017\/10\/img_6556.jpg?resize=525%2C300 1.5x, https:\/\/i0.wp.com\/media1.kulturpedagogik.se\/2017\/10\/img_6556.jpg?resize=700%2C400 2x, https:\/\/i0.wp.com\/media1.kulturpedagogik.se\/2017\/10\/img_6556.jpg?resize=1050%2C600 3x, https:\/\/i0.wp.com\/media1.kulturpedagogik.se\/2017\/10\/img_6556.jpg?resize=1400%2C800 4x"},"classes":[]},{"id":2476,"url":"https:\/\/kulturpedagogik.se\/?p=2476","url_meta":{"origin":2618,"position":5},"title":"Tema S med svanskull och sj\u00e4lvportr\u00e4tt","author":"Maria B Hurtig","date":"12 september, 2017","format":false,"excerpt":"Vi jobbar vidare med bokst\u00e4ver, den h\u00e4r g\u00e5ngen handlar det om S. Vi inledde i veckan med den hemliga p\u00e5sen. Den h\u00e4r g\u00e5ngen hade vi fler objekt att l\u00e4gga ut p\u00e5 mattan. Min kollega Helena fr\u00e5gade barnen om de kunde finna n\u00e5gra likheter mellan sakerna utifr\u00e5n f\u00f6rstabokstav. De plockade ut\u2026","rel":"","context":"I \u201d\u00c5r F-3\u201d","block_context":{"text":"\u00c5r F-3","link":"https:\/\/kulturpedagogik.se\/?cat=1"},"img":{"alt_text":"","src":"https:\/\/i0.wp.com\/media1.kulturpedagogik.se\/2017\/09\/img_6450.jpg?fit=1200%2C900&ssl=1&resize=350%2C200","width":350,"height":200,"srcset":"https:\/\/i0.wp.com\/media1.kulturpedagogik.se\/2017\/09\/img_6450.jpg?fit=1200%2C900&ssl=1&resize=350%2C200 1x, https:\/\/i0.wp.com\/media1.kulturpedagogik.se\/2017\/09\/img_6450.jpg?fit=1200%2C900&ssl=1&resize=525%2C300 1.5x, https:\/\/i0.wp.com\/media1.kulturpedagogik.se\/2017\/09\/img_6450.jpg?fit=1200%2C900&ssl=1&resize=700%2C400 2x, https:\/\/i0.wp.com\/media1.kulturpedagogik.se\/2017\/09\/img_6450.jpg?fit=1200%2C900&ssl=1&resize=1050%2C600 3x"},"classes":[]}],"_links":{"self":[{"href":"https:\/\/kulturpedagogik.se\/index.php?rest_route=\/wp\/v2\/posts\/2618","targetHints":{"allow":["GET"]}}],"collection":[{"href":"https:\/\/kulturpedagogik.se\/index.php?rest_route=\/wp\/v2\/posts"}],"about":[{"href":"https:\/\/kulturpedagogik.se\/index.php?rest_route=\/wp\/v2\/types\/post"}],"author":[{"embeddable":true,"href":"https:\/\/kulturpedagogik.se\/index.php?rest_route=\/wp\/v2\/users\/1"}],"replies":[{"embeddable":true,"href":"https:\/\/kulturpedagogik.se\/index.php?rest_route=%2Fwp%2Fv2%2Fcomments&post=2618"}],"version-history":[{"count":3,"href":"https:\/\/kulturpedagogik.se\/index.php?rest_route=\/wp\/v2\/posts\/2618\/revisions"}],"predecessor-version":[{"id":3267,"href":"https:\/\/kulturpedagogik.se\/index.php?rest_route=\/wp\/v2\/posts\/2618\/revisions\/3267"}],"wp:attachment":[{"href":"https:\/\/kulturpedagogik.se\/index.php?rest_route=%2Fwp%2Fv2%2Fmedia&parent=2618"}],"wp:term":[{"taxonomy":"category","embeddable":true,"href":"https:\/\/kulturpedagogik.se\/index.php?rest_route=%2Fwp%2Fv2%2Fcategories&post=2618"},{"taxonomy":"post_tag","embeddable":true,"href":"https:\/\/kulturpedagogik.se\/index.php?rest_route=%2Fwp%2Fv2%2Ftags&post=2618"}],"curies":[{"name":"wp","href":"https:\/\/api.w.org\/{rel}","templated":true}]}}