{"id":2335,"date":"2017-06-08T15:20:02","date_gmt":"2017-06-08T15:20:02","guid":{"rendered":"http:\/\/kulturpedagogik.se\/?p=2335"},"modified":"2018-02-04T12:21:43","modified_gmt":"2018-02-04T12:21:43","slug":"mera-karleksbrev-nu-till-efisarna","status":"publish","type":"post","link":"https:\/\/kulturpedagogik.se\/?p=2335","title":{"rendered":"Mera k\u00e4rleksbrev &#8211; nu till &#8221;efisarna&#8221;"},"content":{"rendered":"<p><a href=\"https:\/\/i0.wp.com\/media1.kulturpedagogik.se\/2017\/06\/img_6089.jpg\"><img data-recalc-dims=\"1\" loading=\"lazy\" decoding=\"async\" class=\"alignnone size-full wp-image-2334\" src=\"https:\/\/i0.wp.com\/media1.kulturpedagogik.se\/2017\/06\/img_6089.jpg?resize=455%2C607\" alt=\"\" width=\"455\" height=\"607\" srcset=\"https:\/\/i0.wp.com\/media1.kulturpedagogik.se\/2017\/06\/img_6089.jpg?w=455&amp;ssl=1 455w, https:\/\/i0.wp.com\/media1.kulturpedagogik.se\/2017\/06\/img_6089.jpg?resize=112%2C150&amp;ssl=1 112w, https:\/\/i0.wp.com\/media1.kulturpedagogik.se\/2017\/06\/img_6089.jpg?resize=225%2C300&amp;ssl=1 225w\" sizes=\"auto, (max-width: 455px) 100vw, 455px\" \/><\/a>Det f\u00f6refaller som om k\u00e4rleken blommar i min fr\u00e5nvaro p\u00e5 jobbet. Nu \u00e4r det inte bara jag som f\u00e5r k\u00e4rleksbrev fr\u00e5n klassen. \u00c4ven F-klassen fick idag detta meddelande fr\u00e5n en flicka i \u00e5k 1. Underbart med k\u00e4rlek tycker vi..&#x2764;&#xfe0f;<\/p>\n","protected":false},"excerpt":{"rendered":"<p>Det f&ouml;refaller som om k&auml;rleken blommar i min fr&aring;nvaro p&aring; jobbet. Nu &auml;r det inte bara jag som f&aring;r k&auml;rleksbrev fr&aring;n klassen. &Auml;ven F-klassen fick idag detta meddelande fr&aring;n en flicka i &aring;k 1. Underbart med k&auml;rlek tycker vi..&#10084;&#65039;<\/p>\n<p class=\"more-link-p\"><a class=\"more-link\" href=\"https:\/\/kulturpedagogik.se\/?p=2335\">Read more &rarr;<\/a><\/p>\n","protected":false},"author":1,"featured_media":0,"comment_status":"open","ping_status":"open","sticky":false,"template":"","format":"standard","meta":{"jetpack_post_was_ever_published":false,"_jetpack_newsletter_access":"","_jetpack_dont_email_post_to_subs":false,"_jetpack_newsletter_tier_id":0,"_jetpack_memberships_contains_paywalled_content":false,"_jetpack_memberships_contains_paid_content":false,"footnotes":"","jetpack_publicize_message":"","jetpack_publicize_feature_enabled":true,"jetpack_social_post_already_shared":true,"jetpack_social_options":{"image_generator_settings":{"template":"highway","default_image_id":0,"font":"","enabled":false},"version":2}},"categories":[1,34],"tags":[39,41,42,13],"class_list":["post-2335","post","type-post","status-publish","format-standard","hentry","category-ar-1-3","category-forskolan","tag-inkluderande","tag-lek","tag-skolkultur","tag-svenska"],"jetpack_publicize_connections":[],"jetpack_featured_media_url":"","jetpack_sharing_enabled":true,"jetpack_shortlink":"https:\/\/wp.me\/p7YLN2-BF","jetpack-related-posts":[{"id":2145,"url":"https:\/\/kulturpedagogik.se\/?p=2145","url_meta":{"origin":2335,"position":0},"title":"Vi minns \u00e5ret i F-klass","author":"Maria B Hurtig","date":"2 maj, 2017","format":false,"excerpt":"P\u00e5 onsdagarna skriver vi p\u00e5 i-pad i F-klassen. Barnen jobbar tv\u00e5 och tv\u00e5 f\u00f6r att kunna hj\u00e4lpa varandra. D\u00e5 vi \u00e4r tv\u00e5 pedagoger i gruppen delar vi upp oss s\u00e5 barnen f\u00e5r turas om att skriva. Vi har haft m\u00e5nga olika \u00e4mnen att skriva om under \u00e5ret. Vi har skrivit\u2026","rel":"","context":"I \u201d\u00c5r F-3\u201d","block_context":{"text":"\u00c5r F-3","link":"https:\/\/kulturpedagogik.se\/?cat=1"},"img":{"alt_text":"","src":"https:\/\/i0.wp.com\/media1.kulturpedagogik.se\/2017\/05\/img_5775-1.jpg?fit=455%2C607&ssl=1&resize=350%2C200","width":350,"height":200},"classes":[]},{"id":1656,"url":"https:\/\/kulturpedagogik.se\/?p=1656","url_meta":{"origin":2335,"position":1},"title":"Br\u00e5k i F-klassen","author":"Maria B Hurtig","date":"18 januari, 2017","format":false,"excerpt":"Jag har tidigare skrivit om hur vi varierar samlingen med hj\u00e4lp av cirkeldiagram h\u00e4r. S\u00e5 kontrollerar vi n\u00e4rvaron om mornarna genom att alla barn f\u00e5r placera in en t\u00e5rtbit i diagrammet. P\u00e5 detta s\u00e4tt f\u00e5r de tr\u00e4na p\u00e5 att l\u00e4sa varandras namn och bekanta sig med diagram samt diskutera kring\u2026","rel":"","context":"I \u201d\u00c5r F-3\u201d","block_context":{"text":"\u00c5r F-3","link":"https:\/\/kulturpedagogik.se\/?cat=1"},"img":{"alt_text":"","src":"https:\/\/i0.wp.com\/media1.kulturpedagogik.se\/2017\/01\/img_5193.jpg?fit=1200%2C900&ssl=1&resize=350%2C200","width":350,"height":200,"srcset":"https:\/\/i0.wp.com\/media1.kulturpedagogik.se\/2017\/01\/img_5193.jpg?fit=1200%2C900&ssl=1&resize=350%2C200 1x, https:\/\/i0.wp.com\/media1.kulturpedagogik.se\/2017\/01\/img_5193.jpg?fit=1200%2C900&ssl=1&resize=525%2C300 1.5x, https:\/\/i0.wp.com\/media1.kulturpedagogik.se\/2017\/01\/img_5193.jpg?fit=1200%2C900&ssl=1&resize=700%2C400 2x, https:\/\/i0.wp.com\/media1.kulturpedagogik.se\/2017\/01\/img_5193.jpg?fit=1200%2C900&ssl=1&resize=1050%2C600 3x"},"classes":[]},{"id":2724,"url":"https:\/\/kulturpedagogik.se\/?p=2724","url_meta":{"origin":2335,"position":2},"title":"Kroppen och h\u00e4lsa med skelett och STL","author":"Maria B Hurtig","date":"12 oktober, 2017","format":false,"excerpt":"Vi hade nyligen tema h\u00e4lsa som jag skrivit om h\u00e4r. I samband med det har vi hunnit tala en del om kroppen och viktiga organ. Vi har ocks\u00e5 haft ett benbrott i klassen, d\u00e5 ett barn gjorde sig illa p\u00e5 en lekplats. Nu spinner vi vidare genom att f\u00f6revisa skolans\u2026","rel":"","context":"I \u201d\u00c5r F-3\u201d","block_context":{"text":"\u00c5r F-3","link":"https:\/\/kulturpedagogik.se\/?cat=1"},"img":{"alt_text":"","src":"https:\/\/i0.wp.com\/media1.kulturpedagogik.se\/2017\/10\/img_6666.jpg?fit=900%2C1200&ssl=1&resize=350%2C200","width":350,"height":200,"srcset":"https:\/\/i0.wp.com\/media1.kulturpedagogik.se\/2017\/10\/img_6666.jpg?fit=900%2C1200&ssl=1&resize=350%2C200 1x, https:\/\/i0.wp.com\/media1.kulturpedagogik.se\/2017\/10\/img_6666.jpg?fit=900%2C1200&ssl=1&resize=525%2C300 1.5x, https:\/\/i0.wp.com\/media1.kulturpedagogik.se\/2017\/10\/img_6666.jpg?fit=900%2C1200&ssl=1&resize=700%2C400 2x"},"classes":[]},{"id":1707,"url":"https:\/\/kulturpedagogik.se\/?p=1707","url_meta":{"origin":2335,"position":3},"title":"Experiment, l\u00e4sning och pyssel &#8211; tema luft inspirerar\u00a0","author":"Maria B Hurtig","date":"31 januari, 2017","format":false,"excerpt":"Jag har tidigare skrivit om tema luft och rymden h\u00e4r. D\u00e5 var jag i f\u00f6rskolan. Nu har vi gjort n\u00e5got liknande i F-klassen och det \u00e4r kul. Vi b\u00f6rjade med n\u00e5gra experiment. \u00a0En ballong som flyger f\u00e5r oss att t\u00e4nka p\u00e5 jetmotorn. Dykarklocka illustrerar hur luften tar plats. F\u00f6r att\u2026","rel":"","context":"I \u201d\u00c5r F-3\u201d","block_context":{"text":"\u00c5r F-3","link":"https:\/\/kulturpedagogik.se\/?cat=1"},"img":{"alt_text":"","src":"https:\/\/i0.wp.com\/media1.kulturpedagogik.se\/2017\/01\/img_5225-1.jpg?fit=1200%2C900&ssl=1&resize=350%2C200","width":350,"height":200,"srcset":"https:\/\/i0.wp.com\/media1.kulturpedagogik.se\/2017\/01\/img_5225-1.jpg?fit=1200%2C900&ssl=1&resize=350%2C200 1x, https:\/\/i0.wp.com\/media1.kulturpedagogik.se\/2017\/01\/img_5225-1.jpg?fit=1200%2C900&ssl=1&resize=525%2C300 1.5x, https:\/\/i0.wp.com\/media1.kulturpedagogik.se\/2017\/01\/img_5225-1.jpg?fit=1200%2C900&ssl=1&resize=700%2C400 2x, https:\/\/i0.wp.com\/media1.kulturpedagogik.se\/2017\/01\/img_5225-1.jpg?fit=1200%2C900&ssl=1&resize=1050%2C600 3x"},"classes":[]},{"id":5024,"url":"https:\/\/kulturpedagogik.se\/?p=5024","url_meta":{"origin":2335,"position":4},"title":"Plump med fyra r\u00e4knes\u00e4tt &#8211; kul att klura","author":"Maria B Hurtig","date":"26 maj, 2020","format":false,"excerpt":"Idag blev jag inbjuden till ett klassrum i \u00e5rskurs 3 av fr\u00f6ken Gunilla Eriksson. Klassen skulle spela Plump med alla fyra r\u00e4knes\u00e4tt och de var taggade till tusen. Gunilla hade ritat den stora spelplanen p\u00e5 tavlan och klassen var uppdelad i grupper om 3-4 personer. Grupperna hade f\u00e5tt v\u00e4lja varsitt\u2026","rel":"","context":"I \u201d\u00c5r F-3\u201d","block_context":{"text":"\u00c5r F-3","link":"https:\/\/kulturpedagogik.se\/?cat=1"},"img":{"alt_text":"","src":"https:\/\/i0.wp.com\/media1.kulturpedagogik.se\/2020\/05\/0fa92113-e589-41ac-9209-c68b01cdd396-260-000000111d14d75d_-1.jpg?fit=1200%2C900&ssl=1&resize=350%2C200","width":350,"height":200,"srcset":"https:\/\/i0.wp.com\/media1.kulturpedagogik.se\/2020\/05\/0fa92113-e589-41ac-9209-c68b01cdd396-260-000000111d14d75d_-1.jpg?fit=1200%2C900&ssl=1&resize=350%2C200 1x, https:\/\/i0.wp.com\/media1.kulturpedagogik.se\/2020\/05\/0fa92113-e589-41ac-9209-c68b01cdd396-260-000000111d14d75d_-1.jpg?fit=1200%2C900&ssl=1&resize=525%2C300 1.5x, https:\/\/i0.wp.com\/media1.kulturpedagogik.se\/2020\/05\/0fa92113-e589-41ac-9209-c68b01cdd396-260-000000111d14d75d_-1.jpg?fit=1200%2C900&ssl=1&resize=700%2C400 2x, https:\/\/i0.wp.com\/media1.kulturpedagogik.se\/2020\/05\/0fa92113-e589-41ac-9209-c68b01cdd396-260-000000111d14d75d_-1.jpg?fit=1200%2C900&ssl=1&resize=1050%2C600 3x"},"classes":[]},{"id":660,"url":"https:\/\/kulturpedagogik.se\/?p=660","url_meta":{"origin":2335,"position":5},"title":"Alfabetet i naturen","author":"Maria B Hurtig","date":"14 september, 2014","format":false,"excerpt":"Varje vecka m\u00f6ts F-klassen med f\u00f6rskolan f\u00f6r en dag i skogen. Denna termin jobbar vi med alfabetet. P\u00e5 morgonen tittar vi p\u00e5 ett klipp ur Fem myror \u00e4r fler \u00e4n fyra elefanter. D\u00e4refter g\u00e5r vi ut och letar skogsmaterial som b\u00f6rjar p\u00e5 dagens bokstav. Slutligen fotograferar vi v\u00e5r gestaltning av\u2026","rel":"","context":"I \u201d\u00c5r F-3\u201d","block_context":{"text":"\u00c5r F-3","link":"https:\/\/kulturpedagogik.se\/?cat=1"},"img":{"alt_text":"","src":"https:\/\/i0.wp.com\/media1.kulturpedagogik.se\/2014\/09\/IMG_1904-0.jpg?fit=900%2C1200&ssl=1&resize=350%2C200","width":350,"height":200,"srcset":"https:\/\/i0.wp.com\/media1.kulturpedagogik.se\/2014\/09\/IMG_1904-0.jpg?fit=900%2C1200&ssl=1&resize=350%2C200 1x, https:\/\/i0.wp.com\/media1.kulturpedagogik.se\/2014\/09\/IMG_1904-0.jpg?fit=900%2C1200&ssl=1&resize=525%2C300 1.5x, https:\/\/i0.wp.com\/media1.kulturpedagogik.se\/2014\/09\/IMG_1904-0.jpg?fit=900%2C1200&ssl=1&resize=700%2C400 2x"},"classes":[]}],"_links":{"self":[{"href":"https:\/\/kulturpedagogik.se\/index.php?rest_route=\/wp\/v2\/posts\/2335","targetHints":{"allow":["GET"]}}],"collection":[{"href":"https:\/\/kulturpedagogik.se\/index.php?rest_route=\/wp\/v2\/posts"}],"about":[{"href":"https:\/\/kulturpedagogik.se\/index.php?rest_route=\/wp\/v2\/types\/post"}],"author":[{"embeddable":true,"href":"https:\/\/kulturpedagogik.se\/index.php?rest_route=\/wp\/v2\/users\/1"}],"replies":[{"embeddable":true,"href":"https:\/\/kulturpedagogik.se\/index.php?rest_route=%2Fwp%2Fv2%2Fcomments&post=2335"}],"version-history":[{"count":1,"href":"https:\/\/kulturpedagogik.se\/index.php?rest_route=\/wp\/v2\/posts\/2335\/revisions"}],"predecessor-version":[{"id":3289,"href":"https:\/\/kulturpedagogik.se\/index.php?rest_route=\/wp\/v2\/posts\/2335\/revisions\/3289"}],"wp:attachment":[{"href":"https:\/\/kulturpedagogik.se\/index.php?rest_route=%2Fwp%2Fv2%2Fmedia&parent=2335"}],"wp:term":[{"taxonomy":"category","embeddable":true,"href":"https:\/\/kulturpedagogik.se\/index.php?rest_route=%2Fwp%2Fv2%2Fcategories&post=2335"},{"taxonomy":"post_tag","embeddable":true,"href":"https:\/\/kulturpedagogik.se\/index.php?rest_route=%2Fwp%2Fv2%2Ftags&post=2335"}],"curies":[{"name":"wp","href":"https:\/\/api.w.org\/{rel}","templated":true}]}}