{"id":2296,"date":"2017-06-01T15:54:02","date_gmt":"2017-06-01T15:54:02","guid":{"rendered":"http:\/\/kulturpedagogik.se\/?p=2296"},"modified":"2018-02-04T12:33:03","modified_gmt":"2018-02-04T12:33:03","slug":"gemensam-dikt-a-la-korling","status":"publish","type":"post","link":"https:\/\/kulturpedagogik.se\/?p=2296","title":{"rendered":"Dikt, dans och s\u00e5ng p\u00e5 avslutningen"},"content":{"rendered":"<p><a href=\"http:\/\/kulturpedagogik.se\/?attachment_id=2278#main\" rel=\"attachment wp-att-2278\"><img data-recalc-dims=\"1\" loading=\"lazy\" decoding=\"async\" class=\"alignleft size-medium wp-image-2278\" src=\"https:\/\/i0.wp.com\/media1.kulturpedagogik.se\/2017\/06\/img_6072-2.jpg?resize=225%2C300\" alt=\"\" width=\"225\" height=\"300\" data-wp-pid=\"2278\" srcset=\"https:\/\/i0.wp.com\/media1.kulturpedagogik.se\/2017\/06\/img_6072-2.jpg?resize=225%2C300&amp;ssl=1 225w, https:\/\/i0.wp.com\/media1.kulturpedagogik.se\/2017\/06\/img_6072-2.jpg?resize=112%2C150&amp;ssl=1 112w, https:\/\/i0.wp.com\/media1.kulturpedagogik.se\/2017\/06\/img_6072-2.jpg?w=455&amp;ssl=1 455w\" sizes=\"auto, (max-width: 225px) 100vw, 225px\" \/><\/a><\/p>\n<p>&nbsp;<\/p>\n<p>&nbsp;<\/p>\n<p>&nbsp;<\/p>\n<p>&nbsp;<\/p>\n<p>&nbsp;<\/p>\n<p>&nbsp;<\/p>\n<p>&nbsp;<\/p>\n<p>F-klassen lider mot sitt slut och vi har br\u00e5da dagar att f\u00f6rbereda f\u00f6r avslutningen. D\u00e5 ska vi sjunga s\u00e5nger och ber\u00e4tta om allt vi l\u00e4rt oss och varit med om f\u00f6r anh\u00f6riga i klassrummet.<\/p>\n<p>N\u00e5gra barn f\u00e5r vara konferencier och n\u00e5gra f\u00e5r gestalta Sackarina och Sandvargen. Alla har bokst\u00e4ver som de ska h\u00e5lla upp och vissa har geometriska former. Vi ska ocks\u00e5 dansa Bingo-dansen. Och s\u00e5 ska vi l\u00e4sa poesi som vi har skrivit tillsammans.<\/p>\n<p>Dikten baserar sig p\u00e5 vad barnen skrivit p\u00e5 I-pad om sin tid i F-klassen. Vi har tagit deras meningar och lagt till lite upprepning enligt en ide fr\u00e5n <a href=\"http:\/\/annemariekorling.blogg.se\/2007\/july\/manen-langt-langt-borta.html\">Ann-Marie K\u00f6rling.<\/a><\/p>\n<p><b>F\u00f6rsta \u00e5ret<br \/>\n<\/b>N\u00e4r jag b\u00f6rjade skolan var jag blyg, blyg.<br \/>\nI b\u00f6rjan var det pirrigt, pirrigt.<br \/>\nVi gick p\u00e5 l\u00e5ng, l\u00e5ng vandring.<br \/>\nSolen lyste, det var varmt, varmt.<\/p>\n<p>Det var kul att f\u00e5 nya v\u00e4nner, v\u00e4nner.<br \/>\nJag ser t\u00e5g, t\u00e5g.<br \/>\nJag har l\u00e4rt, l\u00e4rt mig indianropet.<br \/>\nJag kan bokst\u00e4ver, bokst\u00e4ver.<\/p>\n<p>Jag har l\u00e4rt mig skriva, skriva.<br \/>\nJag har l\u00e4rt mig l\u00e4sa, l\u00e4sa.<br \/>\nJag kan, kan l\u00e4sa.<br \/>\nJag tycker om, om att l\u00e4sa.<\/p>\n<p>Jag har l\u00e4rt mig massor, massor.<br \/>\nDet var kul, kul att l\u00e4ra sig om rymden.<br \/>\nJag har l\u00e4rt mig r\u00e4kna, r\u00e4kna.<br \/>\nJag gillar allt, allt.<\/p>\n<p>Jag har f\u00e5tt nya kompisar, kompisar.<br \/>\nJag \u00e4lskar, \u00e4lskar arbetspass.<br \/>\nJag \u00e4lskar, \u00e4lskar allting<br \/>\nMen mest av allt kl\u00e4tterst\u00e4llningen.<\/p>\n<p><a href=\"http:\/\/kulturpedagogik.se\/?attachment_id=2281#main\" rel=\"attachment wp-att-2281\"><img data-recalc-dims=\"1\" loading=\"lazy\" decoding=\"async\" class=\"alignleft size-medium wp-image-2281\" src=\"https:\/\/i0.wp.com\/media1.kulturpedagogik.se\/2017\/06\/img_6057.jpg?resize=300%2C225\" alt=\"\" width=\"300\" height=\"225\" data-wp-pid=\"2281\" srcset=\"https:\/\/i0.wp.com\/media1.kulturpedagogik.se\/2017\/06\/img_6057.jpg?resize=300%2C225&amp;ssl=1 300w, https:\/\/i0.wp.com\/media1.kulturpedagogik.se\/2017\/06\/img_6057.jpg?resize=150%2C113&amp;ssl=1 150w, https:\/\/i0.wp.com\/media1.kulturpedagogik.se\/2017\/06\/img_6057.jpg?resize=768%2C576&amp;ssl=1 768w, https:\/\/i0.wp.com\/media1.kulturpedagogik.se\/2017\/06\/img_6057.jpg?resize=1365%2C1024&amp;ssl=1 1365w, https:\/\/i0.wp.com\/media1.kulturpedagogik.se\/2017\/06\/img_6057.jpg?resize=700%2C525&amp;ssl=1 700w, https:\/\/i0.wp.com\/media1.kulturpedagogik.se\/2017\/06\/img_6057.jpg?resize=800%2C600&amp;ssl=1 800w, https:\/\/i0.wp.com\/media1.kulturpedagogik.se\/2017\/06\/img_6057.jpg?w=1720 1720w, https:\/\/i0.wp.com\/media1.kulturpedagogik.se\/2017\/06\/img_6057.jpg?w=2580 2580w\" sizes=\"auto, (max-width: 300px) 100vw, 300px\" \/><\/a><\/p>\n","protected":false},"excerpt":{"rendered":"<p>&nbsp; &nbsp; &nbsp; &nbsp; &nbsp; &nbsp; &nbsp; F-klassen lider mot sitt slut och vi har br&aring;da dagar att f&ouml;rbereda f&ouml;r avslutningen. D&aring; ska vi sjunga s&aring;nger och ber&auml;tta om allt vi l&auml;rt oss och varit med om f&ouml;r anh&ouml;riga i&hellip;<\/p>\n<p class=\"more-link-p\"><a class=\"more-link\" href=\"https:\/\/kulturpedagogik.se\/?p=2296\">Read more &rarr;<\/a><\/p>\n","protected":false},"author":1,"featured_media":2278,"comment_status":"open","ping_status":"open","sticky":false,"template":"","format":"standard","meta":{"jetpack_post_was_ever_published":false,"_jetpack_newsletter_access":"","_jetpack_dont_email_post_to_subs":false,"_jetpack_newsletter_tier_id":0,"_jetpack_memberships_contains_paywalled_content":false,"_jetpack_memberships_contains_paid_content":false,"footnotes":"","jetpack_publicize_message":"","jetpack_publicize_feature_enabled":true,"jetpack_social_post_already_shared":true,"jetpack_social_options":{"image_generator_settings":{"template":"highway","default_image_id":0,"font":"","enabled":false},"version":2}},"categories":[1],"tags":[43,29,39,7,14,42,13,8],"class_list":["post-2296","post","type-post","status-publish","format-standard","has-post-thumbnail","hentry","category-ar-1-3","tag-dans","tag-demokrati","tag-inkluderande","tag-musik","tag-poesi","tag-skolkultur","tag-svenska","tag-teater"],"jetpack_publicize_connections":[],"jetpack_featured_media_url":"https:\/\/i0.wp.com\/media1.kulturpedagogik.se\/2017\/06\/img_6072-2.jpg?fit=455%2C607&ssl=1","jetpack_sharing_enabled":true,"jetpack_shortlink":"https:\/\/wp.me\/p7YLN2-B2","jetpack-related-posts":[{"id":3911,"url":"https:\/\/kulturpedagogik.se\/?p=3911","url_meta":{"origin":2296,"position":0},"title":"Musik och poesi om l\u00e4rande till avslutningen","author":"Maria B Hurtig","date":"5 juni, 2018","format":false,"excerpt":"Vi f\u00f6rbereder en liten f\u00f6rest\u00e4llning f\u00f6r f\u00f6rskoleklassens anh\u00f6riga till skolavslutningen. Nu ska vi sjunga s\u00e5nger som handlar om s\u00e5dant som vi l\u00e4rt under \u00e5ret. Genom musiken repeterar vi \u00e5ter det vi det vi l\u00e4rt, s\u00e5 det \u00e4r b\u00e5de nyttigt och kul. Barnen tycker mycket om att sjunga och det \u00e4r\u2026","rel":"","context":"I \u201d\u00c5r F-3\u201d","block_context":{"text":"\u00c5r F-3","link":"https:\/\/kulturpedagogik.se\/?cat=1"},"img":{"alt_text":"","src":"https:\/\/i0.wp.com\/media1.kulturpedagogik.se\/2018\/06\/img_7904.jpg?fit=1200%2C900&ssl=1&resize=350%2C200","width":350,"height":200,"srcset":"https:\/\/i0.wp.com\/media1.kulturpedagogik.se\/2018\/06\/img_7904.jpg?fit=1200%2C900&ssl=1&resize=350%2C200 1x, https:\/\/i0.wp.com\/media1.kulturpedagogik.se\/2018\/06\/img_7904.jpg?fit=1200%2C900&ssl=1&resize=525%2C300 1.5x, https:\/\/i0.wp.com\/media1.kulturpedagogik.se\/2018\/06\/img_7904.jpg?fit=1200%2C900&ssl=1&resize=700%2C400 2x, https:\/\/i0.wp.com\/media1.kulturpedagogik.se\/2018\/06\/img_7904.jpg?fit=1200%2C900&ssl=1&resize=1050%2C600 3x"},"classes":[]},{"id":1656,"url":"https:\/\/kulturpedagogik.se\/?p=1656","url_meta":{"origin":2296,"position":1},"title":"Br\u00e5k i F-klassen","author":"Maria B Hurtig","date":"18 januari, 2017","format":false,"excerpt":"Jag har tidigare skrivit om hur vi varierar samlingen med hj\u00e4lp av cirkeldiagram h\u00e4r. S\u00e5 kontrollerar vi n\u00e4rvaron om mornarna genom att alla barn f\u00e5r placera in en t\u00e5rtbit i diagrammet. P\u00e5 detta s\u00e4tt f\u00e5r de tr\u00e4na p\u00e5 att l\u00e4sa varandras namn och bekanta sig med diagram samt diskutera kring\u2026","rel":"","context":"I \u201d\u00c5r F-3\u201d","block_context":{"text":"\u00c5r F-3","link":"https:\/\/kulturpedagogik.se\/?cat=1"},"img":{"alt_text":"","src":"https:\/\/i0.wp.com\/media1.kulturpedagogik.se\/2017\/01\/img_5193.jpg?fit=1200%2C900&ssl=1&resize=350%2C200","width":350,"height":200,"srcset":"https:\/\/i0.wp.com\/media1.kulturpedagogik.se\/2017\/01\/img_5193.jpg?fit=1200%2C900&ssl=1&resize=350%2C200 1x, https:\/\/i0.wp.com\/media1.kulturpedagogik.se\/2017\/01\/img_5193.jpg?fit=1200%2C900&ssl=1&resize=525%2C300 1.5x, https:\/\/i0.wp.com\/media1.kulturpedagogik.se\/2017\/01\/img_5193.jpg?fit=1200%2C900&ssl=1&resize=700%2C400 2x, https:\/\/i0.wp.com\/media1.kulturpedagogik.se\/2017\/01\/img_5193.jpg?fit=1200%2C900&ssl=1&resize=1050%2C600 3x"},"classes":[]},{"id":2589,"url":"https:\/\/kulturpedagogik.se\/?p=2589","url_meta":{"origin":2296,"position":2},"title":"Bokst\u00e4ver blir ord","author":"Maria B Hurtig","date":"27 september, 2017","format":false,"excerpt":"Jag har skrivit om hur vi jobbat tematiskt med bokst\u00e4ver bl.a. h\u00e4r. N\u00e4r vi nu hunnit med n\u00e5gra stycken s\u00e5 har det blivit dags att f\u00f6rvandla dem till ord. Det gjorde vi idag med hj\u00e4lp av b\u00e5de EPA (enskilt, par, alla) och STL (skriva sig till l\u00e4sning p\u00e5 iPad). Jag\u2026","rel":"","context":"I \u201d\u00c5r F-3\u201d","block_context":{"text":"\u00c5r F-3","link":"https:\/\/kulturpedagogik.se\/?cat=1"},"img":{"alt_text":"","src":"https:\/\/i0.wp.com\/media1.kulturpedagogik.se\/2017\/09\/img_6574.jpg?fit=1200%2C900&ssl=1&resize=350%2C200","width":350,"height":200,"srcset":"https:\/\/i0.wp.com\/media1.kulturpedagogik.se\/2017\/09\/img_6574.jpg?fit=1200%2C900&ssl=1&resize=350%2C200 1x, https:\/\/i0.wp.com\/media1.kulturpedagogik.se\/2017\/09\/img_6574.jpg?fit=1200%2C900&ssl=1&resize=525%2C300 1.5x, https:\/\/i0.wp.com\/media1.kulturpedagogik.se\/2017\/09\/img_6574.jpg?fit=1200%2C900&ssl=1&resize=700%2C400 2x, https:\/\/i0.wp.com\/media1.kulturpedagogik.se\/2017\/09\/img_6574.jpg?fit=1200%2C900&ssl=1&resize=1050%2C600 3x"},"classes":[]},{"id":2145,"url":"https:\/\/kulturpedagogik.se\/?p=2145","url_meta":{"origin":2296,"position":3},"title":"Vi minns \u00e5ret i F-klass","author":"Maria B Hurtig","date":"2 maj, 2017","format":false,"excerpt":"P\u00e5 onsdagarna skriver vi p\u00e5 i-pad i F-klassen. Barnen jobbar tv\u00e5 och tv\u00e5 f\u00f6r att kunna hj\u00e4lpa varandra. D\u00e5 vi \u00e4r tv\u00e5 pedagoger i gruppen delar vi upp oss s\u00e5 barnen f\u00e5r turas om att skriva. Vi har haft m\u00e5nga olika \u00e4mnen att skriva om under \u00e5ret. Vi har skrivit\u2026","rel":"","context":"I \u201d\u00c5r F-3\u201d","block_context":{"text":"\u00c5r F-3","link":"https:\/\/kulturpedagogik.se\/?cat=1"},"img":{"alt_text":"","src":"https:\/\/i0.wp.com\/media1.kulturpedagogik.se\/2017\/05\/img_5775-1.jpg?fit=455%2C607&ssl=1&resize=350%2C200","width":350,"height":200},"classes":[]},{"id":2332,"url":"https:\/\/kulturpedagogik.se\/?p=2332","url_meta":{"origin":2296,"position":4},"title":"K\u00e4rlek i posten","author":"Maria B Hurtig","date":"7 juni, 2017","format":false,"excerpt":"Jag \u00e4r sjukskriven pga en h\u00f6ft -operation och kommer inte kunna vara med F-klassen de sista 2 veckorna p\u00e5 terminen. Jag hoppas kunna dyka upp p\u00e5 avslutningen dock. Min k\u00e4ra kollega Helena \u00e4r d\u00e4remot p\u00e5 plats och hon tog nu tillf\u00e4llet i akt och l\u00e4t barnen skriva brev till mig.\u2026","rel":"","context":"I \u201d\u00c5r F-3\u201d","block_context":{"text":"\u00c5r F-3","link":"https:\/\/kulturpedagogik.se\/?cat=1"},"img":{"alt_text":"","src":"https:\/\/i0.wp.com\/media1.kulturpedagogik.se\/2017\/06\/img_6078.jpg?fit=455%2C607&ssl=1&resize=350%2C200","width":350,"height":200},"classes":[]},{"id":2374,"url":"https:\/\/kulturpedagogik.se\/?p=2374","url_meta":{"origin":2296,"position":5},"title":"L\u00e4sa och r\u00e4kna och vem k\u00e4nner vem?","author":"Maria B Hurtig","date":"24 augusti, 2017","format":false,"excerpt":"Jag har tidigare skrivit om hur vi anv\u00e4nt v\u00e5ra namnkort f\u00f6r l\u00e4str\u00e4ning och samtal kring antal och j\u00e4mf\u00f6rande begrepp bl a\u00a0h\u00e4r. Med den nya F-klassen har vi b\u00f6rjat direkt med dessa namnkort. De anv\u00e4nder vi i olika \u00f6vningar som intr\u00e4desbiljett till samlingen p\u00e5 morgonen. M\u00e5let \u00e4r att l\u00e4ra barnen att\u2026","rel":"","context":"I \u201d\u00c5r F-3\u201d","block_context":{"text":"\u00c5r F-3","link":"https:\/\/kulturpedagogik.se\/?cat=1"},"img":{"alt_text":"","src":"https:\/\/i0.wp.com\/media1.kulturpedagogik.se\/2017\/08\/img_6306-1.jpg?fit=1200%2C900&ssl=1&resize=350%2C200","width":350,"height":200,"srcset":"https:\/\/i0.wp.com\/media1.kulturpedagogik.se\/2017\/08\/img_6306-1.jpg?fit=1200%2C900&ssl=1&resize=350%2C200 1x, https:\/\/i0.wp.com\/media1.kulturpedagogik.se\/2017\/08\/img_6306-1.jpg?fit=1200%2C900&ssl=1&resize=525%2C300 1.5x, https:\/\/i0.wp.com\/media1.kulturpedagogik.se\/2017\/08\/img_6306-1.jpg?fit=1200%2C900&ssl=1&resize=700%2C400 2x, https:\/\/i0.wp.com\/media1.kulturpedagogik.se\/2017\/08\/img_6306-1.jpg?fit=1200%2C900&ssl=1&resize=1050%2C600 3x"},"classes":[]}],"_links":{"self":[{"href":"https:\/\/kulturpedagogik.se\/index.php?rest_route=\/wp\/v2\/posts\/2296","targetHints":{"allow":["GET"]}}],"collection":[{"href":"https:\/\/kulturpedagogik.se\/index.php?rest_route=\/wp\/v2\/posts"}],"about":[{"href":"https:\/\/kulturpedagogik.se\/index.php?rest_route=\/wp\/v2\/types\/post"}],"author":[{"embeddable":true,"href":"https:\/\/kulturpedagogik.se\/index.php?rest_route=\/wp\/v2\/users\/1"}],"replies":[{"embeddable":true,"href":"https:\/\/kulturpedagogik.se\/index.php?rest_route=%2Fwp%2Fv2%2Fcomments&post=2296"}],"version-history":[{"count":3,"href":"https:\/\/kulturpedagogik.se\/index.php?rest_route=\/wp\/v2\/posts\/2296\/revisions"}],"predecessor-version":[{"id":3294,"href":"https:\/\/kulturpedagogik.se\/index.php?rest_route=\/wp\/v2\/posts\/2296\/revisions\/3294"}],"wp:featuredmedia":[{"embeddable":true,"href":"https:\/\/kulturpedagogik.se\/index.php?rest_route=\/wp\/v2\/media\/2278"}],"wp:attachment":[{"href":"https:\/\/kulturpedagogik.se\/index.php?rest_route=%2Fwp%2Fv2%2Fmedia&parent=2296"}],"wp:term":[{"taxonomy":"category","embeddable":true,"href":"https:\/\/kulturpedagogik.se\/index.php?rest_route=%2Fwp%2Fv2%2Fcategories&post=2296"},{"taxonomy":"post_tag","embeddable":true,"href":"https:\/\/kulturpedagogik.se\/index.php?rest_route=%2Fwp%2Fv2%2Ftags&post=2296"}],"curies":[{"name":"wp","href":"https:\/\/api.w.org\/{rel}","templated":true}]}}