{"id":2108,"date":"2017-05-02T16:40:57","date_gmt":"2017-05-02T16:40:57","guid":{"rendered":"http:\/\/kulturpedagogik.se\/?p=2108"},"modified":"2018-02-04T13:03:34","modified_gmt":"2018-02-04T13:03:34","slug":"vi-minns-sandvargen","status":"publish","type":"post","link":"https:\/\/kulturpedagogik.se\/?p=2108","title":{"rendered":"Vi minns Sandvargen"},"content":{"rendered":"<p><a href=\"https:\/\/i0.wp.com\/media1.kulturpedagogik.se\/2017\/04\/img_5828.jpg\"><img data-recalc-dims=\"1\" loading=\"lazy\" decoding=\"async\" class=\"alignnone size-full wp-image-2106\" src=\"https:\/\/i0.wp.com\/media1.kulturpedagogik.se\/2017\/04\/img_5828.jpg?resize=607%2C455\" alt=\"\" width=\"607\" height=\"455\" srcset=\"https:\/\/i0.wp.com\/media1.kulturpedagogik.se\/2017\/04\/img_5828.jpg?w=607&amp;ssl=1 607w, https:\/\/i0.wp.com\/media1.kulturpedagogik.se\/2017\/04\/img_5828.jpg?resize=150%2C112&amp;ssl=1 150w, https:\/\/i0.wp.com\/media1.kulturpedagogik.se\/2017\/04\/img_5828.jpg?resize=300%2C225&amp;ssl=1 300w\" sizes=\"auto, (max-width: 607px) 100vw, 607px\" \/><\/a><\/p>\n<p>Vi har l\u00e4st Sandvargen med F-klassen. Det \u00e4r en h\u00e4rlig bok med lagom l\u00e5nga kapitel som ger upphov till m\u00e5nga intressanta samtal med barnen. Vill man jobba med naturvetenskap \u00e4r det en utm\u00e4rkt bok med flera olika ing\u00e5ngar i \u00e4mnet: om kometer, rymden eller om atomer. Den var ocks\u00e5 en spr\u00e5ngbr\u00e4da f\u00f6r oss d\u00e5 studerade rymden.<\/p>\n<p><a href=\"https:\/\/i0.wp.com\/media1.kulturpedagogik.se\/2017\/04\/img_5827.jpg\"><img data-recalc-dims=\"1\" loading=\"lazy\" decoding=\"async\" class=\"alignnone size-full wp-image-2103\" src=\"https:\/\/i0.wp.com\/media1.kulturpedagogik.se\/2017\/04\/img_5827.jpg?resize=607%2C455\" alt=\"\" width=\"607\" height=\"455\" srcset=\"https:\/\/i0.wp.com\/media1.kulturpedagogik.se\/2017\/04\/img_5827.jpg?w=607&amp;ssl=1 607w, https:\/\/i0.wp.com\/media1.kulturpedagogik.se\/2017\/04\/img_5827.jpg?resize=150%2C112&amp;ssl=1 150w, https:\/\/i0.wp.com\/media1.kulturpedagogik.se\/2017\/04\/img_5827.jpg?resize=300%2C225&amp;ssl=1 300w\" sizes=\"auto, (max-width: 607px) 100vw, 607px\" \/><\/a><\/p>\n<p>Men f\u00f6rfattaren \u00c5sa Lind ocks\u00e5 upp m\u00e5nga existentiella fr\u00e5gor som att vilja rymma hemifr\u00e5n, begrava en d\u00f6d f\u00e5gel, hamna i br\u00e5k eller f\u00e5 en barnvakt. D\u00e5 vi b\u00f6rjar komma i slutet av boken kom vi p\u00e5 att vi skulle rita och skriva n\u00e5got om den i v\u00e5ra b\u00f6cker.<\/p>\n<p><a href=\"https:\/\/i0.wp.com\/media1.kulturpedagogik.se\/2017\/04\/img_5826.jpg\"><img data-recalc-dims=\"1\" loading=\"lazy\" decoding=\"async\" class=\"alignnone size-full wp-image-2102\" src=\"https:\/\/i0.wp.com\/media1.kulturpedagogik.se\/2017\/04\/img_5826.jpg?resize=455%2C607\" alt=\"\" width=\"455\" height=\"607\" srcset=\"https:\/\/i0.wp.com\/media1.kulturpedagogik.se\/2017\/04\/img_5826.jpg?w=455&amp;ssl=1 455w, https:\/\/i0.wp.com\/media1.kulturpedagogik.se\/2017\/04\/img_5826.jpg?resize=112%2C150&amp;ssl=1 112w, https:\/\/i0.wp.com\/media1.kulturpedagogik.se\/2017\/04\/img_5826.jpg?resize=225%2C300&amp;ssl=1 225w\" sizes=\"auto, (max-width: 455px) 100vw, 455px\" \/><\/a><\/p>\n<p>Att rita en varg \u00e4r ju inte det l\u00e4ttaste s\u00e5 jag &#8221;modellerade&#8221; en varg p\u00e5 tavlan f\u00f6r dem som ville dra nytta av lite tips. F\u00f6rst ritade jag nosen, sedan \u00f6ronen, halsen, kroppen, benen och svansen. Jag pratade samtidigt med barnen om vad jag gjorde. Ben\u00e4mnde delarna och deras form t.ex. en nos med \u00f6ppen mun och t\u00e4nder, spetsiga \u00f6ron, fyra ben, en l\u00e5ng svans. P\u00e5 s\u00e5 vis tr\u00e4nar vi b\u00e5de att rita och flera begrepp.<\/p>\n<p><a href=\"https:\/\/i0.wp.com\/media1.kulturpedagogik.se\/2017\/04\/img_5830.jpg\"><img data-recalc-dims=\"1\" loading=\"lazy\" decoding=\"async\" class=\"alignnone size-full wp-image-2104\" src=\"https:\/\/i0.wp.com\/media1.kulturpedagogik.se\/2017\/04\/img_5830.jpg?resize=607%2C455\" alt=\"\" width=\"607\" height=\"455\" srcset=\"https:\/\/i0.wp.com\/media1.kulturpedagogik.se\/2017\/04\/img_5830.jpg?w=607&amp;ssl=1 607w, https:\/\/i0.wp.com\/media1.kulturpedagogik.se\/2017\/04\/img_5830.jpg?resize=150%2C112&amp;ssl=1 150w, https:\/\/i0.wp.com\/media1.kulturpedagogik.se\/2017\/04\/img_5830.jpg?resize=300%2C225&amp;ssl=1 300w\" sizes=\"auto, (max-width: 607px) 100vw, 607px\" \/><\/a><\/p>\n<p>Att p\u00e5 det h\u00e4r viset visa v\u00e4gen f\u00f6r barnen genom att rita f\u00f6re ger dem en m\u00f6jlighet att utveckla n\u00e5got som de kanske inte \u00e4nnu skulle klara p\u00e5 egen hand. Vygotskji har myntat &#8221;<i>den potentiella utvecklingszonen&#8221;<\/i> f\u00f6r att beskriva den plats genom vilken l\u00e4raren kan leda eleven till en ny niv\u00e5. Han pratar ocks\u00e5 mycket om spr\u00e5ket som ett medierande redskap f\u00f6r l\u00e4rande. Bilden som jag ritar fungerar ocks\u00e5 som en <i>st\u00f6tta <\/i>eller en byggnadsst\u00e4llning (Wood, Bruner &amp; Ross 1976) vilken \u00e4r ett tillf\u00e4lligt st\u00f6d i elevens l\u00e4rande (Aukust i Dysthe 2001:172).<\/p>\n<p><a href=\"https:\/\/i0.wp.com\/media1.kulturpedagogik.se\/2017\/04\/img_5829.jpg\"><img data-recalc-dims=\"1\" loading=\"lazy\" decoding=\"async\" class=\"alignnone size-full wp-image-2105\" src=\"https:\/\/i0.wp.com\/media1.kulturpedagogik.se\/2017\/04\/img_5829.jpg?resize=607%2C455\" alt=\"\" width=\"607\" height=\"455\" srcset=\"https:\/\/i0.wp.com\/media1.kulturpedagogik.se\/2017\/04\/img_5829.jpg?w=607&amp;ssl=1 607w, https:\/\/i0.wp.com\/media1.kulturpedagogik.se\/2017\/04\/img_5829.jpg?resize=150%2C112&amp;ssl=1 150w, https:\/\/i0.wp.com\/media1.kulturpedagogik.se\/2017\/04\/img_5829.jpg?resize=300%2C225&amp;ssl=1 300w\" sizes=\"auto, (max-width: 607px) 100vw, 607px\" \/><\/a><\/p>\n<p>Aukust, VG. (2001) Klassrumssamtal, deltagarstrukturer och l\u00e4rande i Dysthe, O. (Red.) (2001). <i>Dialog, samspel och l\u00e4rande, <\/i>Lund: Studentlitteratur. s. 167-194.<\/p>\n<p><a href=\"https:\/\/i0.wp.com\/media1.kulturpedagogik.se\/2017\/04\/img_5822.jpg\"><img data-recalc-dims=\"1\" loading=\"lazy\" decoding=\"async\" class=\"alignnone size-full wp-image-2107\" src=\"https:\/\/i0.wp.com\/media1.kulturpedagogik.se\/2017\/04\/img_5822.jpg?resize=607%2C455\" alt=\"\" width=\"607\" height=\"455\" srcset=\"https:\/\/i0.wp.com\/media1.kulturpedagogik.se\/2017\/04\/img_5822.jpg?w=607&amp;ssl=1 607w, https:\/\/i0.wp.com\/media1.kulturpedagogik.se\/2017\/04\/img_5822.jpg?resize=150%2C112&amp;ssl=1 150w, https:\/\/i0.wp.com\/media1.kulturpedagogik.se\/2017\/04\/img_5822.jpg?resize=300%2C225&amp;ssl=1 300w\" sizes=\"auto, (max-width: 607px) 100vw, 607px\" \/><\/a><a href=\"https:\/\/i0.wp.com\/media1.kulturpedagogik.se\/2017\/05\/img_5823-1.jpg\"><img data-recalc-dims=\"1\" loading=\"lazy\" decoding=\"async\" class=\"alignnone size-full wp-image-2129\" src=\"https:\/\/i0.wp.com\/media1.kulturpedagogik.se\/2017\/05\/img_5823-1.jpg?resize=607%2C455\" alt=\"\" width=\"607\" height=\"455\" srcset=\"https:\/\/i0.wp.com\/media1.kulturpedagogik.se\/2017\/05\/img_5823-1.jpg?w=607&amp;ssl=1 607w, https:\/\/i0.wp.com\/media1.kulturpedagogik.se\/2017\/05\/img_5823-1.jpg?resize=150%2C112&amp;ssl=1 150w, https:\/\/i0.wp.com\/media1.kulturpedagogik.se\/2017\/05\/img_5823-1.jpg?resize=300%2C225&amp;ssl=1 300w\" sizes=\"auto, (max-width: 607px) 100vw, 607px\" \/><\/a><a href=\"https:\/\/i0.wp.com\/media1.kulturpedagogik.se\/2017\/05\/img_5824-1.jpg\"><img data-recalc-dims=\"1\" loading=\"lazy\" decoding=\"async\" class=\"alignnone size-full wp-image-2131\" src=\"https:\/\/i0.wp.com\/media1.kulturpedagogik.se\/2017\/05\/img_5824-1.jpg?resize=455%2C607\" alt=\"\" width=\"455\" height=\"607\" srcset=\"https:\/\/i0.wp.com\/media1.kulturpedagogik.se\/2017\/05\/img_5824-1.jpg?w=455&amp;ssl=1 455w, https:\/\/i0.wp.com\/media1.kulturpedagogik.se\/2017\/05\/img_5824-1.jpg?resize=112%2C150&amp;ssl=1 112w, https:\/\/i0.wp.com\/media1.kulturpedagogik.se\/2017\/05\/img_5824-1.jpg?resize=225%2C300&amp;ssl=1 225w\" sizes=\"auto, (max-width: 455px) 100vw, 455px\" \/><\/a><a href=\"https:\/\/i0.wp.com\/media1.kulturpedagogik.se\/2017\/05\/img_5825-1.jpg\"><img data-recalc-dims=\"1\" loading=\"lazy\" decoding=\"async\" class=\"alignnone size-full wp-image-2130\" src=\"https:\/\/i0.wp.com\/media1.kulturpedagogik.se\/2017\/05\/img_5825-1.jpg?resize=455%2C607\" alt=\"\" width=\"455\" height=\"607\" srcset=\"https:\/\/i0.wp.com\/media1.kulturpedagogik.se\/2017\/05\/img_5825-1.jpg?w=455&amp;ssl=1 455w, https:\/\/i0.wp.com\/media1.kulturpedagogik.se\/2017\/05\/img_5825-1.jpg?resize=112%2C150&amp;ssl=1 112w, https:\/\/i0.wp.com\/media1.kulturpedagogik.se\/2017\/05\/img_5825-1.jpg?resize=225%2C300&amp;ssl=1 225w\" sizes=\"auto, (max-width: 455px) 100vw, 455px\" \/><\/a><a href=\"https:\/\/i0.wp.com\/media1.kulturpedagogik.se\/2017\/05\/img_5826-2.jpg\"><img data-recalc-dims=\"1\" loading=\"lazy\" decoding=\"async\" class=\"alignnone size-full wp-image-2132\" src=\"https:\/\/i0.wp.com\/media1.kulturpedagogik.se\/2017\/05\/img_5826-2.jpg?resize=455%2C607\" alt=\"\" width=\"455\" height=\"607\" srcset=\"https:\/\/i0.wp.com\/media1.kulturpedagogik.se\/2017\/05\/img_5826-2.jpg?w=455&amp;ssl=1 455w, https:\/\/i0.wp.com\/media1.kulturpedagogik.se\/2017\/05\/img_5826-2.jpg?resize=112%2C150&amp;ssl=1 112w, https:\/\/i0.wp.com\/media1.kulturpedagogik.se\/2017\/05\/img_5826-2.jpg?resize=225%2C300&amp;ssl=1 225w\" sizes=\"auto, (max-width: 455px) 100vw, 455px\" \/><\/a><\/p>\n","protected":false},"excerpt":{"rendered":"<p>Vi har l&auml;st Sandvargen med F-klassen. Det &auml;r en h&auml;rlig bok med lagom l&aring;nga kapitel som ger upphov till m&aring;nga intressanta samtal med barnen. Vill man jobba med naturvetenskap &auml;r det en utm&auml;rkt bok med flera olika ing&aring;ngar i &auml;mnet:&hellip;<\/p>\n<p class=\"more-link-p\"><a class=\"more-link\" href=\"https:\/\/kulturpedagogik.se\/?p=2108\">Read more &rarr;<\/a><\/p>\n","protected":false},"author":1,"featured_media":2134,"comment_status":"open","ping_status":"open","sticky":false,"template":"","format":"standard","meta":{"jetpack_post_was_ever_published":false,"_jetpack_newsletter_access":"","_jetpack_dont_email_post_to_subs":true,"_jetpack_newsletter_tier_id":0,"_jetpack_memberships_contains_paywalled_content":false,"_jetpack_memberships_contains_paid_content":false,"footnotes":"","jetpack_publicize_message":"","jetpack_publicize_feature_enabled":true,"jetpack_social_post_already_shared":true,"jetpack_social_options":{"image_generator_settings":{"template":"highway","default_image_id":0,"font":"","enabled":false},"version":2}},"categories":[1],"tags":[28,39,18,11,13],"class_list":["post-2108","post","type-post","status-publish","format-standard","has-post-thumbnail","hentry","category-ar-1-3","tag-bild","tag-inkluderande","tag-interkulturalitet","tag-litteratur","tag-svenska"],"jetpack_publicize_connections":[],"jetpack_featured_media_url":"https:\/\/i0.wp.com\/media1.kulturpedagogik.se\/2017\/05\/img_5828-2.jpg?fit=607%2C455&ssl=1","jetpack_sharing_enabled":true,"jetpack_shortlink":"https:\/\/wp.me\/p7YLN2-y0","jetpack-related-posts":[{"id":3175,"url":"https:\/\/kulturpedagogik.se\/?p=3175","url_meta":{"origin":2108,"position":0},"title":"Utm\u00e4rkta l\u00e4romedel om rymden","author":"Maria B Hurtig","date":"3 februari, 2018","format":false,"excerpt":"Jag har tidigare skrivit om hur vi jobbar med tema rymden i f\u00f6rskoleklass bl.a. h\u00e4r. D\u00e4r pratar jag mest om musik och film som vi anv\u00e4nder. Jag vill f\u00f6rtydliga att filmerna om Paxi \u00e4r oerh\u00f6rt bra upplagda och barnen l\u00e4r sig massor. S\u00e4rskilt avsnittet om Paxi och solsystemet ger en\u2026","rel":"","context":"I \u201d\u00c5r F-3\u201d","block_context":{"text":"\u00c5r F-3","link":"https:\/\/kulturpedagogik.se\/?cat=1"},"img":{"alt_text":"","src":"https:\/\/i0.wp.com\/media1.kulturpedagogik.se\/2018\/02\/img_7294.jpg?fit=1200%2C675&ssl=1&resize=350%2C200","width":350,"height":200,"srcset":"https:\/\/i0.wp.com\/media1.kulturpedagogik.se\/2018\/02\/img_7294.jpg?fit=1200%2C675&ssl=1&resize=350%2C200 1x, https:\/\/i0.wp.com\/media1.kulturpedagogik.se\/2018\/02\/img_7294.jpg?fit=1200%2C675&ssl=1&resize=525%2C300 1.5x, https:\/\/i0.wp.com\/media1.kulturpedagogik.se\/2018\/02\/img_7294.jpg?fit=1200%2C675&ssl=1&resize=700%2C400 2x, https:\/\/i0.wp.com\/media1.kulturpedagogik.se\/2018\/02\/img_7294.jpg?fit=1200%2C675&ssl=1&resize=1050%2C600 3x"},"classes":[]},{"id":2834,"url":"https:\/\/kulturpedagogik.se\/?p=2834","url_meta":{"origin":2108,"position":1},"title":"Spr\u00e5kutvecklande boksamtal f\u00f6r alla","author":"Maria B Hurtig","date":"7 november, 2017","format":false,"excerpt":"Idag hade vi ett boksamtal om det f\u00f6rsta kapitlet i Sandvargen, som vi b\u00f6rjade l\u00e4sa ig\u00e5r. Idag t\u00e4nkte jag rita p\u00e5 tavlan s\u00e5 att v\u00e5r nyanl\u00e4nda elev skulle k\u00e4nna sig inkluderad. S\u00e5 att hon skulle f\u00f6rst\u00e5 och kunna l\u00e4ra mer av inneh\u00e5llet i v\u00e5r h\u00f6gl\u00e4sningsbok. Min tanke var att jag\u2026","rel":"","context":"I \u201d\u00c5r F-3\u201d","block_context":{"text":"\u00c5r F-3","link":"https:\/\/kulturpedagogik.se\/?cat=1"},"img":{"alt_text":"","src":"https:\/\/i0.wp.com\/media1.kulturpedagogik.se\/2017\/11\/img_6898.jpg?fit=1200%2C900&ssl=1&resize=350%2C200","width":350,"height":200,"srcset":"https:\/\/i0.wp.com\/media1.kulturpedagogik.se\/2017\/11\/img_6898.jpg?fit=1200%2C900&ssl=1&resize=350%2C200 1x, https:\/\/i0.wp.com\/media1.kulturpedagogik.se\/2017\/11\/img_6898.jpg?fit=1200%2C900&ssl=1&resize=525%2C300 1.5x, https:\/\/i0.wp.com\/media1.kulturpedagogik.se\/2017\/11\/img_6898.jpg?fit=1200%2C900&ssl=1&resize=700%2C400 2x, https:\/\/i0.wp.com\/media1.kulturpedagogik.se\/2017\/11\/img_6898.jpg?fit=1200%2C900&ssl=1&resize=1050%2C600 3x"},"classes":[]},{"id":1773,"url":"https:\/\/kulturpedagogik.se\/?p=1773","url_meta":{"origin":2108,"position":2},"title":"\u00c4r alla planeter runda? Rymden med s\u00e5ng och film","author":"Maria B Hurtig","date":"9 februari, 2017","format":false,"excerpt":"Jag har tidigare skrivit om hur vi jobbar med tema rymden h\u00e4r. Vi har skrivit fr\u00e5gor p\u00e5 i-pad, l\u00e4st bok och sjungit planetvisan. P\u00e5 planeringen senast kom min kollega p\u00e5 att g\u00f6ra planscher f\u00f6r att illustrera s\u00e5ngen som vi ju tr\u00e4nar p\u00e5 imellan\u00e5t. De anv\u00e4nde vi idag d\u00e5 vi sj\u00f6ng.\u2026","rel":"","context":"I \u201d\u00c5r 7-9\u201d","block_context":{"text":"\u00c5r 7-9","link":"https:\/\/kulturpedagogik.se\/?cat=5"},"img":{"alt_text":"","src":"https:\/\/i0.wp.com\/media1.kulturpedagogik.se\/2017\/02\/img_5296-1.jpg?fit=1200%2C900&ssl=1&resize=350%2C200","width":350,"height":200,"srcset":"https:\/\/i0.wp.com\/media1.kulturpedagogik.se\/2017\/02\/img_5296-1.jpg?fit=1200%2C900&ssl=1&resize=350%2C200 1x, https:\/\/i0.wp.com\/media1.kulturpedagogik.se\/2017\/02\/img_5296-1.jpg?fit=1200%2C900&ssl=1&resize=525%2C300 1.5x, https:\/\/i0.wp.com\/media1.kulturpedagogik.se\/2017\/02\/img_5296-1.jpg?fit=1200%2C900&ssl=1&resize=700%2C400 2x, https:\/\/i0.wp.com\/media1.kulturpedagogik.se\/2017\/02\/img_5296-1.jpg?fit=1200%2C900&ssl=1&resize=1050%2C600 3x"},"classes":[]},{"id":3138,"url":"https:\/\/kulturpedagogik.se\/?p=3138","url_meta":{"origin":2108,"position":3},"title":"S\u00e5ngsamling med parallellen","author":"Maria B Hurtig","date":"26 januari, 2018","format":false,"excerpt":"Idag hade vi s\u00e5ngsamling med v\u00e5r parallellklass. Det \u00e4r festligt att tr\u00e4ffas f\u00f6r att sjunga tillsammans. Ibland blir det till och med lite r\u00f6relser och dans. Vi brukar f\u00f6rbereda tv\u00e5 l\u00e5tar var som vi sedan sjunger f\u00f6r varandra och tr\u00e4nar p\u00e5 tillsammans. F\u00f6r att underl\u00e4tta anv\u00e4nder vi ofta bildst\u00f6d antingen\u2026","rel":"","context":"I \u201d\u00c5r F-3\u201d","block_context":{"text":"\u00c5r F-3","link":"https:\/\/kulturpedagogik.se\/?cat=1"},"img":{"alt_text":"","src":"https:\/\/i0.wp.com\/media1.kulturpedagogik.se\/2018\/01\/img_7256.jpg?fit=1200%2C900&ssl=1&resize=350%2C200","width":350,"height":200,"srcset":"https:\/\/i0.wp.com\/media1.kulturpedagogik.se\/2018\/01\/img_7256.jpg?fit=1200%2C900&ssl=1&resize=350%2C200 1x, https:\/\/i0.wp.com\/media1.kulturpedagogik.se\/2018\/01\/img_7256.jpg?fit=1200%2C900&ssl=1&resize=525%2C300 1.5x, https:\/\/i0.wp.com\/media1.kulturpedagogik.se\/2018\/01\/img_7256.jpg?fit=1200%2C900&ssl=1&resize=700%2C400 2x, https:\/\/i0.wp.com\/media1.kulturpedagogik.se\/2018\/01\/img_7256.jpg?fit=1200%2C900&ssl=1&resize=1050%2C600 3x"},"classes":[]},{"id":717,"url":"https:\/\/kulturpedagogik.se\/?p=717","url_meta":{"origin":2108,"position":4},"title":"Tema luft och rymden","author":"Maria B Hurtig","date":"27 november, 2014","format":false,"excerpt":"I tema om luft och rymden anv\u00e4nde vi oss av litteratur, experiment, samtal, skapande, spel, musik, utst\u00e4llning och film. Barnen har uppskattat \u00e4mnet och deras reflektioner syns i leken d\u00e4r de bl.a. lekt rymdf\u00e4rja och sv\u00e4vat i tyngdl\u00f6shet.","rel":"","context":"I \u201d\u00c5r 4-6\u201d","block_context":{"text":"\u00c5r 4-6","link":"https:\/\/kulturpedagogik.se\/?cat=4"},"img":{"alt_text":"","src":"https:\/\/i0.wp.com\/media1.kulturpedagogik.se\/2014\/11\/IMG_0489.jpg?fit=1200%2C900&ssl=1&resize=350%2C200","width":350,"height":200,"srcset":"https:\/\/i0.wp.com\/media1.kulturpedagogik.se\/2014\/11\/IMG_0489.jpg?fit=1200%2C900&ssl=1&resize=350%2C200 1x, https:\/\/i0.wp.com\/media1.kulturpedagogik.se\/2014\/11\/IMG_0489.jpg?fit=1200%2C900&ssl=1&resize=525%2C300 1.5x, https:\/\/i0.wp.com\/media1.kulturpedagogik.se\/2014\/11\/IMG_0489.jpg?fit=1200%2C900&ssl=1&resize=700%2C400 2x, https:\/\/i0.wp.com\/media1.kulturpedagogik.se\/2014\/11\/IMG_0489.jpg?fit=1200%2C900&ssl=1&resize=1050%2C600 3x"},"classes":[]},{"id":3399,"url":"https:\/\/kulturpedagogik.se\/?p=3399","url_meta":{"origin":2108,"position":5},"title":"Rymden rockar i parallellen","author":"Maria B Hurtig","date":"6 februari, 2018","format":false,"excerpt":"Vi jobbar parallellt med tema rymden i skolans tv\u00e5 f\u00f6rskoleklasser f\u00f6r tillf\u00e4llet. Det har m\u00e5nga f\u00f6rdelar d\u00e5 vi kan inspireras av varandra men det kan ocks\u00e5 gynna ett l\u00e4rande bland oss pedagoger. D\u00e5 vi m\u00f6ts regelbundet blir det naturligt att dela \u00f6vningar men ocks\u00e5 att reflektera \u00f6ver hur v\u00e5ra aktiviteter\u2026","rel":"","context":"I \u201d\u00c5r F-3\u201d","block_context":{"text":"\u00c5r F-3","link":"https:\/\/kulturpedagogik.se\/?cat=1"},"img":{"alt_text":"","src":"https:\/\/i0.wp.com\/media1.kulturpedagogik.se\/2018\/02\/img_7320-2.jpg?fit=900%2C1200&ssl=1&resize=350%2C200","width":350,"height":200,"srcset":"https:\/\/i0.wp.com\/media1.kulturpedagogik.se\/2018\/02\/img_7320-2.jpg?fit=900%2C1200&ssl=1&resize=350%2C200 1x, https:\/\/i0.wp.com\/media1.kulturpedagogik.se\/2018\/02\/img_7320-2.jpg?fit=900%2C1200&ssl=1&resize=525%2C300 1.5x, https:\/\/i0.wp.com\/media1.kulturpedagogik.se\/2018\/02\/img_7320-2.jpg?fit=900%2C1200&ssl=1&resize=700%2C400 2x"},"classes":[]}],"_links":{"self":[{"href":"https:\/\/kulturpedagogik.se\/index.php?rest_route=\/wp\/v2\/posts\/2108","targetHints":{"allow":["GET"]}}],"collection":[{"href":"https:\/\/kulturpedagogik.se\/index.php?rest_route=\/wp\/v2\/posts"}],"about":[{"href":"https:\/\/kulturpedagogik.se\/index.php?rest_route=\/wp\/v2\/types\/post"}],"author":[{"embeddable":true,"href":"https:\/\/kulturpedagogik.se\/index.php?rest_route=\/wp\/v2\/users\/1"}],"replies":[{"embeddable":true,"href":"https:\/\/kulturpedagogik.se\/index.php?rest_route=%2Fwp%2Fv2%2Fcomments&post=2108"}],"version-history":[{"count":9,"href":"https:\/\/kulturpedagogik.se\/index.php?rest_route=\/wp\/v2\/posts\/2108\/revisions"}],"predecessor-version":[{"id":3311,"href":"https:\/\/kulturpedagogik.se\/index.php?rest_route=\/wp\/v2\/posts\/2108\/revisions\/3311"}],"wp:featuredmedia":[{"embeddable":true,"href":"https:\/\/kulturpedagogik.se\/index.php?rest_route=\/wp\/v2\/media\/2134"}],"wp:attachment":[{"href":"https:\/\/kulturpedagogik.se\/index.php?rest_route=%2Fwp%2Fv2%2Fmedia&parent=2108"}],"wp:term":[{"taxonomy":"category","embeddable":true,"href":"https:\/\/kulturpedagogik.se\/index.php?rest_route=%2Fwp%2Fv2%2Fcategories&post=2108"},{"taxonomy":"post_tag","embeddable":true,"href":"https:\/\/kulturpedagogik.se\/index.php?rest_route=%2Fwp%2Fv2%2Ftags&post=2108"}],"curies":[{"name":"wp","href":"https:\/\/api.w.org\/{rel}","templated":true}]}}