{"id":1648,"date":"2017-01-14T08:40:16","date_gmt":"2017-01-14T08:40:16","guid":{"rendered":"http:\/\/kulturpedagogik.se\/?p=1648"},"modified":"2018-02-04T16:06:48","modified_gmt":"2018-02-04T16:06:48","slug":"boka","status":"publish","type":"post","link":"https:\/\/kulturpedagogik.se\/?p=1648","title":{"rendered":"Boka &#8211; m\u00f6te med text"},"content":{"rendered":"<p><a href=\"https:\/\/i0.wp.com\/media1.kulturpedagogik.se\/2017\/01\/img_5167-1.jpg\"><img data-recalc-dims=\"1\" loading=\"lazy\" decoding=\"async\" class=\"alignnone size-full wp-image-1647\" src=\"https:\/\/i0.wp.com\/media1.kulturpedagogik.se\/2017\/01\/img_5167-1.jpg?resize=860%2C1147\" alt=\"\" width=\"860\" height=\"1147\" srcset=\"https:\/\/i0.wp.com\/media1.kulturpedagogik.se\/2017\/01\/img_5167-1.jpg?w=2448&amp;ssl=1 2448w, https:\/\/i0.wp.com\/media1.kulturpedagogik.se\/2017\/01\/img_5167-1.jpg?resize=113%2C150&amp;ssl=1 113w, https:\/\/i0.wp.com\/media1.kulturpedagogik.se\/2017\/01\/img_5167-1.jpg?resize=225%2C300&amp;ssl=1 225w, https:\/\/i0.wp.com\/media1.kulturpedagogik.se\/2017\/01\/img_5167-1.jpg?resize=768%2C1024&amp;ssl=1 768w, https:\/\/i0.wp.com\/media1.kulturpedagogik.se\/2017\/01\/img_5167-1.jpg?resize=700%2C933&amp;ssl=1 700w, https:\/\/i0.wp.com\/media1.kulturpedagogik.se\/2017\/01\/img_5167-1.jpg?resize=800%2C1067&amp;ssl=1 800w, https:\/\/i0.wp.com\/media1.kulturpedagogik.se\/2017\/01\/img_5167-1.jpg?w=1720 1720w\" sizes=\"auto, (max-width: 860px) 100vw, 860px\" \/><\/a>I F-klassen har vi en bokningstavla som tejpats upp p\u00e5 en sk\u00e5psd\u00f6rr. En enkel l\u00f6sning som fungerar utm\u00e4rkt. H\u00e4r kan vi exponera de &#8221;stationer&#8221; vi vill erbjuda f\u00f6r dagen. Barnen f\u00e5r boka genom att flytta sina namn. Jag har tidigare skrivit om bokning och arbetsro <a href=\"http:\/\/kulturpedagogik.se\/?p=1620\"><i>h\u00e4r<\/i><\/a>. Men det finns fler f\u00f6rdelar med bokning om barnen f\u00e5r laborera med sina och kamraternas namn samt bekanta sig med aktivitetsskyltarna.<\/p>\n<p>P\u00e5 s\u00e5 vis f\u00e5r de en viss l\u00e4str\u00e4ning. Men de f\u00e5r ocks\u00e5 en f\u00f6rst\u00e5else f\u00f6r att text anv\u00e4nds mycket i samh\u00e4llet, att det \u00e4r n\u00e5got naturligt och n\u00e5got som \u00e4r bra att kunna (f\u00f6r att exempelvis boka upp sig). Att g\u00f6ra dem hemmastadda med text gynnar deras framtida utveckling mot l\u00e4sande och skrivande &#8211; deras litteracitet.<\/p>\n","protected":false},"excerpt":{"rendered":"<p>I F-klassen har vi en bokningstavla som tejpats upp p&aring; en sk&aring;psd&ouml;rr. En enkel l&ouml;sning som fungerar utm&auml;rkt. H&auml;r kan vi exponera de &rdquo;stationer&rdquo; vi vill erbjuda f&ouml;r dagen. Barnen f&aring;r boka genom att flytta sina namn. Jag har tidigare&hellip;<\/p>\n<p class=\"more-link-p\"><a class=\"more-link\" href=\"https:\/\/kulturpedagogik.se\/?p=1648\">Read more &rarr;<\/a><\/p>\n","protected":false},"author":1,"featured_media":1647,"comment_status":"open","ping_status":"open","sticky":false,"template":"","format":"standard","meta":{"jetpack_post_was_ever_published":false,"_jetpack_newsletter_access":"","_jetpack_dont_email_post_to_subs":true,"_jetpack_newsletter_tier_id":0,"_jetpack_memberships_contains_paywalled_content":false,"_jetpack_memberships_contains_paid_content":false,"footnotes":"","jetpack_publicize_message":"","jetpack_publicize_feature_enabled":true,"jetpack_social_post_already_shared":true,"jetpack_social_options":{"image_generator_settings":{"template":"highway","default_image_id":0,"font":"","enabled":false},"version":2}},"categories":[1],"tags":[47,13],"class_list":["post-1648","post","type-post","status-publish","format-standard","has-post-thumbnail","hentry","category-ar-1-3","tag-arbetsro","tag-svenska"],"jetpack_publicize_connections":[],"jetpack_featured_media_url":"https:\/\/i0.wp.com\/media1.kulturpedagogik.se\/2017\/01\/img_5167-1.jpg?fit=2448%2C3264&ssl=1","jetpack_sharing_enabled":true,"jetpack_shortlink":"https:\/\/wp.me\/s7YLN2-boka","jetpack-related-posts":[{"id":4580,"url":"https:\/\/kulturpedagogik.se\/?p=4580","url_meta":{"origin":1648,"position":0},"title":"Struktur och ro p\u00e5 fritids","author":"Maria B Hurtig","date":"24 september, 2019","format":false,"excerpt":"Mycket kan man l\u00e4ra sig p\u00e5 fritids och m\u00e5nga olika s\u00e4tt finns att skapa struktur f\u00f6r eleverna. P\u00e5 Solens fritids anv\u00e4nder Ivana Petrovic klockor och bildschema f\u00f6r att tydligg\u00f6ra p\u00e5 tavlan vad som ska h\u00e4nda. P\u00e5 s\u00e5 vis skapas trygghet och f\u00f6ruts\u00e4gbarhet, vilket \u00e4r viktigt f\u00f6r att elever ska lyckas.\u2026","rel":"","context":"I \u201d\u00c5r F-3\u201d","block_context":{"text":"\u00c5r F-3","link":"https:\/\/kulturpedagogik.se\/?cat=1"},"img":{"alt_text":"","src":"https:\/\/i0.wp.com\/media1.kulturpedagogik.se\/2019\/09\/img_0730.jpg?fit=1200%2C900&ssl=1&resize=350%2C200","width":350,"height":200,"srcset":"https:\/\/i0.wp.com\/media1.kulturpedagogik.se\/2019\/09\/img_0730.jpg?fit=1200%2C900&ssl=1&resize=350%2C200 1x, https:\/\/i0.wp.com\/media1.kulturpedagogik.se\/2019\/09\/img_0730.jpg?fit=1200%2C900&ssl=1&resize=525%2C300 1.5x, https:\/\/i0.wp.com\/media1.kulturpedagogik.se\/2019\/09\/img_0730.jpg?fit=1200%2C900&ssl=1&resize=700%2C400 2x, https:\/\/i0.wp.com\/media1.kulturpedagogik.se\/2019\/09\/img_0730.jpg?fit=1200%2C900&ssl=1&resize=1050%2C600 3x"},"classes":[]},{"id":2706,"url":"https:\/\/kulturpedagogik.se\/?p=2706","url_meta":{"origin":1648,"position":1},"title":"Boka aktivitet och sy bokst\u00e4ver","author":"Maria B Hurtig","date":"10 oktober, 2017","format":false,"excerpt":"Om dagarna har vi ofta i f-klassen vad vi kallar l\u00e4rande lek. Det \u00e4r ett tillf\u00e4lle d\u00e5 vi organiserar barnen i mindre grupper f\u00f6r att spela spel, skriva p\u00e5 tavlan, pussla eller spela Lycko etc. Vi har ocks\u00e5 en \"mattel\u00e5da\" och en \"svenskal\u00e5da\" i vilka vi f\u00f6rs\u00f6ker variera \u00f6vningar att\u2026","rel":"","context":"I \u201d\u00c5r F-3\u201d","block_context":{"text":"\u00c5r F-3","link":"https:\/\/kulturpedagogik.se\/?cat=1"},"img":{"alt_text":"","src":"https:\/\/i0.wp.com\/media1.kulturpedagogik.se\/2017\/10\/img_6648.jpg?fit=1200%2C900&ssl=1&resize=350%2C200","width":350,"height":200,"srcset":"https:\/\/i0.wp.com\/media1.kulturpedagogik.se\/2017\/10\/img_6648.jpg?fit=1200%2C900&ssl=1&resize=350%2C200 1x, https:\/\/i0.wp.com\/media1.kulturpedagogik.se\/2017\/10\/img_6648.jpg?fit=1200%2C900&ssl=1&resize=525%2C300 1.5x, https:\/\/i0.wp.com\/media1.kulturpedagogik.se\/2017\/10\/img_6648.jpg?fit=1200%2C900&ssl=1&resize=700%2C400 2x, https:\/\/i0.wp.com\/media1.kulturpedagogik.se\/2017\/10\/img_6648.jpg?fit=1200%2C900&ssl=1&resize=1050%2C600 3x"},"classes":[]},{"id":1627,"url":"https:\/\/kulturpedagogik.se\/?p=1627","url_meta":{"origin":1648,"position":2},"title":"Variera samlingen &#8211; cirkeldiagram\u00a0","author":"Maria B Hurtig","date":"11 januari, 2017","format":false,"excerpt":"Idag hade jag f\u00f6rsta samlingen efter lovet. F\u00f6r detta tillf\u00e4lle tillverkade jag h\u00e4rom dagen ett cirkeldiagram med alla barnens namn. Lika m\u00e5nga bitar som vi \u00e4r i klassen allts\u00e5. Idag fick barnen s\u00e4tta upp biten f\u00f6r kamraten bakom dem i ledet. P\u00e5 detta vis tr\u00e4nar de p\u00e5 att l\u00e4sa varandras\u2026","rel":"","context":"I \u201d\u00c5r F-3\u201d","block_context":{"text":"\u00c5r F-3","link":"https:\/\/kulturpedagogik.se\/?cat=1"},"img":{"alt_text":"","src":"https:\/\/i0.wp.com\/media1.kulturpedagogik.se\/2017\/01\/img_5156.jpg?fit=1200%2C900&ssl=1&resize=350%2C200","width":350,"height":200,"srcset":"https:\/\/i0.wp.com\/media1.kulturpedagogik.se\/2017\/01\/img_5156.jpg?fit=1200%2C900&ssl=1&resize=350%2C200 1x, https:\/\/i0.wp.com\/media1.kulturpedagogik.se\/2017\/01\/img_5156.jpg?fit=1200%2C900&ssl=1&resize=525%2C300 1.5x, https:\/\/i0.wp.com\/media1.kulturpedagogik.se\/2017\/01\/img_5156.jpg?fit=1200%2C900&ssl=1&resize=700%2C400 2x, https:\/\/i0.wp.com\/media1.kulturpedagogik.se\/2017\/01\/img_5156.jpg?fit=1200%2C900&ssl=1&resize=1050%2C600 3x"},"classes":[]},{"id":1757,"url":"https:\/\/kulturpedagogik.se\/?p=1757","url_meta":{"origin":1648,"position":3},"title":"L\u00e4sa och hj\u00e4lpa till p\u00e5 fritids","author":"Maria B Hurtig","date":"7 februari, 2017","format":false,"excerpt":"Idag jobbade jag n\u00e5gra timmar p\u00e5 fritids efter f\u00f6rskoleklassens slut. Efter att ha varit ute med barnen n\u00e5gra timmar p\u00e5 g\u00e5rden gick vi in f\u00f6r att g\u00f6ra mellis. Jag tog med mig n\u00e5gra barn som g\u00e4rna ville hj\u00e4lpa till. De fick plocka fram sm\u00f6rg\u00e5sar f\u00f6rst\u00e5s men sedan fick de ocks\u00e5\u2026","rel":"","context":"I \u201d\u00c5r F-3\u201d","block_context":{"text":"\u00c5r F-3","link":"https:\/\/kulturpedagogik.se\/?cat=1"},"img":{"alt_text":"","src":"https:\/\/i0.wp.com\/media1.kulturpedagogik.se\/2017\/02\/img_5282.jpg?fit=1200%2C900&ssl=1&resize=350%2C200","width":350,"height":200,"srcset":"https:\/\/i0.wp.com\/media1.kulturpedagogik.se\/2017\/02\/img_5282.jpg?fit=1200%2C900&ssl=1&resize=350%2C200 1x, https:\/\/i0.wp.com\/media1.kulturpedagogik.se\/2017\/02\/img_5282.jpg?fit=1200%2C900&ssl=1&resize=525%2C300 1.5x, https:\/\/i0.wp.com\/media1.kulturpedagogik.se\/2017\/02\/img_5282.jpg?fit=1200%2C900&ssl=1&resize=700%2C400 2x, https:\/\/i0.wp.com\/media1.kulturpedagogik.se\/2017\/02\/img_5282.jpg?fit=1200%2C900&ssl=1&resize=1050%2C600 3x"},"classes":[]},{"id":2867,"url":"https:\/\/kulturpedagogik.se\/?p=2867","url_meta":{"origin":1648,"position":4},"title":"Lek f\u00f6r lugn och f\u00f6lja l\u00e4rande","author":"Maria B Hurtig","date":"18 november, 2017","format":false,"excerpt":"Jag skrev om en lek f\u00f6r att lugna ner stimmiga barn och skapa koncentration i f\u00f6rra veckan h\u00e4r. En annan lek som ocks\u00e5 har en lugnande och koncentrationsskapande effekt p\u00e5 barnen \u00e4r namnleken G\u00f6mma kompis\/Pomperipossa som jag skrivit om h\u00e4r. Den lekte vi mycket i b\u00f6rjan av terminen f\u00f6r att\u2026","rel":"","context":"I \u201d\u00c5r F-3\u201d","block_context":{"text":"\u00c5r F-3","link":"https:\/\/kulturpedagogik.se\/?cat=1"},"img":{"alt_text":"","src":"https:\/\/i0.wp.com\/media1.kulturpedagogik.se\/2017\/11\/img_6959.jpg?fit=900%2C1200&ssl=1&resize=350%2C200","width":350,"height":200,"srcset":"https:\/\/i0.wp.com\/media1.kulturpedagogik.se\/2017\/11\/img_6959.jpg?fit=900%2C1200&ssl=1&resize=350%2C200 1x, https:\/\/i0.wp.com\/media1.kulturpedagogik.se\/2017\/11\/img_6959.jpg?fit=900%2C1200&ssl=1&resize=525%2C300 1.5x, https:\/\/i0.wp.com\/media1.kulturpedagogik.se\/2017\/11\/img_6959.jpg?fit=900%2C1200&ssl=1&resize=700%2C400 2x"},"classes":[]},{"id":2374,"url":"https:\/\/kulturpedagogik.se\/?p=2374","url_meta":{"origin":1648,"position":5},"title":"L\u00e4sa och r\u00e4kna och vem k\u00e4nner vem?","author":"Maria B Hurtig","date":"24 augusti, 2017","format":false,"excerpt":"Jag har tidigare skrivit om hur vi anv\u00e4nt v\u00e5ra namnkort f\u00f6r l\u00e4str\u00e4ning och samtal kring antal och j\u00e4mf\u00f6rande begrepp bl a\u00a0h\u00e4r. Med den nya F-klassen har vi b\u00f6rjat direkt med dessa namnkort. De anv\u00e4nder vi i olika \u00f6vningar som intr\u00e4desbiljett till samlingen p\u00e5 morgonen. M\u00e5let \u00e4r att l\u00e4ra barnen att\u2026","rel":"","context":"I \u201d\u00c5r F-3\u201d","block_context":{"text":"\u00c5r F-3","link":"https:\/\/kulturpedagogik.se\/?cat=1"},"img":{"alt_text":"","src":"https:\/\/i0.wp.com\/media1.kulturpedagogik.se\/2017\/08\/img_6306-1.jpg?fit=1200%2C900&ssl=1&resize=350%2C200","width":350,"height":200,"srcset":"https:\/\/i0.wp.com\/media1.kulturpedagogik.se\/2017\/08\/img_6306-1.jpg?fit=1200%2C900&ssl=1&resize=350%2C200 1x, https:\/\/i0.wp.com\/media1.kulturpedagogik.se\/2017\/08\/img_6306-1.jpg?fit=1200%2C900&ssl=1&resize=525%2C300 1.5x, https:\/\/i0.wp.com\/media1.kulturpedagogik.se\/2017\/08\/img_6306-1.jpg?fit=1200%2C900&ssl=1&resize=700%2C400 2x, https:\/\/i0.wp.com\/media1.kulturpedagogik.se\/2017\/08\/img_6306-1.jpg?fit=1200%2C900&ssl=1&resize=1050%2C600 3x"},"classes":[]}],"_links":{"self":[{"href":"https:\/\/kulturpedagogik.se\/index.php?rest_route=\/wp\/v2\/posts\/1648","targetHints":{"allow":["GET"]}}],"collection":[{"href":"https:\/\/kulturpedagogik.se\/index.php?rest_route=\/wp\/v2\/posts"}],"about":[{"href":"https:\/\/kulturpedagogik.se\/index.php?rest_route=\/wp\/v2\/types\/post"}],"author":[{"embeddable":true,"href":"https:\/\/kulturpedagogik.se\/index.php?rest_route=\/wp\/v2\/users\/1"}],"replies":[{"embeddable":true,"href":"https:\/\/kulturpedagogik.se\/index.php?rest_route=%2Fwp%2Fv2%2Fcomments&post=1648"}],"version-history":[{"count":6,"href":"https:\/\/kulturpedagogik.se\/index.php?rest_route=\/wp\/v2\/posts\/1648\/revisions"}],"predecessor-version":[{"id":3377,"href":"https:\/\/kulturpedagogik.se\/index.php?rest_route=\/wp\/v2\/posts\/1648\/revisions\/3377"}],"wp:featuredmedia":[{"embeddable":true,"href":"https:\/\/kulturpedagogik.se\/index.php?rest_route=\/wp\/v2\/media\/1647"}],"wp:attachment":[{"href":"https:\/\/kulturpedagogik.se\/index.php?rest_route=%2Fwp%2Fv2%2Fmedia&parent=1648"}],"wp:term":[{"taxonomy":"category","embeddable":true,"href":"https:\/\/kulturpedagogik.se\/index.php?rest_route=%2Fwp%2Fv2%2Fcategories&post=1648"},{"taxonomy":"post_tag","embeddable":true,"href":"https:\/\/kulturpedagogik.se\/index.php?rest_route=%2Fwp%2Fv2%2Ftags&post=1648"}],"curies":[{"name":"wp","href":"https:\/\/api.w.org\/{rel}","templated":true}]}}