{"id":1406,"date":"2016-11-17T16:01:30","date_gmt":"2016-11-17T16:01:30","guid":{"rendered":"http:\/\/kulturpedagogik.se\/?p=1406"},"modified":"2016-11-19T12:14:28","modified_gmt":"2016-11-19T12:14:28","slug":"tema-bokstaver-old-school-moter-2016","status":"publish","type":"post","link":"https:\/\/kulturpedagogik.se\/?p=1406","title":{"rendered":"Tema bokst\u00e4ver &#8211; old school m\u00f6ter 2016"},"content":{"rendered":"<p><a href=\"https:\/\/i0.wp.com\/media1.kulturpedagogik.se\/2016\/11\/img_4858-1.jpg\"><img data-recalc-dims=\"1\" loading=\"lazy\" decoding=\"async\" class=\"alignnone size-full wp-image-1396\" src=\"https:\/\/i0.wp.com\/media1.kulturpedagogik.se\/2016\/11\/img_4858-1.jpg?resize=860%2C1147\" alt=\"\" width=\"860\" height=\"1147\" srcset=\"https:\/\/i0.wp.com\/media1.kulturpedagogik.se\/2016\/11\/img_4858-1.jpg?w=2448&amp;ssl=1 2448w, https:\/\/i0.wp.com\/media1.kulturpedagogik.se\/2016\/11\/img_4858-1.jpg?resize=113%2C150&amp;ssl=1 113w, https:\/\/i0.wp.com\/media1.kulturpedagogik.se\/2016\/11\/img_4858-1.jpg?resize=225%2C300&amp;ssl=1 225w, https:\/\/i0.wp.com\/media1.kulturpedagogik.se\/2016\/11\/img_4858-1.jpg?resize=768%2C1024&amp;ssl=1 768w, https:\/\/i0.wp.com\/media1.kulturpedagogik.se\/2016\/11\/img_4858-1.jpg?resize=700%2C933&amp;ssl=1 700w, https:\/\/i0.wp.com\/media1.kulturpedagogik.se\/2016\/11\/img_4858-1.jpg?w=1720 1720w\" sizes=\"auto, (max-width: 860px) 100vw, 860px\" \/><\/a><br \/>\nI F-klassen h\u00e5ller vi p\u00e5 med att l\u00e4ra oss bokst\u00e4ver. Framf\u00f6r allt talar vi om hur de l\u00e5ter genom arbete med Bornholmodellen. Vi lekskriver p\u00e5 i-pad. Men vi arbetar ocks\u00e5 med bokst\u00e4ver lite &#8221;Old school&#8221;. Det inneb\u00e4r att vi varje vecka lyfter fram en bokstav. P\u00e5 m\u00e5ndagar gestaltar vi bokstaven i skogen genom att fotografera v\u00e4xter som b\u00f6rjar p\u00e5 bokstaven. Sedan f\u00e4rgl\u00e4gger vi och skriver bokstaven. Vi klipper ut den ur tidningsrubriker och vi letar efter bokstaven i en text. Vi avslutar veckan med att gestalta den p\u00e5 idrotten ocks\u00e5. Som h\u00e4r med bokstaven K.<span id=\"img_container_6EDA6772-45B9-4ACF-8C94-DB0FC498CD2B\" class=\"img_container\"><progress id=\"progress_6EDA6772-45B9-4ACF-8C94-DB0FC498CD2B\" class=\"wp_media_indicator\" value=\"0\"><\/progress><img decoding=\"async\" src=\"\/var\/mobile\/Containers\/Data\/Application\/ADC144E9-6AFF-4E54-84C8-95B20CA7680D\/Documents\/Media\/img_4881-1-thumbnail.jpeg\" alt=\"\" data-wpid=\"6EDA6772-45B9-4ACF-8C94-DB0FC498CD2B\" \/><\/span><\/p>\n<p><a href=\"https:\/\/i0.wp.com\/media1.kulturpedagogik.se\/2016\/11\/img_4853-1.jpg\"><img data-recalc-dims=\"1\" loading=\"lazy\" decoding=\"async\" class=\"alignnone size-full wp-image-1392\" src=\"https:\/\/i0.wp.com\/media1.kulturpedagogik.se\/2016\/11\/img_4853-1.jpg?resize=860%2C1147\" alt=\"\" width=\"860\" height=\"1147\" srcset=\"https:\/\/i0.wp.com\/media1.kulturpedagogik.se\/2016\/11\/img_4853-1.jpg?w=2448&amp;ssl=1 2448w, https:\/\/i0.wp.com\/media1.kulturpedagogik.se\/2016\/11\/img_4853-1.jpg?resize=113%2C150&amp;ssl=1 113w, https:\/\/i0.wp.com\/media1.kulturpedagogik.se\/2016\/11\/img_4853-1.jpg?resize=225%2C300&amp;ssl=1 225w, https:\/\/i0.wp.com\/media1.kulturpedagogik.se\/2016\/11\/img_4853-1.jpg?resize=768%2C1024&amp;ssl=1 768w, https:\/\/i0.wp.com\/media1.kulturpedagogik.se\/2016\/11\/img_4853-1.jpg?resize=700%2C933&amp;ssl=1 700w, https:\/\/i0.wp.com\/media1.kulturpedagogik.se\/2016\/11\/img_4853-1.jpg?w=1720 1720w\" sizes=\"auto, (max-width: 860px) 100vw, 860px\" \/><\/a><a href=\"https:\/\/i0.wp.com\/media1.kulturpedagogik.se\/2016\/11\/img_4772-2.jpg\"><img data-recalc-dims=\"1\" loading=\"lazy\" decoding=\"async\" class=\"alignnone size-full wp-image-1395\" src=\"https:\/\/i0.wp.com\/media1.kulturpedagogik.se\/2016\/11\/img_4772-2.jpg?resize=860%2C860\" alt=\"\" width=\"860\" height=\"860\" srcset=\"https:\/\/i0.wp.com\/media1.kulturpedagogik.se\/2016\/11\/img_4772-2.jpg?w=2448&amp;ssl=1 2448w, https:\/\/i0.wp.com\/media1.kulturpedagogik.se\/2016\/11\/img_4772-2.jpg?resize=150%2C150&amp;ssl=1 150w, https:\/\/i0.wp.com\/media1.kulturpedagogik.se\/2016\/11\/img_4772-2.jpg?resize=300%2C300&amp;ssl=1 300w, https:\/\/i0.wp.com\/media1.kulturpedagogik.se\/2016\/11\/img_4772-2.jpg?resize=768%2C768&amp;ssl=1 768w, https:\/\/i0.wp.com\/media1.kulturpedagogik.se\/2016\/11\/img_4772-2.jpg?resize=1024%2C1024&amp;ssl=1 1024w, https:\/\/i0.wp.com\/media1.kulturpedagogik.se\/2016\/11\/img_4772-2.jpg?resize=360%2C360&amp;ssl=1 360w, https:\/\/i0.wp.com\/media1.kulturpedagogik.se\/2016\/11\/img_4772-2.jpg?resize=700%2C700&amp;ssl=1 700w, https:\/\/i0.wp.com\/media1.kulturpedagogik.se\/2016\/11\/img_4772-2.jpg?w=1720 1720w\" sizes=\"auto, (max-width: 860px) 100vw, 860px\" \/><\/a><\/p>\n","protected":false},"excerpt":{"rendered":"<p>I F-klassen h&aring;ller vi p&aring; med att l&auml;ra oss bokst&auml;ver. Framf&ouml;r allt talar vi om hur de l&aring;ter genom arbete med Bornholmodellen. Vi lekskriver p&aring; i-pad. Men vi arbetar ocks&aring; med bokst&auml;ver lite &rdquo;Old school&rdquo;. Det inneb&auml;r att vi varje&hellip;<\/p>\n<p class=\"more-link-p\"><a class=\"more-link\" href=\"https:\/\/kulturpedagogik.se\/?p=1406\">Read more &rarr;<\/a><\/p>\n","protected":false},"author":1,"featured_media":0,"comment_status":"open","ping_status":"open","sticky":false,"template":"","format":"standard","meta":{"jetpack_post_was_ever_published":false,"_jetpack_newsletter_access":"","_jetpack_dont_email_post_to_subs":true,"_jetpack_newsletter_tier_id":0,"_jetpack_memberships_contains_paywalled_content":false,"_jetpack_memberships_contains_paid_content":false,"footnotes":"","jetpack_publicize_message":"","jetpack_publicize_feature_enabled":true,"jetpack_social_post_already_shared":true,"jetpack_social_options":{"image_generator_settings":{"template":"highway","default_image_id":0,"font":"","enabled":false},"version":2}},"categories":[1],"tags":[28,38,33,36,13,37],"class_list":["post-1406","post","type-post","status-publish","format-standard","hentry","category-ar-1-3","tag-bild","tag-idrott","tag-ikt","tag-naturpedagogik","tag-svenska","tag-tema"],"jetpack_publicize_connections":[],"jetpack_featured_media_url":"","jetpack_sharing_enabled":true,"jetpack_shortlink":"https:\/\/wp.me\/p7YLN2-mG","jetpack-related-posts":[{"id":2618,"url":"https:\/\/kulturpedagogik.se\/?p=2618","url_meta":{"origin":1406,"position":0},"title":"Tema O med ormkull","author":"Maria B Hurtig","date":"2 oktober, 2017","format":false,"excerpt":"Vi arbetar med bokst\u00e4ver i tema. Det inneb\u00e4r att vi tar upp bokstaven p\u00e5 flera olika s\u00e4tt. Vi l\u00e4ser en g\u00e5ta om ett djur. I det h\u00e4r fallet orm p\u00e5 O. P\u00e5 s\u00e5 vis introducerar vi begrepp som klassificerar djur: d\u00e4ggdjur, leddjur, insekter, k\u00f6tt\u00e4tare, v\u00e4xt\u00e4tare, kr\u00e4ldjur osv. Vi kommer ocks\u00e5\u2026","rel":"","context":"I \u201d\u00c5r F-3\u201d","block_context":{"text":"\u00c5r F-3","link":"https:\/\/kulturpedagogik.se\/?cat=1"},"img":{"alt_text":"","src":"https:\/\/i0.wp.com\/media1.kulturpedagogik.se\/2017\/10\/img_6544-1.jpg?resize=350%2C200","width":350,"height":200,"srcset":"https:\/\/i0.wp.com\/media1.kulturpedagogik.se\/2017\/10\/img_6544-1.jpg?resize=350%2C200 1x, https:\/\/i0.wp.com\/media1.kulturpedagogik.se\/2017\/10\/img_6544-1.jpg?resize=525%2C300 1.5x, https:\/\/i0.wp.com\/media1.kulturpedagogik.se\/2017\/10\/img_6544-1.jpg?resize=700%2C400 2x, https:\/\/i0.wp.com\/media1.kulturpedagogik.se\/2017\/10\/img_6544-1.jpg?resize=1050%2C600 3x, https:\/\/i0.wp.com\/media1.kulturpedagogik.se\/2017\/10\/img_6544-1.jpg?resize=1400%2C800 4x"},"classes":[]},{"id":2393,"url":"https:\/\/kulturpedagogik.se\/?p=2393","url_meta":{"origin":1406,"position":1},"title":"Tema A med apkull","author":"Maria B Hurtig","date":"29 augusti, 2017","format":false,"excerpt":"Jag gillar att jobba i tema, n\u00e5got som jag skrivit lite mer utf\u00f6rligt om h\u00e4r. D\u00e4rf\u00f6r har vi i f\u00f6rskoleklassen b\u00f6rjat introducera bokst\u00e4ver tematiskt. P\u00e5 s\u00e5 vis f\u00e5r barnen olika ing\u00e5ngar till varje bokstav, vilket \u00e4r bra d\u00e5 repetition ju \u00e4r all kunskaps moder. H\u00e4r nedan n\u00e5gra olika \u00f6vningar som\u2026","rel":"","context":"I \u201d\u00c5r F-3\u201d","block_context":{"text":"\u00c5r F-3","link":"https:\/\/kulturpedagogik.se\/?cat=1"},"img":{"alt_text":"","src":"https:\/\/i0.wp.com\/media1.kulturpedagogik.se\/2017\/08\/img_6355-1.jpg?fit=1200%2C900&ssl=1&resize=350%2C200","width":350,"height":200,"srcset":"https:\/\/i0.wp.com\/media1.kulturpedagogik.se\/2017\/08\/img_6355-1.jpg?fit=1200%2C900&ssl=1&resize=350%2C200 1x, https:\/\/i0.wp.com\/media1.kulturpedagogik.se\/2017\/08\/img_6355-1.jpg?fit=1200%2C900&ssl=1&resize=525%2C300 1.5x, https:\/\/i0.wp.com\/media1.kulturpedagogik.se\/2017\/08\/img_6355-1.jpg?fit=1200%2C900&ssl=1&resize=700%2C400 2x, https:\/\/i0.wp.com\/media1.kulturpedagogik.se\/2017\/08\/img_6355-1.jpg?fit=1200%2C900&ssl=1&resize=1050%2C600 3x"},"classes":[]},{"id":2476,"url":"https:\/\/kulturpedagogik.se\/?p=2476","url_meta":{"origin":1406,"position":2},"title":"Tema S med svanskull och sj\u00e4lvportr\u00e4tt","author":"Maria B Hurtig","date":"12 september, 2017","format":false,"excerpt":"Vi jobbar vidare med bokst\u00e4ver, den h\u00e4r g\u00e5ngen handlar det om S. Vi inledde i veckan med den hemliga p\u00e5sen. Den h\u00e4r g\u00e5ngen hade vi fler objekt att l\u00e4gga ut p\u00e5 mattan. Min kollega Helena fr\u00e5gade barnen om de kunde finna n\u00e5gra likheter mellan sakerna utifr\u00e5n f\u00f6rstabokstav. De plockade ut\u2026","rel":"","context":"I \u201d\u00c5r F-3\u201d","block_context":{"text":"\u00c5r F-3","link":"https:\/\/kulturpedagogik.se\/?cat=1"},"img":{"alt_text":"","src":"https:\/\/i0.wp.com\/media1.kulturpedagogik.se\/2017\/09\/img_6450.jpg?fit=1200%2C900&ssl=1&resize=350%2C200","width":350,"height":200,"srcset":"https:\/\/i0.wp.com\/media1.kulturpedagogik.se\/2017\/09\/img_6450.jpg?fit=1200%2C900&ssl=1&resize=350%2C200 1x, https:\/\/i0.wp.com\/media1.kulturpedagogik.se\/2017\/09\/img_6450.jpg?fit=1200%2C900&ssl=1&resize=525%2C300 1.5x, https:\/\/i0.wp.com\/media1.kulturpedagogik.se\/2017\/09\/img_6450.jpg?fit=1200%2C900&ssl=1&resize=700%2C400 2x, https:\/\/i0.wp.com\/media1.kulturpedagogik.se\/2017\/09\/img_6450.jpg?fit=1200%2C900&ssl=1&resize=1050%2C600 3x"},"classes":[]},{"id":754,"url":"https:\/\/kulturpedagogik.se\/?p=754","url_meta":{"origin":1406,"position":3},"title":"Klippa o klistra &#8211; bokst\u00e4ver","author":"Maria B Hurtig","date":"6 december, 2014","format":false,"excerpt":"Nu jobbat vi p\u00e5 f\u00f6rskolan som den gamle Matisse. Vi klipper och klistrar f\u00e4rgat papper. Den h\u00e4r g\u00e5ngen blev det bokst\u00e4ver.","rel":"","context":"I \u201d\u00c5r F-3\u201d","block_context":{"text":"\u00c5r F-3","link":"https:\/\/kulturpedagogik.se\/?cat=1"},"img":{"alt_text":"","src":"https:\/\/i0.wp.com\/media1.kulturpedagogik.se\/2014\/12\/IMG_2240-0.jpg?fit=1200%2C900&ssl=1&resize=350%2C200","width":350,"height":200,"srcset":"https:\/\/i0.wp.com\/media1.kulturpedagogik.se\/2014\/12\/IMG_2240-0.jpg?fit=1200%2C900&ssl=1&resize=350%2C200 1x, https:\/\/i0.wp.com\/media1.kulturpedagogik.se\/2014\/12\/IMG_2240-0.jpg?fit=1200%2C900&ssl=1&resize=525%2C300 1.5x, https:\/\/i0.wp.com\/media1.kulturpedagogik.se\/2014\/12\/IMG_2240-0.jpg?fit=1200%2C900&ssl=1&resize=700%2C400 2x, https:\/\/i0.wp.com\/media1.kulturpedagogik.se\/2014\/12\/IMG_2240-0.jpg?fit=1200%2C900&ssl=1&resize=1050%2C600 3x"},"classes":[]},{"id":1446,"url":"https:\/\/kulturpedagogik.se\/?p=1446","url_meta":{"origin":1406,"position":4},"title":"M\u00e4tning, r\u00e4kning och bokst\u00e4ver genom lek","author":"Maria B Hurtig","date":"21 november, 2016","format":false,"excerpt":"Idag, som alla m\u00e5ndagar, hade vi utematte p\u00e5 f\u00f6rmiddagen. D\u00e5 jobbade vi vidare med m\u00e4tning genom en ny lek, och med att gestalta bokst\u00e4ver f\u00f6rst\u00e5s. Efter att ha sjungit v\u00e5r morgons\u00e5ng och h\u00e4lsat fick barnen springa iv\u00e4g och leta upp \"posten\" som jag g\u00f6mt bakom en sten p\u00e5 v\u00e5rt uteklassrum\u2026","rel":"","context":"I \u201d\u00c5r F-3\u201d","block_context":{"text":"\u00c5r F-3","link":"https:\/\/kulturpedagogik.se\/?cat=1"},"img":{"alt_text":"","src":"https:\/\/i0.wp.com\/media1.kulturpedagogik.se\/2016\/11\/img_4907-1.jpg?fit=1200%2C900&ssl=1&resize=350%2C200","width":350,"height":200,"srcset":"https:\/\/i0.wp.com\/media1.kulturpedagogik.se\/2016\/11\/img_4907-1.jpg?fit=1200%2C900&ssl=1&resize=350%2C200 1x, https:\/\/i0.wp.com\/media1.kulturpedagogik.se\/2016\/11\/img_4907-1.jpg?fit=1200%2C900&ssl=1&resize=525%2C300 1.5x, https:\/\/i0.wp.com\/media1.kulturpedagogik.se\/2016\/11\/img_4907-1.jpg?fit=1200%2C900&ssl=1&resize=700%2C400 2x, https:\/\/i0.wp.com\/media1.kulturpedagogik.se\/2016\/11\/img_4907-1.jpg?fit=1200%2C900&ssl=1&resize=1050%2C600 3x"},"classes":[]},{"id":2714,"url":"https:\/\/kulturpedagogik.se\/?p=2714","url_meta":{"origin":1406,"position":5},"title":"Bokstaven L &#8211; l\u00f6nnl\u00f6v, l\u00f6ss och lek","author":"Maria B Hurtig","date":"10 oktober, 2017","format":false,"excerpt":"Vi arbetade med bokstaven L f\u00f6rra veckan. Det gjorde vi genom att l\u00e4sa en g\u00e5ta om ett djur. Den h\u00e4r g\u00e5ngen handlade det om l\u00f6ss. Vi plockade ocks\u00e5 l\u00f6nnl\u00f6v och lade upp dem som stora och lilla L p\u00e5 v\u00e5rt hallgolv. Vilka fantastiska f\u00e4rger!! Dessutom lekte vi Land och hav\u2026","rel":"","context":"I \u201d\u00c5r F-3\u201d","block_context":{"text":"\u00c5r F-3","link":"https:\/\/kulturpedagogik.se\/?cat=1"},"img":{"alt_text":"","src":"https:\/\/i0.wp.com\/media1.kulturpedagogik.se\/2017\/10\/IMG_6599.jpg?fit=1200%2C900&ssl=1&resize=350%2C200","width":350,"height":200,"srcset":"https:\/\/i0.wp.com\/media1.kulturpedagogik.se\/2017\/10\/IMG_6599.jpg?fit=1200%2C900&ssl=1&resize=350%2C200 1x, https:\/\/i0.wp.com\/media1.kulturpedagogik.se\/2017\/10\/IMG_6599.jpg?fit=1200%2C900&ssl=1&resize=525%2C300 1.5x, https:\/\/i0.wp.com\/media1.kulturpedagogik.se\/2017\/10\/IMG_6599.jpg?fit=1200%2C900&ssl=1&resize=700%2C400 2x, https:\/\/i0.wp.com\/media1.kulturpedagogik.se\/2017\/10\/IMG_6599.jpg?fit=1200%2C900&ssl=1&resize=1050%2C600 3x"},"classes":[]}],"_links":{"self":[{"href":"https:\/\/kulturpedagogik.se\/index.php?rest_route=\/wp\/v2\/posts\/1406","targetHints":{"allow":["GET"]}}],"collection":[{"href":"https:\/\/kulturpedagogik.se\/index.php?rest_route=\/wp\/v2\/posts"}],"about":[{"href":"https:\/\/kulturpedagogik.se\/index.php?rest_route=\/wp\/v2\/types\/post"}],"author":[{"embeddable":true,"href":"https:\/\/kulturpedagogik.se\/index.php?rest_route=\/wp\/v2\/users\/1"}],"replies":[{"embeddable":true,"href":"https:\/\/kulturpedagogik.se\/index.php?rest_route=%2Fwp%2Fv2%2Fcomments&post=1406"}],"version-history":[{"count":1,"href":"https:\/\/kulturpedagogik.se\/index.php?rest_route=\/wp\/v2\/posts\/1406\/revisions"}],"predecessor-version":[{"id":1432,"href":"https:\/\/kulturpedagogik.se\/index.php?rest_route=\/wp\/v2\/posts\/1406\/revisions\/1432"}],"wp:attachment":[{"href":"https:\/\/kulturpedagogik.se\/index.php?rest_route=%2Fwp%2Fv2%2Fmedia&parent=1406"}],"wp:term":[{"taxonomy":"category","embeddable":true,"href":"https:\/\/kulturpedagogik.se\/index.php?rest_route=%2Fwp%2Fv2%2Fcategories&post=1406"},{"taxonomy":"post_tag","embeddable":true,"href":"https:\/\/kulturpedagogik.se\/index.php?rest_route=%2Fwp%2Fv2%2Ftags&post=1406"}],"curies":[{"name":"wp","href":"https:\/\/api.w.org\/{rel}","templated":true}]}}