{"id":1381,"date":"2016-11-14T18:21:14","date_gmt":"2016-11-14T18:21:14","guid":{"rendered":"http:\/\/kulturpedagogik.se\/?p=1381"},"modified":"2016-11-15T18:47:58","modified_gmt":"2016-11-15T18:47:58","slug":"h-som-i-hare","status":"publish","type":"post","link":"https:\/\/kulturpedagogik.se\/?p=1381","title":{"rendered":"Hoppa som en hare &#8211; m\u00e4tning och bokstaven H"},"content":{"rendered":"<p><a href=\"https:\/\/i0.wp.com\/media1.kulturpedagogik.se\/2016\/11\/img_4873.jpg\"><img data-recalc-dims=\"1\" loading=\"lazy\" decoding=\"async\" class=\"alignnone size-full wp-image-1377\" src=\"https:\/\/i0.wp.com\/media1.kulturpedagogik.se\/2016\/11\/img_4873.jpg?resize=860%2C1147\" alt=\"\" width=\"860\" height=\"1147\" srcset=\"https:\/\/i0.wp.com\/media1.kulturpedagogik.se\/2016\/11\/img_4873.jpg?w=2448&amp;ssl=1 2448w, https:\/\/i0.wp.com\/media1.kulturpedagogik.se\/2016\/11\/img_4873.jpg?resize=113%2C150&amp;ssl=1 113w, https:\/\/i0.wp.com\/media1.kulturpedagogik.se\/2016\/11\/img_4873.jpg?resize=225%2C300&amp;ssl=1 225w, https:\/\/i0.wp.com\/media1.kulturpedagogik.se\/2016\/11\/img_4873.jpg?resize=768%2C1024&amp;ssl=1 768w, https:\/\/i0.wp.com\/media1.kulturpedagogik.se\/2016\/11\/img_4873.jpg?resize=700%2C933&amp;ssl=1 700w, https:\/\/i0.wp.com\/media1.kulturpedagogik.se\/2016\/11\/img_4873.jpg?w=1720 1720w\" sizes=\"auto, (max-width: 860px) 100vw, 860px\" \/><\/a><br \/>\nSom alltid p\u00e5 m\u00e5ndagar har vi idag haft Utepedagogik p\u00e5 f\u00f6rmiddagen. Vi var kvar p\u00e5 skolg\u00e5rden d\u00e4r vi har ett uteklassrum &#8221;Gr\u00f6nan&#8221;. Vi hade ocks\u00e5 bes\u00f6k av Eva som skriver en uppsats med fokus p\u00e5 Utepedagogik och skolg\u00e5rdar. Morgonen b\u00f6rjade med v\u00e5r morgons\u00e5ng. Efter det gjorde vi en presentation i ringen. Jag b\u00f6rjar och s\u00e4ger: &#8211; Hej! Jag heter Maria och jag gillar att &#8230;.. Och s\u00e5 g\u00f6r jag en r\u00f6relse. Efter det s\u00e4ger alla: &#8211; Hej Maria! i k\u00f6r och h\u00e4rmar min r\u00f6relse. Detta gjorde vi ofta i b\u00f6rjan av terminen p\u00e5 lite olika s\u00e4tt. Det \u00e4r egentligen en drama\u00f6vning d\u00e4r vi alla f\u00e5r tillf\u00e4lle att bekr\u00e4fta varandra och tr\u00e4na p\u00e5 att st\u00e5 i centrum. \u00c4r n\u00e5gon blyg kan vi g\u00e5 dit och g\u00f6ra tillsammans med dem.<\/p>\n<p>Efter presentationen gick vi och letade efter &#8221;posten&#8221;. Det \u00e4r en tygp\u00e5se som inneh\u00e5ller dagens uppdrag, oftast n\u00e5got konkret och matematiskt. Idag var uppdraget en g\u00e5ta om haren och en utmaning att se om vi kunde hoppa lika l\u00e5ngt som haren, dvs 5 meter. I p\u00e5sen l\u00e5g ocks\u00e5 ett m\u00e5ttband. Sagt och gjort. Vi hoppade och m\u00e4tte. Vi bekantade oss med begreppen meter och centimeter samt fick en f\u00f6rf\u00f6rst\u00e5else f\u00f6r hur l\u00e5ng en meter \u00e4r. D\u00e4refter var det fri lek.<\/p>\n<p>I slutet av lektionen samlades vi f\u00f6r att jobba lite med bokstaven H. Vi talade om ord p\u00e5 H och hittade sedan tre olika v\u00e4xtarter f\u00f6r att gestalta H: hallon, hassel och hagtorn. De plockade vi och la upp p\u00e5 v\u00e5rt medhavda H f\u00f6r fotografering. Efter lunch var det dags att skriva bokstaven H, f\u00e4rgl\u00e4gga haren (fri f\u00e4rgs\u00e4ttning), \u00a0klippa ut bokstaven ur tidningar och markera alla h som vi kan hitta i ett litet texturklipp. Det \u00e4r h\u00e4rligt att se barnen i arbete med bokst\u00e4verna. Det \u00e4r fokus. En sorts &#8221;glad koncentration&#8221; &#8211; arbetsro.<\/p>\n<p><a href=\"https:\/\/i0.wp.com\/media1.kulturpedagogik.se\/2016\/11\/img_4876.jpg\"><img data-recalc-dims=\"1\" loading=\"lazy\" decoding=\"async\" class=\"alignnone size-full wp-image-1379\" src=\"https:\/\/i0.wp.com\/media1.kulturpedagogik.se\/2016\/11\/img_4876.jpg?resize=860%2C1147\" alt=\"\" width=\"860\" height=\"1147\" srcset=\"https:\/\/i0.wp.com\/media1.kulturpedagogik.se\/2016\/11\/img_4876.jpg?w=2448&amp;ssl=1 2448w, https:\/\/i0.wp.com\/media1.kulturpedagogik.se\/2016\/11\/img_4876.jpg?resize=113%2C150&amp;ssl=1 113w, https:\/\/i0.wp.com\/media1.kulturpedagogik.se\/2016\/11\/img_4876.jpg?resize=225%2C300&amp;ssl=1 225w, https:\/\/i0.wp.com\/media1.kulturpedagogik.se\/2016\/11\/img_4876.jpg?resize=768%2C1024&amp;ssl=1 768w, https:\/\/i0.wp.com\/media1.kulturpedagogik.se\/2016\/11\/img_4876.jpg?resize=700%2C933&amp;ssl=1 700w, https:\/\/i0.wp.com\/media1.kulturpedagogik.se\/2016\/11\/img_4876.jpg?w=1720 1720w\" sizes=\"auto, (max-width: 860px) 100vw, 860px\" \/><\/a><a href=\"https:\/\/i0.wp.com\/media1.kulturpedagogik.se\/2016\/11\/img_4879-1.jpg\"><img data-recalc-dims=\"1\" loading=\"lazy\" decoding=\"async\" class=\"alignnone size-full wp-image-1380\" src=\"https:\/\/i0.wp.com\/media1.kulturpedagogik.se\/2016\/11\/img_4879-1.jpg?resize=860%2C645\" alt=\"\" width=\"860\" height=\"645\" srcset=\"https:\/\/i0.wp.com\/media1.kulturpedagogik.se\/2016\/11\/img_4879-1.jpg?w=3264&amp;ssl=1 3264w, https:\/\/i0.wp.com\/media1.kulturpedagogik.se\/2016\/11\/img_4879-1.jpg?resize=150%2C113&amp;ssl=1 150w, https:\/\/i0.wp.com\/media1.kulturpedagogik.se\/2016\/11\/img_4879-1.jpg?resize=300%2C225&amp;ssl=1 300w, https:\/\/i0.wp.com\/media1.kulturpedagogik.se\/2016\/11\/img_4879-1.jpg?resize=768%2C576&amp;ssl=1 768w, https:\/\/i0.wp.com\/media1.kulturpedagogik.se\/2016\/11\/img_4879-1.jpg?resize=1365%2C1024&amp;ssl=1 1365w, https:\/\/i0.wp.com\/media1.kulturpedagogik.se\/2016\/11\/img_4879-1.jpg?resize=700%2C525&amp;ssl=1 700w, https:\/\/i0.wp.com\/media1.kulturpedagogik.se\/2016\/11\/img_4879-1.jpg?resize=800%2C600&amp;ssl=1 800w, https:\/\/i0.wp.com\/media1.kulturpedagogik.se\/2016\/11\/img_4879-1.jpg?w=1720 1720w, https:\/\/i0.wp.com\/media1.kulturpedagogik.se\/2016\/11\/img_4879-1.jpg?w=2580 2580w\" sizes=\"auto, (max-width: 860px) 100vw, 860px\" \/><\/a><\/p>\n","protected":false},"excerpt":{"rendered":"<p>Som alltid p&aring; m&aring;ndagar har vi idag haft Utepedagogik p&aring; f&ouml;rmiddagen. Vi var kvar p&aring; skolg&aring;rden d&auml;r vi har ett uteklassrum &rdquo;Gr&ouml;nan&rdquo;. Vi hade ocks&aring; bes&ouml;k av Eva som skriver en uppsats med fokus p&aring; Utepedagogik och skolg&aring;rdar. Morgonen b&ouml;rjade&hellip;<\/p>\n<p class=\"more-link-p\"><a class=\"more-link\" href=\"https:\/\/kulturpedagogik.se\/?p=1381\">Read more &rarr;<\/a><\/p>\n","protected":false},"author":1,"featured_media":1388,"comment_status":"open","ping_status":"open","sticky":false,"template":"","format":"standard","meta":{"jetpack_post_was_ever_published":false,"_jetpack_newsletter_access":"","_jetpack_dont_email_post_to_subs":true,"_jetpack_newsletter_tier_id":0,"_jetpack_memberships_contains_paywalled_content":false,"_jetpack_memberships_contains_paid_content":false,"footnotes":"","jetpack_publicize_message":"","jetpack_publicize_feature_enabled":true,"jetpack_social_post_already_shared":true,"jetpack_social_options":{"image_generator_settings":{"template":"highway","default_image_id":0,"font":"","enabled":false},"version":2}},"categories":[1],"tags":[28,39,16,36,20,13,8,37],"class_list":["post-1381","post","type-post","status-publish","format-standard","has-post-thumbnail","hentry","category-ar-1-3","tag-bild","tag-inkluderande","tag-matematik","tag-naturpedagogik","tag-no","tag-svenska","tag-teater","tag-tema"],"jetpack_publicize_connections":[],"jetpack_featured_media_url":"https:\/\/i0.wp.com\/media1.kulturpedagogik.se\/2016\/11\/img_4873-1-1.jpg?fit=2448%2C3264&ssl=1","jetpack_sharing_enabled":true,"jetpack_shortlink":"https:\/\/wp.me\/p7YLN2-mh","jetpack-related-posts":[{"id":4049,"url":"https:\/\/kulturpedagogik.se\/?p=4049","url_meta":{"origin":1381,"position":0},"title":"V\u00e5ga synas och kartl\u00e4gga p\u00e5 kul","author":"Maria B Hurtig","date":"25 augusti, 2018","format":false,"excerpt":"Vi vet alla hur starkt ett f\u00f6rsta intryck kan vara. I linje med detta betonas betydelsen av \u00f6verg\u00e5ngar mellan skolformer. Det f\u00f6refaller rimligt d\u00e5 det \u00e4r i \u00f6verg\u00e5ngarna som elever bildar sig en uppfattning om hur det kommer att vara i den nya milj\u00f6n. D\u00e4rf\u00f6r fokuserar vi i v\u00e5ra \u00f6verg\u00e5ngar\u2026","rel":"","context":"I \u201d\u00c5r F-3\u201d","block_context":{"text":"\u00c5r F-3","link":"https:\/\/kulturpedagogik.se\/?cat=1"},"img":{"alt_text":"","src":"https:\/\/i0.wp.com\/media1.kulturpedagogik.se\/2018\/08\/img_8151.jpg?fit=1200%2C900&ssl=1&resize=350%2C200","width":350,"height":200,"srcset":"https:\/\/i0.wp.com\/media1.kulturpedagogik.se\/2018\/08\/img_8151.jpg?fit=1200%2C900&ssl=1&resize=350%2C200 1x, https:\/\/i0.wp.com\/media1.kulturpedagogik.se\/2018\/08\/img_8151.jpg?fit=1200%2C900&ssl=1&resize=525%2C300 1.5x, https:\/\/i0.wp.com\/media1.kulturpedagogik.se\/2018\/08\/img_8151.jpg?fit=1200%2C900&ssl=1&resize=700%2C400 2x, https:\/\/i0.wp.com\/media1.kulturpedagogik.se\/2018\/08\/img_8151.jpg?fit=1200%2C900&ssl=1&resize=1050%2C600 3x"},"classes":[]},{"id":2544,"url":"https:\/\/kulturpedagogik.se\/?p=2544","url_meta":{"origin":1381,"position":1},"title":"Workshop p\u00e5 &#8221;Ute \u00e4r inne&#8221;","author":"Maria B Hurtig","date":"22 september, 2017","format":false,"excerpt":"I veckan arrangerade Utenavet och Nyn\u00e4shamns Naturskola en konferens i utepedagogik h\u00e4r i Nyn\u00e4shamn. Det var kul. Vi fick tillf\u00e4lle att h\u00e5lla workshop kring v\u00e5ra metoder och staden invaderades av m\u00e4nniskor fr\u00e5n hela Norden med intresse f\u00f6r konceptet utepedagogik. Till v\u00e5r workshop kom l\u00e5ngv\u00e4ga g\u00e4ster fr\u00e5n Island och Finland. Men\u2026","rel":"","context":"I \u201d\u00c5r F-3\u201d","block_context":{"text":"\u00c5r F-3","link":"https:\/\/kulturpedagogik.se\/?cat=1"},"img":{"alt_text":"","src":"https:\/\/i0.wp.com\/media1.kulturpedagogik.se\/2017\/09\/img_6527-1.jpg?fit=1200%2C942&ssl=1&resize=350%2C200","width":350,"height":200,"srcset":"https:\/\/i0.wp.com\/media1.kulturpedagogik.se\/2017\/09\/img_6527-1.jpg?fit=1200%2C942&ssl=1&resize=350%2C200 1x, https:\/\/i0.wp.com\/media1.kulturpedagogik.se\/2017\/09\/img_6527-1.jpg?fit=1200%2C942&ssl=1&resize=525%2C300 1.5x, https:\/\/i0.wp.com\/media1.kulturpedagogik.se\/2017\/09\/img_6527-1.jpg?fit=1200%2C942&ssl=1&resize=700%2C400 2x, https:\/\/i0.wp.com\/media1.kulturpedagogik.se\/2017\/09\/img_6527-1.jpg?fit=1200%2C942&ssl=1&resize=1050%2C600 3x"},"classes":[]},{"id":3925,"url":"https:\/\/kulturpedagogik.se\/?p=3925","url_meta":{"origin":1381,"position":2},"title":"Vi uppskattar centimeter &#8211; i naturen","author":"Maria B Hurtig","date":"6 juni, 2018","format":false,"excerpt":"Skol\u00e5ret lider mot sitt slut och nu \u00e4r det tid att knyta ihop p\u00e5sen. D\u00e4rf\u00f6r tog jag med mig m\u00e5ttband till v\u00e5r lektion i utematte i m\u00e5ndags. Vi har under \u00e5ret jobbat en hel del med meter och halvmeter med hj\u00e4lp av v\u00e5ra rep d\u00e4r vi genom lekar \u00f6vat p\u00e5\u2026","rel":"","context":"I \u201d\u00c5r F-3\u201d","block_context":{"text":"\u00c5r F-3","link":"https:\/\/kulturpedagogik.se\/?cat=1"},"img":{"alt_text":"","src":"https:\/\/i0.wp.com\/media1.kulturpedagogik.se\/2018\/06\/img_7900.jpg?fit=900%2C1200&ssl=1&resize=350%2C200","width":350,"height":200,"srcset":"https:\/\/i0.wp.com\/media1.kulturpedagogik.se\/2018\/06\/img_7900.jpg?fit=900%2C1200&ssl=1&resize=350%2C200 1x, https:\/\/i0.wp.com\/media1.kulturpedagogik.se\/2018\/06\/img_7900.jpg?fit=900%2C1200&ssl=1&resize=525%2C300 1.5x, https:\/\/i0.wp.com\/media1.kulturpedagogik.se\/2018\/06\/img_7900.jpg?fit=900%2C1200&ssl=1&resize=700%2C400 2x"},"classes":[]},{"id":2265,"url":"https:\/\/kulturpedagogik.se\/?p=2265","url_meta":{"origin":1381,"position":3},"title":"S\u00e5 lunkar vi..","author":"Maria B Hurtig","date":"24 maj, 2017","format":false,"excerpt":"Idag var det dags f\u00f6r \"Lunken\", v\u00e5r \u00e5rliga l\u00f6pt\u00e4vling p\u00e5 Svandamms-skolan. Och trots det rofyllda namnet kan jag vittna om att det inte \u00e4r mycket lunkande \u00f6ver evenemanget utan ett rusande, l\u00f6pande, k\u00e4mpande, pressande, fajtande, fl\u00e5sande och inte minst HEJANDE utan dess like.\u00a0F\u00f6rst sprang de yngsta \u00e5k F-2 tv\u00e5 varv\u2026","rel":"","context":"I \u201d\u00c5r 4-6\u201d","block_context":{"text":"\u00c5r 4-6","link":"https:\/\/kulturpedagogik.se\/?cat=4"},"img":{"alt_text":"","src":"https:\/\/i0.wp.com\/media1.kulturpedagogik.se\/2017\/05\/img_6028.jpg?fit=607%2C455&ssl=1&resize=350%2C200","width":350,"height":200,"srcset":"https:\/\/i0.wp.com\/media1.kulturpedagogik.se\/2017\/05\/img_6028.jpg?fit=607%2C455&ssl=1&resize=350%2C200 1x, https:\/\/i0.wp.com\/media1.kulturpedagogik.se\/2017\/05\/img_6028.jpg?fit=607%2C455&ssl=1&resize=525%2C300 1.5x"},"classes":[]},{"id":1270,"url":"https:\/\/kulturpedagogik.se\/?p=1270","url_meta":{"origin":1381,"position":4},"title":"Tema h\u00e4lsa &#8211; kostcirkeln som kollektiv skulptur","author":"Maria B Hurtig","date":"21 oktober, 2016","format":false,"excerpt":"Vi har haft tema h\u00e4lsa p\u00e5 \"Svanis\". I en vecka har vi alla b\u00f6rjat dagarna tillsammans med \"R\u00f6ris\" p\u00e5 g\u00e5rden. I F-klassen har vi pratat om h\u00e4lsa. Om r\u00f6relse och vila och om kost. F\u00f6r att uppmuntra barnen att \u00e4ta r\u00e4tt har vi gjort \"tallriksmodellen\"\/en kostcirkel tillsammans i trolldeg. Den\u2026","rel":"","context":"I \u201d\u00c5r 4-6\u201d","block_context":{"text":"\u00c5r 4-6","link":"https:\/\/kulturpedagogik.se\/?cat=4"},"img":{"alt_text":"","src":"https:\/\/i0.wp.com\/media1.kulturpedagogik.se\/2016\/10\/img_4686-1.jpg?fit=1200%2C900&ssl=1&resize=350%2C200","width":350,"height":200,"srcset":"https:\/\/i0.wp.com\/media1.kulturpedagogik.se\/2016\/10\/img_4686-1.jpg?fit=1200%2C900&ssl=1&resize=350%2C200 1x, https:\/\/i0.wp.com\/media1.kulturpedagogik.se\/2016\/10\/img_4686-1.jpg?fit=1200%2C900&ssl=1&resize=525%2C300 1.5x, https:\/\/i0.wp.com\/media1.kulturpedagogik.se\/2016\/10\/img_4686-1.jpg?fit=1200%2C900&ssl=1&resize=700%2C400 2x, https:\/\/i0.wp.com\/media1.kulturpedagogik.se\/2016\/10\/img_4686-1.jpg?fit=1200%2C900&ssl=1&resize=1050%2C600 3x"},"classes":[]},{"id":2396,"url":"https:\/\/kulturpedagogik.se\/?p=2396","url_meta":{"origin":1381,"position":5},"title":"Leka och l\u00e4ra ute","author":"Maria B Hurtig","date":"27 augusti, 2017","format":false,"excerpt":"Imorgon har vi en f\u00f6rmiddag av Utepedagogik i f\u00f6rskoleklassen. D\u00e5 brukar vi jobba\/leka lite praktiskt i naturen med matte och bokst\u00e4ver och l\u00e4r oss samtidigt om naturen. Just i morgon t\u00e4nkte jag att vi skulle leka Kims lek. Ni vet den d\u00e4r n\u00e4r man l\u00e4gger upp ett antal f\u00f6rem\u00e5l p\u00e5\u2026","rel":"","context":"I \u201d\u00c5r F-3\u201d","block_context":{"text":"\u00c5r F-3","link":"https:\/\/kulturpedagogik.se\/?cat=1"},"img":{"alt_text":"","src":"https:\/\/i0.wp.com\/media1.kulturpedagogik.se\/2017\/08\/img_6332-1.jpg?fit=1200%2C900&ssl=1&resize=350%2C200","width":350,"height":200,"srcset":"https:\/\/i0.wp.com\/media1.kulturpedagogik.se\/2017\/08\/img_6332-1.jpg?fit=1200%2C900&ssl=1&resize=350%2C200 1x, https:\/\/i0.wp.com\/media1.kulturpedagogik.se\/2017\/08\/img_6332-1.jpg?fit=1200%2C900&ssl=1&resize=525%2C300 1.5x, https:\/\/i0.wp.com\/media1.kulturpedagogik.se\/2017\/08\/img_6332-1.jpg?fit=1200%2C900&ssl=1&resize=700%2C400 2x, https:\/\/i0.wp.com\/media1.kulturpedagogik.se\/2017\/08\/img_6332-1.jpg?fit=1200%2C900&ssl=1&resize=1050%2C600 3x"},"classes":[]}],"_links":{"self":[{"href":"https:\/\/kulturpedagogik.se\/index.php?rest_route=\/wp\/v2\/posts\/1381","targetHints":{"allow":["GET"]}}],"collection":[{"href":"https:\/\/kulturpedagogik.se\/index.php?rest_route=\/wp\/v2\/posts"}],"about":[{"href":"https:\/\/kulturpedagogik.se\/index.php?rest_route=\/wp\/v2\/types\/post"}],"author":[{"embeddable":true,"href":"https:\/\/kulturpedagogik.se\/index.php?rest_route=\/wp\/v2\/users\/1"}],"replies":[{"embeddable":true,"href":"https:\/\/kulturpedagogik.se\/index.php?rest_route=%2Fwp%2Fv2%2Fcomments&post=1381"}],"version-history":[{"count":6,"href":"https:\/\/kulturpedagogik.se\/index.php?rest_route=\/wp\/v2\/posts\/1381\/revisions"}],"predecessor-version":[{"id":1398,"href":"https:\/\/kulturpedagogik.se\/index.php?rest_route=\/wp\/v2\/posts\/1381\/revisions\/1398"}],"wp:featuredmedia":[{"embeddable":true,"href":"https:\/\/kulturpedagogik.se\/index.php?rest_route=\/wp\/v2\/media\/1388"}],"wp:attachment":[{"href":"https:\/\/kulturpedagogik.se\/index.php?rest_route=%2Fwp%2Fv2%2Fmedia&parent=1381"}],"wp:term":[{"taxonomy":"category","embeddable":true,"href":"https:\/\/kulturpedagogik.se\/index.php?rest_route=%2Fwp%2Fv2%2Fcategories&post=1381"},{"taxonomy":"post_tag","embeddable":true,"href":"https:\/\/kulturpedagogik.se\/index.php?rest_route=%2Fwp%2Fv2%2Ftags&post=1381"}],"curies":[{"name":"wp","href":"https:\/\/api.w.org\/{rel}","templated":true}]}}