{"id":1189,"date":"2016-10-10T20:59:58","date_gmt":"2016-10-10T20:59:58","guid":{"rendered":"http:\/\/kulturpedagogik.se\/?p=1189"},"modified":"2016-10-16T18:41:54","modified_gmt":"2016-10-16T18:41:54","slug":"geometri-med-kottar-och-bokstaven-o","status":"publish","type":"post","link":"https:\/\/kulturpedagogik.se\/?p=1189","title":{"rendered":"I &#8221;l\u00e4rgropen&#8221; med kvadrater."},"content":{"rendered":"<p><a href=\"https:\/\/i0.wp.com\/media1.kulturpedagogik.se\/2016\/10\/img_4601.jpg\"><img data-recalc-dims=\"1\" loading=\"lazy\" decoding=\"async\" class=\"alignnone size-full wp-image-1188\" src=\"https:\/\/i0.wp.com\/media1.kulturpedagogik.se\/2016\/10\/img_4601.jpg?resize=860%2C1147\" alt=\"\" width=\"860\" height=\"1147\" srcset=\"https:\/\/i0.wp.com\/media1.kulturpedagogik.se\/2016\/10\/img_4601.jpg?w=2448&amp;ssl=1 2448w, https:\/\/i0.wp.com\/media1.kulturpedagogik.se\/2016\/10\/img_4601.jpg?resize=113%2C150&amp;ssl=1 113w, https:\/\/i0.wp.com\/media1.kulturpedagogik.se\/2016\/10\/img_4601.jpg?resize=225%2C300&amp;ssl=1 225w, https:\/\/i0.wp.com\/media1.kulturpedagogik.se\/2016\/10\/img_4601.jpg?resize=768%2C1024&amp;ssl=1 768w, https:\/\/i0.wp.com\/media1.kulturpedagogik.se\/2016\/10\/img_4601.jpg?resize=700%2C933&amp;ssl=1 700w, https:\/\/i0.wp.com\/media1.kulturpedagogik.se\/2016\/10\/img_4601.jpg?resize=800%2C1067&amp;ssl=1 800w, https:\/\/i0.wp.com\/media1.kulturpedagogik.se\/2016\/10\/img_4601.jpg?w=1720 1720w\" sizes=\"auto, (max-width: 860px) 100vw, 860px\" \/><\/a>Som varje m\u00e5ndag gick vi idag till skogen. Denna g\u00e5ng en ny skog som min kollega Helena Gerner visade oss. En h\u00e4rlig skog var det med m\u00e5nga olika typer av tr\u00e4d. Knotiga tallar perfekta f\u00f6r kl\u00e4ttring blandade sig med ekar, hasselsn\u00e5r och sm\u00e5 bj\u00f6rkar. Vi talade om n\u00e5gra utav tr\u00e4den. Sedan plockade vi ormbunkar till bokstaven O och pratade lite om de ormbunksliknande tr\u00e4d som v\u00e4xte p\u00e5 v\u00e5r jord en g\u00e5ng f\u00f6r l\u00e4nge sedan och som betades av dinosaurier.<\/p>\n<p>Medan barnen plockade och organiserade ormbunkarna f\u00f6r v\u00e5rt foto av bokstaven, sm\u00f6g jag iv\u00e4g och g\u00f6mde &#8221;posten&#8221;. I den lilla tygp\u00e5sen l\u00e5g dagens uppdrag. N\u00e4r barnen sedan funnit den l\u00e4ste vi uppdraget. Idag skulle de plocka kottar f\u00f6r att tillsammans gestalta f\u00f6rst en cirkel och sedan en kvadrat. Den f\u00f6rsta figuren hade inga grupper problem med men kvadraten var lite klurigare. Nu fick de t\u00e4nka tillsammans och prata ihop sig. H\u00e4rligt n\u00e4r \u00f6vningarna bjuder lite motst\u00e5nd, d\u00e5 p\u00e5g\u00e5r ju faktiskt l\u00e4rande.<\/p>\n<p>Att skifta mellan utmaning och tr\u00e4ning ger bra dynamik i undervisningen p\u00e5talar James Nottingham. Han har myntat begreppet the LearningPit &#8211; l\u00e4rgropen, en bild som gestaltar den sv\u00e5righet som det kan inneb\u00e4ra att faktiskt f\u00f6rst\u00e5 ett begrepp. Idag f\u00f6ll vi ner i en s\u00e5dan grop fast den var inte s\u00e5 djup. Och vi tog oss snart upp igen. Kvadraten har fyra h\u00f6rn och lika l\u00e5nga sidor konstaterade grupp efter grupp. Efter utf\u00f6rt uppdrag bj\u00f6ds vi p\u00e5 skogen som rymde m\u00e5nga nya uppt\u00e4ckter och \u00e4ventyr. Bland stenar och v\u00e4xter hittade barnen &#8221;olika rum&#8221; och h\u00e4r fanns gott om plats f\u00f6r alla. Hit m\u00e5ste vi komma igen!<\/p>\n<p>F\u00f6r mer om utmanande undervisning: http:\/\/www.jamesnottingham.co.uk\/learning-pit\/<\/p>\n","protected":false},"excerpt":{"rendered":"<p>Som varje m&aring;ndag gick vi idag till skogen. Denna g&aring;ng en ny skog som min kollega Helena Gerner visade oss. En h&auml;rlig skog var det med m&aring;nga olika typer av tr&auml;d. Knotiga tallar perfekta f&ouml;r kl&auml;ttring blandade sig med ekar,&hellip;<\/p>\n<p class=\"more-link-p\"><a class=\"more-link\" href=\"https:\/\/kulturpedagogik.se\/?p=1189\">Read more &rarr;<\/a><\/p>\n","protected":false},"author":1,"featured_media":0,"comment_status":"open","ping_status":"open","sticky":false,"template":"","format":"standard","meta":{"jetpack_post_was_ever_published":false,"_jetpack_newsletter_access":"","_jetpack_dont_email_post_to_subs":true,"_jetpack_newsletter_tier_id":0,"_jetpack_memberships_contains_paywalled_content":false,"_jetpack_memberships_contains_paid_content":false,"footnotes":"","jetpack_publicize_message":"","jetpack_publicize_feature_enabled":true,"jetpack_social_post_already_shared":false,"jetpack_social_options":{"image_generator_settings":{"template":"highway","default_image_id":0,"font":"","enabled":false},"version":2}},"categories":[1],"tags":[28,16,36,20],"class_list":["post-1189","post","type-post","status-publish","format-standard","hentry","category-ar-1-3","tag-bild","tag-matematik","tag-naturpedagogik","tag-no"],"jetpack_publicize_connections":[],"jetpack_featured_media_url":"","jetpack_sharing_enabled":true,"jetpack_shortlink":"https:\/\/wp.me\/p7YLN2-jb","jetpack-related-posts":[{"id":2755,"url":"https:\/\/kulturpedagogik.se\/?p=2755","url_meta":{"origin":1189,"position":0},"title":"Tema K, kruskr\u00e4ppa, ko, kramkull och kastrullen","author":"Maria B Hurtig","date":"18 oktober, 2017","format":false,"excerpt":"Den h\u00e4r veckan blev det dags f\u00f6r bokstaven K. Efter utematte i m\u00e5ndags plockade vi Kruskr\u00e4ppa. Ni vet den d\u00e4r v\u00e4xten som vi kallade \"kaffe\" n\u00e4r jag var liten. N\u00e4r de sm\u00e5 fr\u00f6na torkar om h\u00f6sten blir de bruna som kaffe. D\u00e5 vi kom in igen fick n\u00e5gra av barnen\u2026","rel":"","context":"I \u201d\u00c5r F-3\u201d","block_context":{"text":"\u00c5r F-3","link":"https:\/\/kulturpedagogik.se\/?cat=1"},"img":{"alt_text":"","src":"https:\/\/i0.wp.com\/media1.kulturpedagogik.se\/2017\/10\/img_6706-2.jpg?fit=1200%2C900&ssl=1&resize=350%2C200","width":350,"height":200,"srcset":"https:\/\/i0.wp.com\/media1.kulturpedagogik.se\/2017\/10\/img_6706-2.jpg?fit=1200%2C900&ssl=1&resize=350%2C200 1x, https:\/\/i0.wp.com\/media1.kulturpedagogik.se\/2017\/10\/img_6706-2.jpg?fit=1200%2C900&ssl=1&resize=525%2C300 1.5x, https:\/\/i0.wp.com\/media1.kulturpedagogik.se\/2017\/10\/img_6706-2.jpg?fit=1200%2C900&ssl=1&resize=700%2C400 2x, https:\/\/i0.wp.com\/media1.kulturpedagogik.se\/2017\/10\/img_6706-2.jpg?fit=1200%2C900&ssl=1&resize=1050%2C600 3x"},"classes":[]},{"id":1446,"url":"https:\/\/kulturpedagogik.se\/?p=1446","url_meta":{"origin":1189,"position":1},"title":"M\u00e4tning, r\u00e4kning och bokst\u00e4ver genom lek","author":"Maria B Hurtig","date":"21 november, 2016","format":false,"excerpt":"Idag, som alla m\u00e5ndagar, hade vi utematte p\u00e5 f\u00f6rmiddagen. D\u00e5 jobbade vi vidare med m\u00e4tning genom en ny lek, och med att gestalta bokst\u00e4ver f\u00f6rst\u00e5s. Efter att ha sjungit v\u00e5r morgons\u00e5ng och h\u00e4lsat fick barnen springa iv\u00e4g och leta upp \"posten\" som jag g\u00f6mt bakom en sten p\u00e5 v\u00e5rt uteklassrum\u2026","rel":"","context":"I \u201d\u00c5r F-3\u201d","block_context":{"text":"\u00c5r F-3","link":"https:\/\/kulturpedagogik.se\/?cat=1"},"img":{"alt_text":"","src":"https:\/\/i0.wp.com\/media1.kulturpedagogik.se\/2016\/11\/img_4907-1.jpg?fit=1200%2C900&ssl=1&resize=350%2C200","width":350,"height":200,"srcset":"https:\/\/i0.wp.com\/media1.kulturpedagogik.se\/2016\/11\/img_4907-1.jpg?fit=1200%2C900&ssl=1&resize=350%2C200 1x, https:\/\/i0.wp.com\/media1.kulturpedagogik.se\/2016\/11\/img_4907-1.jpg?fit=1200%2C900&ssl=1&resize=525%2C300 1.5x, https:\/\/i0.wp.com\/media1.kulturpedagogik.se\/2016\/11\/img_4907-1.jpg?fit=1200%2C900&ssl=1&resize=700%2C400 2x, https:\/\/i0.wp.com\/media1.kulturpedagogik.se\/2016\/11\/img_4907-1.jpg?fit=1200%2C900&ssl=1&resize=1050%2C600 3x"},"classes":[]},{"id":1316,"url":"https:\/\/kulturpedagogik.se\/?p=1316","url_meta":{"origin":1189,"position":2},"title":"Slottsfrukter p\u00e5 &#8221;Svanis&#8221;","author":"Maria B Hurtig","date":"7 november, 2016","format":false,"excerpt":"Idag uppt\u00e4ckte vi ett tr\u00e4d p\u00e5 v\u00e5r skolg\u00e5rd. F\u00f6rst trodde jag att det var ett annorlunda p\u00e4ron men nej, det \u00e4r Kvitten. Ett ovanligt tr\u00e4d som var vanligt i sk\u00e5nska slottstr\u00e4dg\u00e5rdar p\u00e5 1500-talet och i klostertr\u00e4dg\u00e5rdar p\u00e5 medeltiden. Det ska g\u00e5 att koka marmelad p\u00e5 s\u00e5 det m\u00e5ste vi prova.\u2026","rel":"","context":"I \u201d\u00c5r F-3\u201d","block_context":{"text":"\u00c5r F-3","link":"https:\/\/kulturpedagogik.se\/?cat=1"},"img":{"alt_text":"","src":"https:\/\/i0.wp.com\/media1.kulturpedagogik.se\/2016\/11\/img_4772.jpg?resize=350%2C200","width":350,"height":200,"srcset":"https:\/\/i0.wp.com\/media1.kulturpedagogik.se\/2016\/11\/img_4772.jpg?resize=350%2C200 1x, https:\/\/i0.wp.com\/media1.kulturpedagogik.se\/2016\/11\/img_4772.jpg?resize=525%2C300 1.5x, https:\/\/i0.wp.com\/media1.kulturpedagogik.se\/2016\/11\/img_4772.jpg?resize=700%2C400 2x, https:\/\/i0.wp.com\/media1.kulturpedagogik.se\/2016\/11\/img_4772.jpg?resize=1050%2C600 3x, https:\/\/i0.wp.com\/media1.kulturpedagogik.se\/2016\/11\/img_4772.jpg?resize=1400%2C800 4x"},"classes":[]},{"id":2516,"url":"https:\/\/kulturpedagogik.se\/?p=2516","url_meta":{"origin":1189,"position":3},"title":"Tema R, r\u00e4ven, r\u00f6nnb\u00e4r och radkull","author":"Maria B Hurtig","date":"20 september, 2017","format":false,"excerpt":"I veckan har vi sysslat med bokstaven R i \u00e5terkommande aktiviteter. Att repetera och dra sig till minnes vad man l\u00e4rt med j\u00e4mna mellanrum \u00e4r ett bra s\u00e4tt att f\u00f6rankra kunskaperna i l\u00e5ngtidsminnet. I b\u00f6rjan av veckan l\u00e4ste vi en g\u00e5ta om r\u00e4ven. Sedan gick vi ut och plockade b\u00e4r\u2026","rel":"","context":"I \u201d\u00c5r F-3\u201d","block_context":{"text":"\u00c5r F-3","link":"https:\/\/kulturpedagogik.se\/?cat=1"},"img":{"alt_text":"","src":"https:\/\/i0.wp.com\/media1.kulturpedagogik.se\/2017\/09\/img_6465.jpg?resize=350%2C200","width":350,"height":200,"srcset":"https:\/\/i0.wp.com\/media1.kulturpedagogik.se\/2017\/09\/img_6465.jpg?resize=350%2C200 1x, https:\/\/i0.wp.com\/media1.kulturpedagogik.se\/2017\/09\/img_6465.jpg?resize=525%2C300 1.5x, https:\/\/i0.wp.com\/media1.kulturpedagogik.se\/2017\/09\/img_6465.jpg?resize=700%2C400 2x, https:\/\/i0.wp.com\/media1.kulturpedagogik.se\/2017\/09\/img_6465.jpg?resize=1050%2C600 3x, https:\/\/i0.wp.com\/media1.kulturpedagogik.se\/2017\/09\/img_6465.jpg?resize=1400%2C800 4x"},"classes":[]},{"id":1381,"url":"https:\/\/kulturpedagogik.se\/?p=1381","url_meta":{"origin":1189,"position":4},"title":"Hoppa som en hare &#8211; m\u00e4tning och bokstaven H","author":"Maria B Hurtig","date":"14 november, 2016","format":false,"excerpt":"Som alltid p\u00e5 m\u00e5ndagar har vi idag haft Utepedagogik p\u00e5 f\u00f6rmiddagen. Vi var kvar p\u00e5 skolg\u00e5rden d\u00e4r vi har ett uteklassrum \"Gr\u00f6nan\". Vi hade ocks\u00e5 bes\u00f6k av Eva som skriver en uppsats med fokus p\u00e5 Utepedagogik och skolg\u00e5rdar. Morgonen b\u00f6rjade med v\u00e5r morgons\u00e5ng. Efter det gjorde vi en presentation i\u2026","rel":"","context":"I \u201d\u00c5r F-3\u201d","block_context":{"text":"\u00c5r F-3","link":"https:\/\/kulturpedagogik.se\/?cat=1"},"img":{"alt_text":"","src":"https:\/\/i0.wp.com\/media1.kulturpedagogik.se\/2016\/11\/img_4873-1-1.jpg?fit=900%2C1200&ssl=1&resize=350%2C200","width":350,"height":200,"srcset":"https:\/\/i0.wp.com\/media1.kulturpedagogik.se\/2016\/11\/img_4873-1-1.jpg?fit=900%2C1200&ssl=1&resize=350%2C200 1x, https:\/\/i0.wp.com\/media1.kulturpedagogik.se\/2016\/11\/img_4873-1-1.jpg?fit=900%2C1200&ssl=1&resize=525%2C300 1.5x, https:\/\/i0.wp.com\/media1.kulturpedagogik.se\/2016\/11\/img_4873-1-1.jpg?fit=900%2C1200&ssl=1&resize=700%2C400 2x"},"classes":[]},{"id":1243,"url":"https:\/\/kulturpedagogik.se\/?p=1243","url_meta":{"origin":1189,"position":5},"title":"Darra som ett aspl\u00f6v-matte och inklusion i leken","author":"Maria B Hurtig","date":"18 oktober, 2016","format":false,"excerpt":"Denna m\u00e5ndag i skogen med F-klassen var det dags f\u00f6r bokstaven A. Barnen kunde ben\u00e4mna andra tr\u00e4d p\u00e5 A men just Aspen som v\u00e4xte h\u00e4r kunde de inte peka ut. Jag visade p\u00e5 avst\u00e5nd tr\u00e4det vars l\u00f6v darrar i vinden p\u00e5 ett s\u00e4reget s\u00e4tt och som just nu liknar guldpengar\u2026","rel":"","context":"I \u201d\u00c5r F-3\u201d","block_context":{"text":"\u00c5r F-3","link":"https:\/\/kulturpedagogik.se\/?cat=1"},"img":{"alt_text":"","src":"https:\/\/i0.wp.com\/media1.kulturpedagogik.se\/2016\/10\/img_4661.jpg?resize=350%2C200","width":350,"height":200,"srcset":"https:\/\/i0.wp.com\/media1.kulturpedagogik.se\/2016\/10\/img_4661.jpg?resize=350%2C200 1x, https:\/\/i0.wp.com\/media1.kulturpedagogik.se\/2016\/10\/img_4661.jpg?resize=525%2C300 1.5x, https:\/\/i0.wp.com\/media1.kulturpedagogik.se\/2016\/10\/img_4661.jpg?resize=700%2C400 2x, https:\/\/i0.wp.com\/media1.kulturpedagogik.se\/2016\/10\/img_4661.jpg?resize=1050%2C600 3x, https:\/\/i0.wp.com\/media1.kulturpedagogik.se\/2016\/10\/img_4661.jpg?resize=1400%2C800 4x"},"classes":[]}],"_links":{"self":[{"href":"https:\/\/kulturpedagogik.se\/index.php?rest_route=\/wp\/v2\/posts\/1189","targetHints":{"allow":["GET"]}}],"collection":[{"href":"https:\/\/kulturpedagogik.se\/index.php?rest_route=\/wp\/v2\/posts"}],"about":[{"href":"https:\/\/kulturpedagogik.se\/index.php?rest_route=\/wp\/v2\/types\/post"}],"author":[{"embeddable":true,"href":"https:\/\/kulturpedagogik.se\/index.php?rest_route=\/wp\/v2\/users\/1"}],"replies":[{"embeddable":true,"href":"https:\/\/kulturpedagogik.se\/index.php?rest_route=%2Fwp%2Fv2%2Fcomments&post=1189"}],"version-history":[{"count":5,"href":"https:\/\/kulturpedagogik.se\/index.php?rest_route=\/wp\/v2\/posts\/1189\/revisions"}],"predecessor-version":[{"id":1236,"href":"https:\/\/kulturpedagogik.se\/index.php?rest_route=\/wp\/v2\/posts\/1189\/revisions\/1236"}],"wp:attachment":[{"href":"https:\/\/kulturpedagogik.se\/index.php?rest_route=%2Fwp%2Fv2%2Fmedia&parent=1189"}],"wp:term":[{"taxonomy":"category","embeddable":true,"href":"https:\/\/kulturpedagogik.se\/index.php?rest_route=%2Fwp%2Fv2%2Fcategories&post=1189"},{"taxonomy":"post_tag","embeddable":true,"href":"https:\/\/kulturpedagogik.se\/index.php?rest_route=%2Fwp%2Fv2%2Ftags&post=1189"}],"curies":[{"name":"wp","href":"https:\/\/api.w.org\/{rel}","templated":true}]}}