{"id":1492,"date":"2016-11-29T16:56:12","date_gmt":"2016-11-29T16:56:12","guid":{"rendered":"http:\/\/kulturpedagogik.se\/?p=1492"},"modified":"2016-12-03T16:39:00","modified_gmt":"2016-12-03T16:39:00","slug":"s-som-i-sten","status":"publish","type":"post","link":"http:\/\/kulturpedagogik.se\/?p=1492","title":{"rendered":"S som i sten"},"content":{"rendered":"<p><a href=\"https:\/\/i0.wp.com\/media1.kulturpedagogik.se\/2016\/11\/img_4942.jpg\"><img data-recalc-dims=\"1\" loading=\"lazy\" decoding=\"async\" class=\"alignnone size-full wp-image-1487\" src=\"https:\/\/i0.wp.com\/media1.kulturpedagogik.se\/2016\/11\/img_4942.jpg?resize=860%2C1147\" alt=\"\" width=\"860\" height=\"1147\" srcset=\"https:\/\/i0.wp.com\/media1.kulturpedagogik.se\/2016\/11\/img_4942.jpg?w=2448 2448w, https:\/\/i0.wp.com\/media1.kulturpedagogik.se\/2016\/11\/img_4942.jpg?resize=113%2C150 113w, https:\/\/i0.wp.com\/media1.kulturpedagogik.se\/2016\/11\/img_4942.jpg?resize=225%2C300 225w, https:\/\/i0.wp.com\/media1.kulturpedagogik.se\/2016\/11\/img_4942.jpg?resize=768%2C1024 768w, https:\/\/i0.wp.com\/media1.kulturpedagogik.se\/2016\/11\/img_4942.jpg?resize=700%2C933 700w, https:\/\/i0.wp.com\/media1.kulturpedagogik.se\/2016\/11\/img_4942.jpg?resize=800%2C1067 800w, https:\/\/i0.wp.com\/media1.kulturpedagogik.se\/2016\/11\/img_4942.jpg?w=1720 1720w\" sizes=\"auto, (max-width: 860px) 100vw, 860px\" \/><\/a>I m\u00e5ndags hade vi som vanligt lite \u00f6vningar utomhus. Efter att ha sjungit v\u00e5r morgons\u00e5ng och h\u00e4lsat fick barnen springa iv\u00e4g och leta upp \u201dposten\u201d som jag g\u00f6mt i ett tr\u00e4d p\u00e5 v\u00e5rt uteklassrum \u201dGr\u00f6nan\u201d. \u00a0Posten \u00e4r en tygp\u00e5se med dagens uppdrag skrivet p\u00e5 ett kort. Den som hittar p\u00e5sen g\u00f6mmer sig d\u00e4r tills alla barn hittat dit, som i leken sardinburken. Vi l\u00e4ser kortet.<\/p>\n<p>Nu fick vi \u00e5terkomma till leken d\u00e4r vi r\u00e4knar och m\u00e4ter med repstumpar som jag beskrev f\u00f6rra veckan. Barnen gjorde detta med bravur och har nu b\u00f6rjat f\u00f6rst\u00e5 hur vi kan r\u00e4kna samman halva metrar till hela. Denna \u00f6vning kan vi nog \u00e5terkomma till fler g\u00e5nger. Vi har n\u00e4mligen roligt medan vi \u00f6var och p\u00e5 s\u00e5 vis kan vi genom repetition f\u00f6rs\u00e4kra oss om att alla f\u00f6rst\u00e5r.<a href=\"https:\/\/i0.wp.com\/media1.kulturpedagogik.se\/2016\/11\/img_4907-1.jpg\"><img data-recalc-dims=\"1\" loading=\"lazy\" decoding=\"async\" class=\"alignnone size-full wp-image-1447\" src=\"https:\/\/i0.wp.com\/media1.kulturpedagogik.se\/2016\/11\/img_4907-1.jpg?resize=860%2C645\" alt=\"\" width=\"860\" height=\"645\" srcset=\"https:\/\/i0.wp.com\/media1.kulturpedagogik.se\/2016\/11\/img_4907-1.jpg?w=3264 3264w, https:\/\/i0.wp.com\/media1.kulturpedagogik.se\/2016\/11\/img_4907-1.jpg?resize=150%2C113 150w, https:\/\/i0.wp.com\/media1.kulturpedagogik.se\/2016\/11\/img_4907-1.jpg?resize=300%2C225 300w, https:\/\/i0.wp.com\/media1.kulturpedagogik.se\/2016\/11\/img_4907-1.jpg?resize=768%2C576 768w, https:\/\/i0.wp.com\/media1.kulturpedagogik.se\/2016\/11\/img_4907-1.jpg?resize=1365%2C1024 1365w, https:\/\/i0.wp.com\/media1.kulturpedagogik.se\/2016\/11\/img_4907-1.jpg?resize=700%2C525 700w, https:\/\/i0.wp.com\/media1.kulturpedagogik.se\/2016\/11\/img_4907-1.jpg?resize=800%2C600 800w, https:\/\/i0.wp.com\/media1.kulturpedagogik.se\/2016\/11\/img_4907-1.jpg?w=1720 1720w, https:\/\/i0.wp.com\/media1.kulturpedagogik.se\/2016\/11\/img_4907-1.jpg?w=2580 2580w\" sizes=\"auto, (max-width: 860px) 100vw, 860px\" \/><\/a><a href=\"https:\/\/i0.wp.com\/media1.kulturpedagogik.se\/2016\/11\/img_4903-1.jpg\"><img data-recalc-dims=\"1\" loading=\"lazy\" decoding=\"async\" class=\"alignnone size-full wp-image-1442\" src=\"https:\/\/i0.wp.com\/media1.kulturpedagogik.se\/2016\/11\/img_4903-1.jpg?resize=860%2C1147\" alt=\"\" width=\"860\" height=\"1147\" srcset=\"https:\/\/i0.wp.com\/media1.kulturpedagogik.se\/2016\/11\/img_4903-1.jpg?w=2448 2448w, https:\/\/i0.wp.com\/media1.kulturpedagogik.se\/2016\/11\/img_4903-1.jpg?resize=113%2C150 113w, https:\/\/i0.wp.com\/media1.kulturpedagogik.se\/2016\/11\/img_4903-1.jpg?resize=225%2C300 225w, https:\/\/i0.wp.com\/media1.kulturpedagogik.se\/2016\/11\/img_4903-1.jpg?resize=768%2C1024 768w, https:\/\/i0.wp.com\/media1.kulturpedagogik.se\/2016\/11\/img_4903-1.jpg?resize=700%2C933 700w, https:\/\/i0.wp.com\/media1.kulturpedagogik.se\/2016\/11\/img_4903-1.jpg?w=1720 1720w\" sizes=\"auto, (max-width: 860px) 100vw, 860px\" \/><\/a>D\u00e5 vi var klara med m\u00e4tningsleken st\u00e4llde vi upp oss f\u00f6r promenad. Nu skulle vi g\u00e5 till havet f\u00f6r att leta stenar till v\u00e5rt S. Solen sken och alla var glada. Att g\u00e5 p\u00e5 utflykt i verkligheten uppskattar b\u00e5de vi och barnen. Verkligheten rymmer en enorm f\u00f6rm\u00e5ga att t\u00e4nda ig\u00e5ng elevers intresse. Vi tittade l\u00e4nge och pratade om en ekorre som hoppade i en solig ek. I slutet av utflykten diskuterade vi ocks\u00e5 hur en bj\u00f6rk kunnat f\u00e5 en &#8221;midja&#8221; av en tr\u00e5ng kedja. Nu fick barnen t\u00e4nka och komma med f\u00f6rslag. Det \u00e4r roligt att t\u00e4nka tillsammans. <a href=\"https:\/\/i0.wp.com\/media1.kulturpedagogik.se\/2016\/11\/img_4951-1.jpg\"><img data-recalc-dims=\"1\" loading=\"lazy\" decoding=\"async\" class=\"alignnone size-full wp-image-1490\" src=\"https:\/\/i0.wp.com\/media1.kulturpedagogik.se\/2016\/11\/img_4951-1.jpg?resize=860%2C645\" alt=\"\" width=\"860\" height=\"645\" srcset=\"https:\/\/i0.wp.com\/media1.kulturpedagogik.se\/2016\/11\/img_4951-1.jpg?w=3264 3264w, https:\/\/i0.wp.com\/media1.kulturpedagogik.se\/2016\/11\/img_4951-1.jpg?resize=150%2C113 150w, https:\/\/i0.wp.com\/media1.kulturpedagogik.se\/2016\/11\/img_4951-1.jpg?resize=300%2C225 300w, https:\/\/i0.wp.com\/media1.kulturpedagogik.se\/2016\/11\/img_4951-1.jpg?resize=768%2C576 768w, https:\/\/i0.wp.com\/media1.kulturpedagogik.se\/2016\/11\/img_4951-1.jpg?resize=1365%2C1024 1365w, https:\/\/i0.wp.com\/media1.kulturpedagogik.se\/2016\/11\/img_4951-1.jpg?resize=700%2C525 700w, https:\/\/i0.wp.com\/media1.kulturpedagogik.se\/2016\/11\/img_4951-1.jpg?w=1720 1720w, https:\/\/i0.wp.com\/media1.kulturpedagogik.se\/2016\/11\/img_4951-1.jpg?w=2580 2580w\" sizes=\"auto, (max-width: 860px) 100vw, 860px\" \/><\/a>Genom utflykter f\u00e5r barnen ocks\u00e5 chansen att uppt\u00e4cka\u00a0sin n\u00e4rmilj\u00f6, n\u00e5got som \u00e4r ett m\u00e5l i Lgr 11. Och f\u00e5r vi dem att hitta och \u00e4lska guldkornen runtomkring oss i v\u00e5r natur \u00e4r jag ocks\u00e5 s\u00e4ker p\u00e5 att de kommer att v\u00e4rna den i framtiden. Ett omsorg om natur och milj\u00f6 som bygger p\u00e5 k\u00e4rlek snarare \u00e4n r\u00e4dsla.<a href=\"https:\/\/i0.wp.com\/media1.kulturpedagogik.se\/2016\/11\/img_4940.jpg\"><img data-recalc-dims=\"1\" loading=\"lazy\" decoding=\"async\" class=\"alignnone size-full wp-image-1486\" src=\"https:\/\/i0.wp.com\/media1.kulturpedagogik.se\/2016\/11\/img_4940.jpg?resize=860%2C645\" alt=\"\" width=\"860\" height=\"645\" srcset=\"https:\/\/i0.wp.com\/media1.kulturpedagogik.se\/2016\/11\/img_4940.jpg?w=3264 3264w, https:\/\/i0.wp.com\/media1.kulturpedagogik.se\/2016\/11\/img_4940.jpg?resize=150%2C113 150w, https:\/\/i0.wp.com\/media1.kulturpedagogik.se\/2016\/11\/img_4940.jpg?resize=300%2C225 300w, https:\/\/i0.wp.com\/media1.kulturpedagogik.se\/2016\/11\/img_4940.jpg?resize=768%2C576 768w, https:\/\/i0.wp.com\/media1.kulturpedagogik.se\/2016\/11\/img_4940.jpg?resize=1365%2C1024 1365w, https:\/\/i0.wp.com\/media1.kulturpedagogik.se\/2016\/11\/img_4940.jpg?resize=700%2C525 700w, https:\/\/i0.wp.com\/media1.kulturpedagogik.se\/2016\/11\/img_4940.jpg?w=1720 1720w, https:\/\/i0.wp.com\/media1.kulturpedagogik.se\/2016\/11\/img_4940.jpg?w=2580 2580w\" sizes=\"auto, (max-width: 860px) 100vw, 860px\" \/><\/a><a href=\"https:\/\/i0.wp.com\/media1.kulturpedagogik.se\/2016\/11\/img_4945.jpg\"><img data-recalc-dims=\"1\" loading=\"lazy\" decoding=\"async\" class=\"alignnone size-full wp-image-1488\" src=\"https:\/\/i0.wp.com\/media1.kulturpedagogik.se\/2016\/11\/img_4945.jpg?resize=860%2C645\" alt=\"\" width=\"860\" height=\"645\" srcset=\"https:\/\/i0.wp.com\/media1.kulturpedagogik.se\/2016\/11\/img_4945.jpg?w=3264 3264w, https:\/\/i0.wp.com\/media1.kulturpedagogik.se\/2016\/11\/img_4945.jpg?resize=150%2C113 150w, https:\/\/i0.wp.com\/media1.kulturpedagogik.se\/2016\/11\/img_4945.jpg?resize=300%2C225 300w, https:\/\/i0.wp.com\/media1.kulturpedagogik.se\/2016\/11\/img_4945.jpg?resize=768%2C576 768w, https:\/\/i0.wp.com\/media1.kulturpedagogik.se\/2016\/11\/img_4945.jpg?resize=1365%2C1024 1365w, https:\/\/i0.wp.com\/media1.kulturpedagogik.se\/2016\/11\/img_4945.jpg?resize=700%2C525 700w, https:\/\/i0.wp.com\/media1.kulturpedagogik.se\/2016\/11\/img_4945.jpg?w=1720 1720w, https:\/\/i0.wp.com\/media1.kulturpedagogik.se\/2016\/11\/img_4945.jpg?w=2580 2580w\" sizes=\"auto, (max-width: 860px) 100vw, 860px\" \/><\/a><\/p>\n","protected":false},"excerpt":{"rendered":"<p>I m&aring;ndags hade vi som vanligt lite &ouml;vningar utomhus. Efter att ha sjungit v&aring;r morgons&aring;ng och h&auml;lsat fick barnen springa iv&auml;g och leta upp &rdquo;posten&rdquo; som jag g&ouml;mt i ett tr&auml;d p&aring; v&aring;rt uteklassrum &rdquo;Gr&ouml;nan&rdquo;. &nbsp;Posten &auml;r en tygp&aring;se med&hellip;<\/p>\n<p class=\"more-link-p\"><a class=\"more-link\" href=\"http:\/\/kulturpedagogik.se\/?p=1492\">Read more &rarr;<\/a><\/p>\n","protected":false},"author":1,"featured_media":1491,"comment_status":"open","ping_status":"open","sticky":false,"template":"","format":"standard","meta":{"jetpack_post_was_ever_published":false,"_jetpack_newsletter_access":"","_jetpack_dont_email_post_to_subs":true,"_jetpack_newsletter_tier_id":0,"_jetpack_memberships_contains_paywalled_content":false,"_jetpack_memberships_contains_paid_content":false,"footnotes":"","jetpack_publicize_message":"","jetpack_publicize_feature_enabled":true,"jetpack_social_post_already_shared":true,"jetpack_social_options":{"image_generator_settings":{"template":"highway","default_image_id":0,"font":"","enabled":false},"version":2}},"categories":[1],"tags":[28,16,36,20,13],"class_list":["post-1492","post","type-post","status-publish","format-standard","has-post-thumbnail","hentry","category-ar-1-3","tag-bild","tag-matematik","tag-naturpedagogik","tag-no","tag-svenska"],"jetpack_publicize_connections":[],"jetpack_featured_media_url":"https:\/\/i0.wp.com\/media1.kulturpedagogik.se\/2016\/11\/img_4945-1.jpg?fit=3264%2C2448","jetpack_sharing_enabled":true,"jetpack_shortlink":"https:\/\/wp.me\/p7YLN2-o4","jetpack-related-posts":[{"id":1446,"url":"http:\/\/kulturpedagogik.se\/?p=1446","url_meta":{"origin":1492,"position":0},"title":"M\u00e4tning, r\u00e4kning och bokst\u00e4ver genom lek","author":"Maria B Hurtig","date":"21 november, 2016","format":false,"excerpt":"Idag, som alla m\u00e5ndagar, hade vi utematte p\u00e5 f\u00f6rmiddagen. D\u00e5 jobbade vi vidare med m\u00e4tning genom en ny lek, och med att gestalta bokst\u00e4ver f\u00f6rst\u00e5s. Efter att ha sjungit v\u00e5r morgons\u00e5ng och h\u00e4lsat fick barnen springa iv\u00e4g och leta upp \"posten\" som jag g\u00f6mt bakom en sten p\u00e5 v\u00e5rt uteklassrum\u2026","rel":"","context":"I \u201d\u00c5r F-3\u201d","block_context":{"text":"\u00c5r F-3","link":"http:\/\/kulturpedagogik.se\/?cat=1"},"img":{"alt_text":"","src":"https:\/\/i0.wp.com\/media1.kulturpedagogik.se\/2016\/11\/img_4907-1.jpg?fit=1200%2C900&resize=350%2C200","width":350,"height":200,"srcset":"https:\/\/i0.wp.com\/media1.kulturpedagogik.se\/2016\/11\/img_4907-1.jpg?fit=1200%2C900&resize=350%2C200 1x, https:\/\/i0.wp.com\/media1.kulturpedagogik.se\/2016\/11\/img_4907-1.jpg?fit=1200%2C900&resize=525%2C300 1.5x, https:\/\/i0.wp.com\/media1.kulturpedagogik.se\/2016\/11\/img_4907-1.jpg?fit=1200%2C900&resize=700%2C400 2x, https:\/\/i0.wp.com\/media1.kulturpedagogik.se\/2016\/11\/img_4907-1.jpg?fit=1200%2C900&resize=1050%2C600 3x"},"classes":[]},{"id":4910,"url":"http:\/\/kulturpedagogik.se\/?p=4910","url_meta":{"origin":1492,"position":1},"title":"Lek f\u00f6r lugn &#8211; flytta ringen","author":"Maria B Hurtig","date":"30 mars, 2020","format":false,"excerpt":"Jag har tidigare skrivit om olika lekar som kan vara till hj\u00e4lp att skapa ro i f\u00f6rskoleklassen h\u00e4r. Idag hittade jag ett nytt tips som jag iakttog d\u00e5 jag var jag inne hos Viola och Ivana i deras klass en stund just innan lunchen. D\u00e5 fick barnen tillf\u00e4lle att leka\u2026","rel":"","context":"I \u201d\u00c5r F-3\u201d","block_context":{"text":"\u00c5r F-3","link":"http:\/\/kulturpedagogik.se\/?cat=1"},"img":{"alt_text":"","src":"https:\/\/i0.wp.com\/media1.kulturpedagogik.se\/2020\/03\/img_1378.jpg?fit=1200%2C900&resize=350%2C200","width":350,"height":200,"srcset":"https:\/\/i0.wp.com\/media1.kulturpedagogik.se\/2020\/03\/img_1378.jpg?fit=1200%2C900&resize=350%2C200 1x, https:\/\/i0.wp.com\/media1.kulturpedagogik.se\/2020\/03\/img_1378.jpg?fit=1200%2C900&resize=525%2C300 1.5x, https:\/\/i0.wp.com\/media1.kulturpedagogik.se\/2020\/03\/img_1378.jpg?fit=1200%2C900&resize=700%2C400 2x, https:\/\/i0.wp.com\/media1.kulturpedagogik.se\/2020\/03\/img_1378.jpg?fit=1200%2C900&resize=1050%2C600 3x"},"classes":[]},{"id":3925,"url":"http:\/\/kulturpedagogik.se\/?p=3925","url_meta":{"origin":1492,"position":2},"title":"Vi uppskattar centimeter &#8211; i naturen","author":"Maria B Hurtig","date":"6 juni, 2018","format":false,"excerpt":"Skol\u00e5ret lider mot sitt slut och nu \u00e4r det tid att knyta ihop p\u00e5sen. D\u00e4rf\u00f6r tog jag med mig m\u00e5ttband till v\u00e5r lektion i utematte i m\u00e5ndags. Vi har under \u00e5ret jobbat en hel del med meter och halvmeter med hj\u00e4lp av v\u00e5ra rep d\u00e4r vi genom lekar \u00f6vat p\u00e5\u2026","rel":"","context":"I \u201d\u00c5r F-3\u201d","block_context":{"text":"\u00c5r F-3","link":"http:\/\/kulturpedagogik.se\/?cat=1"},"img":{"alt_text":"","src":"https:\/\/i0.wp.com\/media1.kulturpedagogik.se\/2018\/06\/img_7900.jpg?fit=900%2C1200&resize=350%2C200","width":350,"height":200,"srcset":"https:\/\/i0.wp.com\/media1.kulturpedagogik.se\/2018\/06\/img_7900.jpg?fit=900%2C1200&resize=350%2C200 1x, https:\/\/i0.wp.com\/media1.kulturpedagogik.se\/2018\/06\/img_7900.jpg?fit=900%2C1200&resize=525%2C300 1.5x, https:\/\/i0.wp.com\/media1.kulturpedagogik.se\/2018\/06\/img_7900.jpg?fit=900%2C1200&resize=700%2C400 2x"},"classes":[]},{"id":1243,"url":"http:\/\/kulturpedagogik.se\/?p=1243","url_meta":{"origin":1492,"position":3},"title":"Darra som ett aspl\u00f6v-matte och inklusion i leken","author":"Maria B Hurtig","date":"18 oktober, 2016","format":false,"excerpt":"Denna m\u00e5ndag i skogen med F-klassen var det dags f\u00f6r bokstaven A. Barnen kunde ben\u00e4mna andra tr\u00e4d p\u00e5 A men just Aspen som v\u00e4xte h\u00e4r kunde de inte peka ut. Jag visade p\u00e5 avst\u00e5nd tr\u00e4det vars l\u00f6v darrar i vinden p\u00e5 ett s\u00e4reget s\u00e4tt och som just nu liknar guldpengar\u2026","rel":"","context":"I \u201d\u00c5r F-3\u201d","block_context":{"text":"\u00c5r F-3","link":"http:\/\/kulturpedagogik.se\/?cat=1"},"img":{"alt_text":"","src":"https:\/\/i0.wp.com\/media1.kulturpedagogik.se\/2016\/10\/img_4661.jpg?resize=350%2C200","width":350,"height":200,"srcset":"https:\/\/i0.wp.com\/media1.kulturpedagogik.se\/2016\/10\/img_4661.jpg?resize=350%2C200 1x, https:\/\/i0.wp.com\/media1.kulturpedagogik.se\/2016\/10\/img_4661.jpg?resize=525%2C300 1.5x, https:\/\/i0.wp.com\/media1.kulturpedagogik.se\/2016\/10\/img_4661.jpg?resize=700%2C400 2x, https:\/\/i0.wp.com\/media1.kulturpedagogik.se\/2016\/10\/img_4661.jpg?resize=1050%2C600 3x, https:\/\/i0.wp.com\/media1.kulturpedagogik.se\/2016\/10\/img_4661.jpg?resize=1400%2C800 4x"},"classes":[]},{"id":2598,"url":"http:\/\/kulturpedagogik.se\/?p=2598","url_meta":{"origin":1492,"position":4},"title":"Nya v\u00e4gar till gamla insikter","author":"Maria B Hurtig","date":"1 oktober, 2017","format":false,"excerpt":"Vi gjorde nyligen en \u00f6vning i skogen d\u00e5 barnen fick l\u00e4ra sig udda och j\u00e4mna tal som jag skrivit om h\u00e4r. Den d\u00e4r skogs\u00f6vningen brukar vara mycket verkningsfull och de flesta barnen brukar komma ih\u00e5g vad som skiljer udda och j\u00e4mna tal efter att ha tagit del av den. Det\u2026","rel":"","context":"I \u201d\u00c5r F-3\u201d","block_context":{"text":"\u00c5r F-3","link":"http:\/\/kulturpedagogik.se\/?cat=1"},"img":{"alt_text":"","src":"https:\/\/i0.wp.com\/media1.kulturpedagogik.se\/2017\/10\/img_6556.jpg?resize=350%2C200","width":350,"height":200,"srcset":"https:\/\/i0.wp.com\/media1.kulturpedagogik.se\/2017\/10\/img_6556.jpg?resize=350%2C200 1x, https:\/\/i0.wp.com\/media1.kulturpedagogik.se\/2017\/10\/img_6556.jpg?resize=525%2C300 1.5x, https:\/\/i0.wp.com\/media1.kulturpedagogik.se\/2017\/10\/img_6556.jpg?resize=700%2C400 2x, https:\/\/i0.wp.com\/media1.kulturpedagogik.se\/2017\/10\/img_6556.jpg?resize=1050%2C600 3x, https:\/\/i0.wp.com\/media1.kulturpedagogik.se\/2017\/10\/img_6556.jpg?resize=1400%2C800 4x"},"classes":[]},{"id":3699,"url":"http:\/\/kulturpedagogik.se\/?p=3699","url_meta":{"origin":1492,"position":5},"title":"Repetera och leka utomhus","author":"Maria B Hurtig","date":"16 april, 2018","format":false,"excerpt":"M\u00e5ndag och matematik i v\u00e5rt uteklassrum som vanligt. N\u00e4r l\u00e4r barnen sig egentligen och hur kan man fr\u00e5ga sig? \u00a0Det \u00e4r en viktig fr\u00e5ga f\u00f6r David Dideau i boken What IF all you knew about education was wrong? H\u00e4r ifr\u00e5gas\u00e4tter han undervisning som f\u00e5r barnen att l\u00e5tsa\/h\u00e4rma att de l\u00e4r\u2026","rel":"","context":"I \u201d\u00c5r F-3\u201d","block_context":{"text":"\u00c5r F-3","link":"http:\/\/kulturpedagogik.se\/?cat=1"},"img":{"alt_text":"","src":"https:\/\/i0.wp.com\/media1.kulturpedagogik.se\/2018\/04\/img_7639.jpg?fit=900%2C1200&resize=350%2C200","width":350,"height":200,"srcset":"https:\/\/i0.wp.com\/media1.kulturpedagogik.se\/2018\/04\/img_7639.jpg?fit=900%2C1200&resize=350%2C200 1x, https:\/\/i0.wp.com\/media1.kulturpedagogik.se\/2018\/04\/img_7639.jpg?fit=900%2C1200&resize=525%2C300 1.5x, https:\/\/i0.wp.com\/media1.kulturpedagogik.se\/2018\/04\/img_7639.jpg?fit=900%2C1200&resize=700%2C400 2x"},"classes":[]}],"_links":{"self":[{"href":"http:\/\/kulturpedagogik.se\/index.php?rest_route=\/wp\/v2\/posts\/1492","targetHints":{"allow":["GET"]}}],"collection":[{"href":"http:\/\/kulturpedagogik.se\/index.php?rest_route=\/wp\/v2\/posts"}],"about":[{"href":"http:\/\/kulturpedagogik.se\/index.php?rest_route=\/wp\/v2\/types\/post"}],"author":[{"embeddable":true,"href":"http:\/\/kulturpedagogik.se\/index.php?rest_route=\/wp\/v2\/users\/1"}],"replies":[{"embeddable":true,"href":"http:\/\/kulturpedagogik.se\/index.php?rest_route=%2Fwp%2Fv2%2Fcomments&post=1492"}],"version-history":[{"count":1,"href":"http:\/\/kulturpedagogik.se\/index.php?rest_route=\/wp\/v2\/posts\/1492\/revisions"}],"predecessor-version":[{"id":1512,"href":"http:\/\/kulturpedagogik.se\/index.php?rest_route=\/wp\/v2\/posts\/1492\/revisions\/1512"}],"wp:featuredmedia":[{"embeddable":true,"href":"http:\/\/kulturpedagogik.se\/index.php?rest_route=\/wp\/v2\/media\/1491"}],"wp:attachment":[{"href":"http:\/\/kulturpedagogik.se\/index.php?rest_route=%2Fwp%2Fv2%2Fmedia&parent=1492"}],"wp:term":[{"taxonomy":"category","embeddable":true,"href":"http:\/\/kulturpedagogik.se\/index.php?rest_route=%2Fwp%2Fv2%2Fcategories&post=1492"},{"taxonomy":"post_tag","embeddable":true,"href":"http:\/\/kulturpedagogik.se\/index.php?rest_route=%2Fwp%2Fv2%2Ftags&post=1492"}],"curies":[{"name":"wp","href":"https:\/\/api.w.org\/{rel}","templated":true}]}}