{"id":1465,"date":"2016-11-22T15:26:32","date_gmt":"2016-11-22T15:26:32","guid":{"rendered":"http:\/\/kulturpedagogik.se\/?p=1465"},"modified":"2016-12-03T16:43:47","modified_gmt":"2016-12-03T16:43:47","slug":"variera-samlingen","status":"publish","type":"post","link":"http:\/\/kulturpedagogik.se\/?p=1465","title":{"rendered":"Variera samlingen"},"content":{"rendered":"<p><a href=\"https:\/\/i0.wp.com\/media1.kulturpedagogik.se\/2016\/11\/img_4921.jpg\"><img data-recalc-dims=\"1\" loading=\"lazy\" decoding=\"async\" class=\"alignnone size-full wp-image-1464\" src=\"https:\/\/i0.wp.com\/media1.kulturpedagogik.se\/2016\/11\/img_4921.jpg?resize=860%2C645\" alt=\"\" width=\"860\" height=\"645\" srcset=\"https:\/\/i0.wp.com\/media1.kulturpedagogik.se\/2016\/11\/img_4921.jpg?w=3264 3264w, https:\/\/i0.wp.com\/media1.kulturpedagogik.se\/2016\/11\/img_4921.jpg?resize=150%2C113 150w, https:\/\/i0.wp.com\/media1.kulturpedagogik.se\/2016\/11\/img_4921.jpg?resize=300%2C225 300w, https:\/\/i0.wp.com\/media1.kulturpedagogik.se\/2016\/11\/img_4921.jpg?resize=768%2C576 768w, https:\/\/i0.wp.com\/media1.kulturpedagogik.se\/2016\/11\/img_4921.jpg?resize=1365%2C1024 1365w, https:\/\/i0.wp.com\/media1.kulturpedagogik.se\/2016\/11\/img_4921.jpg?resize=700%2C525 700w, https:\/\/i0.wp.com\/media1.kulturpedagogik.se\/2016\/11\/img_4921.jpg?w=1720 1720w, https:\/\/i0.wp.com\/media1.kulturpedagogik.se\/2016\/11\/img_4921.jpg?w=2580 2580w\" sizes=\"auto, (max-width: 860px) 100vw, 860px\" \/><\/a>Idag varierade jag samlingen med hj\u00e4lp av de plastade kort med barnens namn som jag skrev om i f\u00f6rra veckan. Idag fick barnen en fr\u00e5ga att st\u00e4lla till kamraten bakom sig. Hur m\u00e5nga syskon har du? Sedan skulle de leta upp kamratens namnkort och placera det i &#8221;r\u00e4tt&#8221; kolumn. \u00c4ven Husni, fr\u00e5n Somalia och Mona fr\u00e5n Egypten som var p\u00e5 bes\u00f6k hos oss idag fick svara p\u00e5 fr\u00e5gan. Och han hade 9 syskon, medan hon inte hade n\u00e5gra. N\u00e4r alla hade gjort diskuterade vi diagrammet och anv\u00e4nde begreppen fler \u00e4n och f\u00e4rre \u00e4n. Vi r\u00e4knade ocks\u00e5 hur m\u00e5nga vi var och vem som fattades. P\u00e5 det h\u00e4r viset f\u00e5r barnen:<\/p>\n<ul>\n<li>tr\u00e4na p\u00e5 att l\u00e4sa varandras namn,<\/li>\n<li>l\u00e4ra k\u00e4nna varandra,<\/li>\n<li>tr\u00e4na matematiska begrepp samt<\/li>\n<li>bekanta sig med stapeldiagram.<\/li>\n<\/ul>\n<p>Att anv\u00e4nda matematiska begrepp kopplat till praktiska \u00f6vningar betonas av Gudrun Malmer i <i>Bra matematik f\u00f6r alla <\/i>(Studentlitteratur 2010) s\u00e5v\u00e4l som av Margaretha Forsb\u00e4ck och Ingrid Olsson i <i>Utematte f\u00f6r meningsfullt l\u00e4rande<\/i> (Mattemediamix, 2006).<a href=\"https:\/\/i0.wp.com\/media1.kulturpedagogik.se\/2016\/11\/img_4922.jpg\"><img data-recalc-dims=\"1\" loading=\"lazy\" decoding=\"async\" class=\"alignnone size-full wp-image-1466\" src=\"https:\/\/i0.wp.com\/media1.kulturpedagogik.se\/2016\/11\/img_4922.jpg?resize=860%2C645\" alt=\"\" width=\"860\" height=\"645\" srcset=\"https:\/\/i0.wp.com\/media1.kulturpedagogik.se\/2016\/11\/img_4922.jpg?w=3264 3264w, https:\/\/i0.wp.com\/media1.kulturpedagogik.se\/2016\/11\/img_4922.jpg?resize=150%2C113 150w, https:\/\/i0.wp.com\/media1.kulturpedagogik.se\/2016\/11\/img_4922.jpg?resize=300%2C225 300w, https:\/\/i0.wp.com\/media1.kulturpedagogik.se\/2016\/11\/img_4922.jpg?resize=768%2C576 768w, https:\/\/i0.wp.com\/media1.kulturpedagogik.se\/2016\/11\/img_4922.jpg?resize=1365%2C1024 1365w, https:\/\/i0.wp.com\/media1.kulturpedagogik.se\/2016\/11\/img_4922.jpg?resize=700%2C525 700w, https:\/\/i0.wp.com\/media1.kulturpedagogik.se\/2016\/11\/img_4922.jpg?w=1720 1720w, https:\/\/i0.wp.com\/media1.kulturpedagogik.se\/2016\/11\/img_4922.jpg?w=2580 2580w\" sizes=\"auto, (max-width: 860px) 100vw, 860px\" \/><\/a><\/p>\n","protected":false},"excerpt":{"rendered":"<p>Idag varierade jag samlingen med hj&auml;lp av de plastade kort med barnens namn som jag skrev om i f&ouml;rra veckan. Idag fick barnen en fr&aring;ga att st&auml;lla till kamraten bakom sig. Hur m&aring;nga syskon har du? Sedan skulle de leta&hellip;<\/p>\n<p class=\"more-link-p\"><a class=\"more-link\" href=\"http:\/\/kulturpedagogik.se\/?p=1465\">Read more &rarr;<\/a><\/p>\n","protected":false},"author":1,"featured_media":1468,"comment_status":"open","ping_status":"open","sticky":false,"template":"","format":"standard","meta":{"jetpack_post_was_ever_published":false,"_jetpack_newsletter_access":"","_jetpack_dont_email_post_to_subs":true,"_jetpack_newsletter_tier_id":0,"_jetpack_memberships_contains_paywalled_content":false,"_jetpack_memberships_contains_paid_content":false,"footnotes":"","jetpack_publicize_message":"","jetpack_publicize_feature_enabled":true,"jetpack_social_post_already_shared":true,"jetpack_social_options":{"image_generator_settings":{"template":"highway","default_image_id":0,"font":"","enabled":false},"version":2}},"categories":[1],"tags":[28,39,16,13],"class_list":["post-1465","post","type-post","status-publish","format-standard","has-post-thumbnail","hentry","category-ar-1-3","tag-bild","tag-inkluderande","tag-matematik","tag-svenska"],"jetpack_publicize_connections":[],"jetpack_featured_media_url":"https:\/\/i0.wp.com\/media1.kulturpedagogik.se\/2016\/11\/img_4921-1.jpg?fit=3264%2C2448","jetpack_sharing_enabled":true,"jetpack_shortlink":"https:\/\/wp.me\/p7YLN2-nD","jetpack-related-posts":[{"id":1656,"url":"http:\/\/kulturpedagogik.se\/?p=1656","url_meta":{"origin":1465,"position":0},"title":"Br\u00e5k i F-klassen","author":"Maria B Hurtig","date":"18 januari, 2017","format":false,"excerpt":"Jag har tidigare skrivit om hur vi varierar samlingen med hj\u00e4lp av cirkeldiagram h\u00e4r. S\u00e5 kontrollerar vi n\u00e4rvaron om mornarna genom att alla barn f\u00e5r placera in en t\u00e5rtbit i diagrammet. P\u00e5 detta s\u00e4tt f\u00e5r de tr\u00e4na p\u00e5 att l\u00e4sa varandras namn och bekanta sig med diagram samt diskutera kring\u2026","rel":"","context":"I \u201d\u00c5r F-3\u201d","block_context":{"text":"\u00c5r F-3","link":"http:\/\/kulturpedagogik.se\/?cat=1"},"img":{"alt_text":"","src":"https:\/\/i0.wp.com\/media1.kulturpedagogik.se\/2017\/01\/img_5193.jpg?fit=1200%2C900&resize=350%2C200","width":350,"height":200,"srcset":"https:\/\/i0.wp.com\/media1.kulturpedagogik.se\/2017\/01\/img_5193.jpg?fit=1200%2C900&resize=350%2C200 1x, https:\/\/i0.wp.com\/media1.kulturpedagogik.se\/2017\/01\/img_5193.jpg?fit=1200%2C900&resize=525%2C300 1.5x, https:\/\/i0.wp.com\/media1.kulturpedagogik.se\/2017\/01\/img_5193.jpg?fit=1200%2C900&resize=700%2C400 2x, https:\/\/i0.wp.com\/media1.kulturpedagogik.se\/2017\/01\/img_5193.jpg?fit=1200%2C900&resize=1050%2C600 3x"},"classes":[]},{"id":1627,"url":"http:\/\/kulturpedagogik.se\/?p=1627","url_meta":{"origin":1465,"position":1},"title":"Variera samlingen &#8211; cirkeldiagram\u00a0","author":"Maria B Hurtig","date":"11 januari, 2017","format":false,"excerpt":"Idag hade jag f\u00f6rsta samlingen efter lovet. F\u00f6r detta tillf\u00e4lle tillverkade jag h\u00e4rom dagen ett cirkeldiagram med alla barnens namn. Lika m\u00e5nga bitar som vi \u00e4r i klassen allts\u00e5. Idag fick barnen s\u00e4tta upp biten f\u00f6r kamraten bakom dem i ledet. P\u00e5 detta vis tr\u00e4nar de p\u00e5 att l\u00e4sa varandras\u2026","rel":"","context":"I \u201d\u00c5r F-3\u201d","block_context":{"text":"\u00c5r F-3","link":"http:\/\/kulturpedagogik.se\/?cat=1"},"img":{"alt_text":"","src":"https:\/\/i0.wp.com\/media1.kulturpedagogik.se\/2017\/01\/img_5156.jpg?fit=1200%2C900&resize=350%2C200","width":350,"height":200,"srcset":"https:\/\/i0.wp.com\/media1.kulturpedagogik.se\/2017\/01\/img_5156.jpg?fit=1200%2C900&resize=350%2C200 1x, https:\/\/i0.wp.com\/media1.kulturpedagogik.se\/2017\/01\/img_5156.jpg?fit=1200%2C900&resize=525%2C300 1.5x, https:\/\/i0.wp.com\/media1.kulturpedagogik.se\/2017\/01\/img_5156.jpg?fit=1200%2C900&resize=700%2C400 2x, https:\/\/i0.wp.com\/media1.kulturpedagogik.se\/2017\/01\/img_5156.jpg?fit=1200%2C900&resize=1050%2C600 3x"},"classes":[]},{"id":1947,"url":"http:\/\/kulturpedagogik.se\/?p=1947","url_meta":{"origin":1465,"position":2},"title":"Vi r\u00e4knar med 10-tal","author":"Maria B Hurtig","date":"20 mars, 2017","format":false,"excerpt":"Jag har tidigare skrivit om hur barnen l\u00e4rt sig l\u00e4sa varandras namn och r\u00e4kna med hj\u00e4lp av namnkort som \"plockisar\" p\u00e5 tavlan h\u00e4r\u00a0och h\u00e4r.\u00a0Ofta har vi fr\u00e5gat varandra olika fr\u00e5gor och anv\u00e4nt korten f\u00f6r att g\u00f6ra stapeldiagram. Vi brukar ocks\u00e5 r\u00e4kna hur m\u00e5nga som fattas och hur m\u00e5nga som \u00e4r\u2026","rel":"","context":"I \u201d\u00c5r F-3\u201d","block_context":{"text":"\u00c5r F-3","link":"http:\/\/kulturpedagogik.se\/?cat=1"},"img":{"alt_text":"","src":"https:\/\/i0.wp.com\/media1.kulturpedagogik.se\/2017\/09\/copypasteimage-1.jpg?fit=700%2C525&resize=350%2C200","width":350,"height":200,"srcset":"https:\/\/i0.wp.com\/media1.kulturpedagogik.se\/2017\/09\/copypasteimage-1.jpg?fit=700%2C525&resize=350%2C200 1x, https:\/\/i0.wp.com\/media1.kulturpedagogik.se\/2017\/09\/copypasteimage-1.jpg?fit=700%2C525&resize=525%2C300 1.5x, https:\/\/i0.wp.com\/media1.kulturpedagogik.se\/2017\/09\/copypasteimage-1.jpg?fit=700%2C525&resize=700%2C400 2x"},"classes":[]},{"id":1485,"url":"http:\/\/kulturpedagogik.se\/?p=1485","url_meta":{"origin":1465,"position":3},"title":"Hur gammal \u00e4r du?","author":"Maria B Hurtig","date":"29 november, 2016","format":false,"excerpt":"Idag hade vi bara en kort stund att samlas i skolan innan vi skulle iv\u00e4g till simhallen. Jag fr\u00e5gade barnen vad de tyckte vi skulle ha f\u00f6r n\u00e5gon \u00f6vning d\u00e5 vi gick in i klassrummet. De \u00f6nskade att f\u00e5 anv\u00e4nda v\u00e5ra kort och fr\u00e5ga varandra n\u00e5got igen. Sagt och gjort.\u2026","rel":"","context":"I \u201d\u00c5r F-3\u201d","block_context":{"text":"\u00c5r F-3","link":"http:\/\/kulturpedagogik.se\/?cat=1"},"img":{"alt_text":"","src":"https:\/\/i0.wp.com\/media1.kulturpedagogik.se\/2016\/11\/img_4961.jpg?resize=350%2C200","width":350,"height":200,"srcset":"https:\/\/i0.wp.com\/media1.kulturpedagogik.se\/2016\/11\/img_4961.jpg?resize=350%2C200 1x, https:\/\/i0.wp.com\/media1.kulturpedagogik.se\/2016\/11\/img_4961.jpg?resize=525%2C300 1.5x, https:\/\/i0.wp.com\/media1.kulturpedagogik.se\/2016\/11\/img_4961.jpg?resize=700%2C400 2x, https:\/\/i0.wp.com\/media1.kulturpedagogik.se\/2016\/11\/img_4961.jpg?resize=1050%2C600 3x, https:\/\/i0.wp.com\/media1.kulturpedagogik.se\/2016\/11\/img_4961.jpg?resize=1400%2C800 4x"},"classes":[]},{"id":4555,"url":"http:\/\/kulturpedagogik.se\/?p=4555","url_meta":{"origin":1465,"position":4},"title":"Ist\u00e4llet f\u00f6r tuggummi","author":"Maria B Hurtig","date":"10 september, 2019","format":false,"excerpt":"N\u00e4r jag var liten l\u00e4rde jag mig mycket matte av att k\u00f6pa l\u00f6rdagsgodis och att handla mj\u00f6lk till mamma. Att det gick hundra ett\u00f6res \"hartollar\" eller tio tio\u00f6res Bugg p\u00e5 en krona visste jag redan innan jag b\u00f6rjade skolan. Eller att man fick fyra kronor tillbaka p\u00e5 en tia om\u2026","rel":"","context":"I \u201d\u00c5r F-3\u201d","block_context":{"text":"\u00c5r F-3","link":"http:\/\/kulturpedagogik.se\/?cat=1"},"img":{"alt_text":"","src":"https:\/\/i0.wp.com\/media1.kulturpedagogik.se\/2019\/09\/img_0726.jpg?fit=1200%2C861&resize=350%2C200","width":350,"height":200,"srcset":"https:\/\/i0.wp.com\/media1.kulturpedagogik.se\/2019\/09\/img_0726.jpg?fit=1200%2C861&resize=350%2C200 1x, https:\/\/i0.wp.com\/media1.kulturpedagogik.se\/2019\/09\/img_0726.jpg?fit=1200%2C861&resize=525%2C300 1.5x, https:\/\/i0.wp.com\/media1.kulturpedagogik.se\/2019\/09\/img_0726.jpg?fit=1200%2C861&resize=700%2C400 2x, https:\/\/i0.wp.com\/media1.kulturpedagogik.se\/2019\/09\/img_0726.jpg?fit=1200%2C861&resize=1050%2C600 3x"},"classes":[]},{"id":2648,"url":"http:\/\/kulturpedagogik.se\/?p=2648","url_meta":{"origin":1465,"position":5},"title":"Min familj med ASL och antal","author":"Maria B Hurtig","date":"5 oktober, 2017","format":false,"excerpt":"Vi har b\u00f6rjat skriva oss till l\u00e4sning p\u00e5 iPad som jag skrivit om bl. a. h\u00e4r. Idag skrev vi om v\u00e5ra familjer. Men innan vi b\u00f6rjade fick barnen fr\u00e5ga varandra hur m\u00e5nga de var i sina familjer och s\u00e4tta kamratens namn vid r\u00e4tt siffra i diagrammet som jag ritat upp\u2026","rel":"","context":"I \u201d\u00c5r F-3\u201d","block_context":{"text":"\u00c5r F-3","link":"http:\/\/kulturpedagogik.se\/?cat=1"},"img":{"alt_text":"","src":"https:\/\/i0.wp.com\/media1.kulturpedagogik.se\/2017\/10\/img_6615.jpg?fit=900%2C1200&resize=350%2C200","width":350,"height":200,"srcset":"https:\/\/i0.wp.com\/media1.kulturpedagogik.se\/2017\/10\/img_6615.jpg?fit=900%2C1200&resize=350%2C200 1x, https:\/\/i0.wp.com\/media1.kulturpedagogik.se\/2017\/10\/img_6615.jpg?fit=900%2C1200&resize=525%2C300 1.5x, https:\/\/i0.wp.com\/media1.kulturpedagogik.se\/2017\/10\/img_6615.jpg?fit=900%2C1200&resize=700%2C400 2x"},"classes":[]}],"_links":{"self":[{"href":"http:\/\/kulturpedagogik.se\/index.php?rest_route=\/wp\/v2\/posts\/1465","targetHints":{"allow":["GET"]}}],"collection":[{"href":"http:\/\/kulturpedagogik.se\/index.php?rest_route=\/wp\/v2\/posts"}],"about":[{"href":"http:\/\/kulturpedagogik.se\/index.php?rest_route=\/wp\/v2\/types\/post"}],"author":[{"embeddable":true,"href":"http:\/\/kulturpedagogik.se\/index.php?rest_route=\/wp\/v2\/users\/1"}],"replies":[{"embeddable":true,"href":"http:\/\/kulturpedagogik.se\/index.php?rest_route=%2Fwp%2Fv2%2Fcomments&post=1465"}],"version-history":[{"count":2,"href":"http:\/\/kulturpedagogik.se\/index.php?rest_route=\/wp\/v2\/posts\/1465\/revisions"}],"predecessor-version":[{"id":1515,"href":"http:\/\/kulturpedagogik.se\/index.php?rest_route=\/wp\/v2\/posts\/1465\/revisions\/1515"}],"wp:featuredmedia":[{"embeddable":true,"href":"http:\/\/kulturpedagogik.se\/index.php?rest_route=\/wp\/v2\/media\/1468"}],"wp:attachment":[{"href":"http:\/\/kulturpedagogik.se\/index.php?rest_route=%2Fwp%2Fv2%2Fmedia&parent=1465"}],"wp:term":[{"taxonomy":"category","embeddable":true,"href":"http:\/\/kulturpedagogik.se\/index.php?rest_route=%2Fwp%2Fv2%2Fcategories&post=1465"},{"taxonomy":"post_tag","embeddable":true,"href":"http:\/\/kulturpedagogik.se\/index.php?rest_route=%2Fwp%2Fv2%2Ftags&post=1465"}],"curies":[{"name":"wp","href":"https:\/\/api.w.org\/{rel}","templated":true}]}}